{"id":8942,"date":"2021-09-15T07:51:29","date_gmt":"2021-09-15T10:51:29","guid":{"rendered":"https:\/\/www.mpal.mp.br\/?p=8942"},"modified":"2022-06-13T07:51:42","modified_gmt":"2022-06-13T10:51:42","slug":"pgj-marcio-roberto-visita-obras-das-futuras-instalacoes-do-mpal-em-palmeira-dos-indios","status":"publish","type":"post","link":"https:\/\/www.mpal.mp.br\/?p=8942","title":{"rendered":"PGJ M\u00e1rcio Roberto visita obras das futuras instala\u00e7\u00f5es do MPAL em Palmeira dos \u00cdndios"},"content":{"rendered":"<p style=\"text-align: justify;\" align=\"justify\" data-raofz=\"14\"><span style=\"font-size: 14pt;\" data-raofz=\"13\">O procurador-geral de Justi\u00e7a, M\u00e1rcio Roberto Ten\u00f3rio de Albuquerque, visitou, nesta quarta-feira (15), as obras de constru\u00e7\u00e3o da futura sede das promotorias de Justi\u00e7a de Palmeira dos \u00cdndios. No local, o chefe do Minist\u00e9rio P\u00fablico do Estado de Alagoas (MPAL) foi informado que os servi\u00e7os est\u00e3o na etapa final de funda\u00e7\u00e3o que, ap\u00f3s conclu\u00edda, dar\u00e1 lugar a edifica\u00e7\u00e3o do novo pr\u00e9dio, or\u00e7ado em R$ 2,8 milh\u00f5es.<\/span><\/p>\n<p style=\"text-align: justify;\" align=\"justify\" data-raofz=\"14\"><span style=\"font-size: 14pt;\" data-raofz=\"13\">M\u00e1rcio Roberto Ten\u00f3rio de Albuquerque esteve acompanhando do diretor-geral do Minist\u00e9rio P\u00fablico, Carlos Eduardo \u00c1vila, do engenheiro Jo\u00e3o Elias e do arquiteto Miguel Vaz, ambos do MPAL. Na ocasi\u00e3o, eles receberam informa\u00e7\u00f5es da empresa respons\u00e1vel pelos servi\u00e7os sobre o andamento das obras, previstas para conclus\u00e3o no ano que vem. \u201cA fase \u00e9 de finaliza\u00e7\u00e3o da funda\u00e7\u00e3o, que servir\u00e1 de base para que o pr\u00e9dio possa ser constru\u00eddo. Ap\u00f3s isso, come\u00e7aremos a ver o im\u00f3vel ser edificado. At\u00e9 abril de 2022 entregaremos as novas promotorias de Justi\u00e7a para membros e servidores que aqui trabalham e, claro, para a popula\u00e7\u00e3o palmeirense, principal destinat\u00e1ria do nosso trabalho\u201d, disse ele.<\/span><\/p>\n<p style=\"text-align: justify;\" data-raofz=\"14\"><span style=\"font-size: 14pt;\" data-raofz=\"13\">O contrato para a constru\u00e7\u00e3o das futuras instala\u00e7\u00f5es do MPAL em Palmeira dos \u00cdndios, que recebeu um termo aditivo nesta quarta-feira, foi assinado no final do ano passado e prev\u00ea um investimento no valor de R$ 2,8 milh\u00f5es. \u201cSer\u00e1 um pr\u00e9dio capaz de oferecer aos moradores da cidade um atendimento com mais conforto e comodidade, sem d\u00favida alguma. Ser\u00e1 l\u00e1, pelas portas que vamos construir, que as pessoas v\u00e3o entrar com seus problemas e sair\u00e3o, ou com eles j\u00e1 resolvidos, ou com a certeza de que a institui\u00e7\u00e3o n\u00e3o os abandonar\u00e1 at\u00e9 a solu\u00e7\u00e3o de suas demandas\u201d, garantiu o procurador-geral de Justi\u00e7a.<\/span><\/p>\n<p style=\"text-align: justify;\" data-raofz=\"14\"><span style=\"font-size: 14pt;\" data-raofz=\"13\">O terreno onde est\u00e1 sendo constru\u00eddo o im\u00f3vel foi doado pela Prefeitura de Palmeira dos \u00cdndios.<\/span><\/p>\n<p style=\"text-align: justify;\" data-raofz=\"14\"><span style=\"font-size: 14pt;\" data-raofz=\"13\"><b><strong>Como ser\u00e1 a nova sede<\/strong><\/b><\/span><\/p>\n<p style=\"text-align: justify;\" data-raofz=\"14\"><span style=\"font-size: 14pt;\" data-raofz=\"13\">O pr\u00e9dio vai contar com uma \u00e1rea constru\u00edda de aproximadamente mil metros quadrados, contendo v\u00e1rios ambientes, a exemplo das seis Promotorias de Justi\u00e7a, j\u00e1 com assessoria integrada, uma sala de audi\u00eancia, seis banheiros, sendo dois deles adaptados para cadeirantes, uma copa cozinha, uma \u00e1rea de servi\u00e7o, um centro de processamento de dados \u2013 CPD, uma recep\u00e7\u00e3o e 11 vagas de estacionamento cobertas, com guarita.<\/span><\/p>\n<p style=\"text-align: justify;\" data-raofz=\"14\"><span style=\"font-size: 14pt;\" data-raofz=\"13\"><strong>Boca da Mata<\/strong><\/span><\/p>\n<p style=\"text-align: justify;\" data-raofz=\"14\"><span style=\"font-size: 14pt;\" data-raofz=\"13\">O chefe do Minist\u00e9rio P\u00fablico tamb\u00e9m visitou a atual sede do MPAL em Boca da Mata. O local passar\u00e1 por obras de reparo j\u00e1 nos pr\u00f3ximos dias. \u201cFaremos a manuten\u00e7\u00e3o geral do pr\u00e9dio, com a recupera\u00e7\u00e3o de algumas \u00e1reas, pintura geral, substitui\u00e7\u00e3o total do forro e telhado e manuten\u00e7\u00e3o da cisterna e das redes el\u00e9trica e hidr\u00e1ulica\u201d, detalhou M\u00e1rcio Roberto Ten\u00f3rio de Albuquerque.<\/span><\/p>\n","protected":false},"excerpt":{"rendered":"<p> [&hellip;]<\/p>\n","protected":false},"author":1,"featured_media":8943,"comment_status":"open","ping_status":"open","sticky":false,"template":"","format":"standard","meta":{"om_disable_all_campaigns":false,"_monsterinsights_skip_tracking":false,"_monsterinsights_sitenote_active":false,"_monsterinsights_sitenote_note":"","_monsterinsights_sitenote_category":0,"_uf_show_specific_survey":0,"_uf_disable_surveys":false,"footnotes":""},"categories":[2],"tags":[],"class_list":["post-8942","post","type-post","status-publish","format-standard","has-post-thumbnail","hentry","category-not_mpal"],"aioseo_notices":[],"_links":{"self":[{"href":"https:\/\/www.mpal.mp.br\/index.php?rest_route=\/wp\/v2\/posts\/8942","targetHints":{"allow":["GET"]}}],"collection":[{"href":"https:\/\/www.mpal.mp.br\/index.php?rest_route=\/wp\/v2\/posts"}],"about":[{"href":"https:\/\/www.mpal.mp.br\/index.php?rest_route=\/wp\/v2\/types\/post"}],"author":[{"embeddable":true,"href":"https:\/\/www.mpal.mp.br\/index.php?rest_route=\/wp\/v2\/users\/1"}],"replies":[{"embeddable":true,"href":"https:\/\/www.mpal.mp.br\/index.php?rest_route=%2Fwp%2Fv2%2Fcomments&post=8942"}],"version-history":[{"count":1,"href":"https:\/\/www.mpal.mp.br\/index.php?rest_route=\/wp\/v2\/posts\/8942\/revisions"}],"predecessor-version":[{"id":8944,"href":"https:\/\/www.mpal.mp.br\/index.php?rest_route=\/wp\/v2\/posts\/8942\/revisions\/8944"}],"wp:featuredmedia":[{"embeddable":true,"href":"https:\/\/www.mpal.mp.br\/index.php?rest_route=\/wp\/v2\/media\/8943"}],"wp:attachment":[{"href":"https:\/\/www.mpal.mp.br\/index.php?rest_route=%2Fwp%2Fv2%2Fmedia&parent=8942"}],"wp:term":[{"taxonomy":"category","embeddable":true,"href":"https:\/\/www.mpal.mp.br\/index.php?rest_route=%2Fwp%2Fv2%2Fcategories&post=8942"},{"taxonomy":"post_tag","embeddable":true,"href":"https:\/\/www.mpal.mp.br\/index.php?rest_route=%2Fwp%2Fv2%2Ftags&post=8942"}],"curies":[{"name":"wp","href":"https:\/\/api.w.org\/{rel}","templated":true}]}}