{"id":8936,"date":"2021-09-21T07:47:05","date_gmt":"2021-09-21T10:47:05","guid":{"rendered":"https:\/\/www.mpal.mp.br\/?p=8936"},"modified":"2022-06-13T07:47:22","modified_gmt":"2022-06-13T10:47:22","slug":"ministerio-publico-recomenda-a-camara-municipal-apreciacao-imediata-da-ldo","status":"publish","type":"post","link":"https:\/\/www.mpal.mp.br\/?p=8936","title":{"rendered":"Minist\u00e9rio P\u00fablico recomenda \u00e0 C\u00e2mara Municipal aprecia\u00e7\u00e3o imediata da LDO"},"content":{"rendered":"<p style=\"text-align: justify;\" align=\"justify\" data-raofz=\"14\"><span style=\"font-size: 14pt;\" data-raofz=\"13\">O Minist\u00e9rio P\u00fablico do Estado de Alagoas recomendou, nessa segunda-feira (20), \u00e0 presid\u00eancia da C\u00e2mara Municipal de Macei\u00f3, que adote imediatamente medidas a fim de que a Lei de Diretrizes Or\u00e7ament\u00e1rias (LDO) seja apreciada, uma vez que ela \u00e9 a norma legal que antecede a constru\u00e7\u00e3o do or\u00e7amento geral para o exerc\u00edcio 2022. O referido projeto est\u00e1 parado naquele Legislativo desde maio deste ano. Caso o parlamento ignore a orienta\u00e7\u00e3o do MPAL, uma a\u00e7\u00e3o ser\u00e1 ajuizada, obrigando os vereadores a analisarem e votarem a LDO.<\/span><\/p>\n<p style=\"text-align: justify;\" align=\"justify\" data-raofz=\"14\"><span style=\"font-size: 14pt;\" data-raofz=\"13\">A Recomenda\u00e7\u00e3o n\u00ba 06\/2021 foi expedida pela 15\u00aa Promotoria de Justi\u00e7a da capital, cuja titularidade \u00e9 da promotora Fernanda Moreira. \u201cA Mensagem n\u00ba 54\/21, onde consta a LDO, foi publicada no di\u00e1rio oficial no dia 17 de maio \u00faltimo, tendo chegado \u00e0 C\u00e2mara Municipal logo em seguida. Ou seja, j\u00e1 s\u00e3o quatro meses com o projeto parado, e isso imp\u00f5e dificuldades \u00e0 prefeitura para que ela possa elaborar a Lei Or\u00e7ament\u00e1ria Anual (LOA), pe\u00e7a importante que traz o planejamento\u00a0de\u00a0quanto e onde gastar o dinheiro p\u00fablico no per\u00edodo de um ano\u201d,\u00a0explicou a promotora.<\/span><\/p>\n<p style=\"text-align: justify;\" align=\"justify\" data-raofz=\"14\"><span style=\"font-size: 14pt;\" data-raofz=\"13\">\u201cVale lembrar que \u00e9 a LDO\u00a0que\u00a0define as prioridades que\u00a0v\u00e3o\u00a0nortear a Lei Or\u00e7ament\u00e1ria\u00a0Anual\u00a0e que, constitucionalmente, ela deve ser apresentada e votada no in\u00edcio do ano, enquanto\u00a0a LOA, no segundo semestre.\u00a0E isso ocorre porque o planejamento deve ser feito com anteced\u00eancia,\u00a0no entanto, com essa demora\u00a0da aprecia\u00e7\u00e3o por parte da C\u00e2mara, o or\u00e7amento do munic\u00edpio de Macei\u00f3 acaba sendo prejudicado\u201d,\u00a0frisou Fernanda Moreira.<\/span><\/p>\n<p style=\"text-align: justify;\" align=\"justify\" data-raofz=\"14\"><span style=\"font-size: 14pt;\"><strong>Aus\u00eancia de motiva\u00e7\u00e3o<\/strong><\/span><\/p>\n<p style=\"text-align: justify;\" align=\"justify\" data-raofz=\"14\"><span style=\"font-size: 14pt;\" data-raofz=\"13\">Como o Legislativo j\u00e1 promoveu a audi\u00eancia p\u00fablica, uma exig\u00eancia legal para a an\u00e1lise da LDO,\u00a0a\u00a015\u00aa Promotoria de Justi\u00e7a da capital\u00a0v\u00ea \u201caus\u00eancia de motiva\u00e7\u00e3o\u201d para a n\u00e3o aprecia\u00e7\u00e3o da lei. Em raz\u00e3o disso, Fernanda Moreira deu prazo de cinco dias para que a presid\u00eancia da Casa de M\u00e1rio Guimar\u00e3es\u00a0informe se vai acatar a recomenda\u00e7\u00e3o ministerial, sob\u00a0pena da ado\u00e7\u00e3o de medidas judiciais que garantam a vota\u00e7\u00e3o da Lei de Diretrizes Or\u00e7ament\u00e1rias.<\/span><\/p>\n","protected":false},"excerpt":{"rendered":"<p> [&hellip;]<\/p>\n","protected":false},"author":1,"featured_media":8937,"comment_status":"open","ping_status":"open","sticky":false,"template":"","format":"standard","meta":{"om_disable_all_campaigns":false,"_monsterinsights_skip_tracking":false,"_monsterinsights_sitenote_active":false,"_monsterinsights_sitenote_note":"","_monsterinsights_sitenote_category":0,"_uf_show_specific_survey":0,"_uf_disable_surveys":false,"footnotes":""},"categories":[2],"tags":[],"class_list":["post-8936","post","type-post","status-publish","format-standard","has-post-thumbnail","hentry","category-not_mpal"],"aioseo_notices":[],"_links":{"self":[{"href":"https:\/\/www.mpal.mp.br\/index.php?rest_route=\/wp\/v2\/posts\/8936","targetHints":{"allow":["GET"]}}],"collection":[{"href":"https:\/\/www.mpal.mp.br\/index.php?rest_route=\/wp\/v2\/posts"}],"about":[{"href":"https:\/\/www.mpal.mp.br\/index.php?rest_route=\/wp\/v2\/types\/post"}],"author":[{"embeddable":true,"href":"https:\/\/www.mpal.mp.br\/index.php?rest_route=\/wp\/v2\/users\/1"}],"replies":[{"embeddable":true,"href":"https:\/\/www.mpal.mp.br\/index.php?rest_route=%2Fwp%2Fv2%2Fcomments&post=8936"}],"version-history":[{"count":1,"href":"https:\/\/www.mpal.mp.br\/index.php?rest_route=\/wp\/v2\/posts\/8936\/revisions"}],"predecessor-version":[{"id":8938,"href":"https:\/\/www.mpal.mp.br\/index.php?rest_route=\/wp\/v2\/posts\/8936\/revisions\/8938"}],"wp:featuredmedia":[{"embeddable":true,"href":"https:\/\/www.mpal.mp.br\/index.php?rest_route=\/wp\/v2\/media\/8937"}],"wp:attachment":[{"href":"https:\/\/www.mpal.mp.br\/index.php?rest_route=%2Fwp%2Fv2%2Fmedia&parent=8936"}],"wp:term":[{"taxonomy":"category","embeddable":true,"href":"https:\/\/www.mpal.mp.br\/index.php?rest_route=%2Fwp%2Fv2%2Fcategories&post=8936"},{"taxonomy":"post_tag","embeddable":true,"href":"https:\/\/www.mpal.mp.br\/index.php?rest_route=%2Fwp%2Fv2%2Ftags&post=8936"}],"curies":[{"name":"wp","href":"https:\/\/api.w.org\/{rel}","templated":true}]}}