{"id":8933,"date":"2021-09-24T07:43:54","date_gmt":"2021-09-24T10:43:54","guid":{"rendered":"https:\/\/www.mpal.mp.br\/?p=8933"},"modified":"2022-06-13T07:45:23","modified_gmt":"2022-06-13T10:45:23","slug":"apos-ajuizar-acao-mpal-garante-acolhimento-para-idoso-que-vive-em-situacao-de-abandono-familiar","status":"publish","type":"post","link":"https:\/\/www.mpal.mp.br\/?p=8933","title":{"rendered":"Ap\u00f3s ajuizar a\u00e7\u00e3o, MPAL garante acolhimento para idoso que vive em situa\u00e7\u00e3o de abandono familiar"},"content":{"rendered":"<p style=\"text-align: justify;\" data-raofz=\"14\"><span style=\"font-size: 14pt;\" data-raofz=\"13\">O Minist\u00e9rio P\u00fablico do Estado de Alagoas ajuizou uma a\u00e7\u00e3o civil p\u00fablica para que o munic\u00edpio de S\u00e3o Miguel dos Campos fosse obrigado a dar abrigo e oferecer acolhimento digno ao senhor H\u00e9lio Jos\u00e9 da Silva, pessoa com defici\u00eancia mental que, atualmente, encontra-se em situa\u00e7\u00e3o de abandono familiar. O pedido foi atendimento integralmente pelo Poder Judici\u00e1rio.<\/span><\/p>\n<p style=\"text-align: justify;\" data-raofz=\"14\"><span style=\"font-size: 14pt;\" data-raofz=\"13\">Em sua peti\u00e7\u00e3o, o promotor de Justi\u00e7a Vin\u00edcius Calheiros, da 2\u00aa Promotoria de Justi\u00e7a de S\u00e3o Miguel dos Campos, afirmou que o idoso \u00e9 usu\u00e1rio do Centro de Aten\u00e7\u00e3o Psicossocial (Caps) da cidade por ter sido diagnosticado com Esquizofrenia. No entanto, mesmo sabendo da sua necessidade em fazer tratamento, a prefeitura n\u00e3o promoveu a busca ativa dele, que j\u00e1 n\u00e3o frequenta a unidade h\u00e1 algum tempo. \u201cO poder p\u00fablico est\u00e1 ciente da situa\u00e7\u00e3o vivenciada pelo paciente. O Creas, inclusive, foi o respons\u00e1vel por elaborar o comunicado situacional que instrui esta a\u00e7\u00e3o. Ocorre que nenhuma provid\u00eancia fora adotada no sentido de acolher o incapaz ou de assegurar a este os meios necess\u00e1rios ao tratamento de que ele tanto necessita. Essa in\u00e9rcia traduz n\u00edtida viola\u00e7\u00e3o dos direitos e interesses de H\u00e9lio Jos\u00e9 da Silva, j\u00e1 que a legisla\u00e7\u00e3o imp\u00f5e aos munic\u00edpios a institui\u00e7\u00e3o de entidade para atendimento a esse p\u00fablico\u201d, alegou o pro motor.<\/span><\/p>\n<p style=\"text-align: justify;\" data-raofz=\"14\"><span style=\"font-size: 14pt;\" data-raofz=\"13\">Na a\u00e7\u00e3o, o MPAL pede que o Poder Judici\u00e1rio determine ao munic\u00edpio de S\u00e3o Miguel dos Campos a garantia e o resguardo ao direito do senhor H\u00e9lio, \u201cpessoa com defici\u00eancia mental em situa\u00e7\u00e3o de abandono familiar, que precisa ser imediatamente abrigado em institui\u00e7\u00e3o p\u00fablica ou privada conveniada\/subsidiada com o poder p\u00fablico, com recursos de atendimento compat\u00edveis \u00e0s suas necessidades especiais, nas \u00e1reas social e de sa\u00fade, visando, assim, propiciar-lhe exist\u00eancia digna e a efetiva\u00e7\u00e3o de seus direitos constitucionalmente assegurados\u201d, diz um trecho da a\u00e7\u00e3o.<\/span><\/p>\n<p style=\"text-align: justify;\" data-raofz=\"14\"><span style=\"font-size: 14pt;\" data-raofz=\"13\">Atualmente, o idoso est\u00e1 numa casa de passagem, por\u00e9m, l\u00e1 n\u00e3o \u00e9 o local ideal para que ele receba o devido acolhimento. \u201c\u00c9 um local que se destina ao abrigamento tempor\u00e1rio de pessoas e n\u00e3o pode manter o acolhimento do paciente por muito tempo. Ainda segundo a administra\u00e7\u00e3o do estabelecimento, este n\u00e3o disp\u00f5e de instala\u00e7\u00f5es e pessoal adequado ao atendimento. Assim, em se tratando de pessoa com defici\u00eancia em situa\u00e7\u00e3o de rua por abandono familiar, a melhor solu\u00e7\u00e3o para o caso reside no acolhimento do incapaz em resid\u00eancia inclusiva ou em institui\u00e7\u00e3o similar apta a dispensar os cuidados de que ele necessita. Ocorre que o munic\u00edpio de S\u00e3o Miguel dos Campos n\u00e3o possui resid\u00eancia inclusiva ou qualquer equipamento semelhante, o que torna essencial o ajuizamento da presente a\u00e7\u00e3o, destinada a garantir e salvaguardar o direito a vida digna do paciente\u201d, argumentou o promotor de Justi\u00e7a.<\/span><\/p>\n<p style=\"text-align: justify;\" data-raofz=\"14\"><span style=\"font-size: 14pt;\" data-raofz=\"13\"><strong>O pedido deferido<\/strong><\/span><\/p>\n<p style=\"text-align: justify;\" data-raofz=\"14\"><span style=\"font-size: 14pt;\" data-raofz=\"13\">A a\u00e7\u00e3o civil p\u00fablica requereu que a prefeitura fosse compelida a cuidar, conforme tratamento previsto em lei pr\u00f3pria, do senhor H\u00e9lio Jos\u00e9 da Silva, oferecendo-lhe as medidas protetivas destinadas a tal provid\u00eancia, e tal pedido foi atendido pelo Poder Judici\u00e1rio. Em sua decis\u00e3o, a magistrada Joyce Ara\u00fajo Florentino determinou que a prefeitura proceda as provid\u00eancias cab\u00edveis para que o idoso comece a receber o ideal acolhimento capaz de promover a sua mudan\u00e7a de vida.<\/span><\/p>\n","protected":false},"excerpt":{"rendered":"<p> [&hellip;]<\/p>\n","protected":false},"author":1,"featured_media":8934,"comment_status":"open","ping_status":"open","sticky":false,"template":"","format":"standard","meta":{"om_disable_all_campaigns":false,"_monsterinsights_skip_tracking":false,"_monsterinsights_sitenote_active":false,"_monsterinsights_sitenote_note":"","_monsterinsights_sitenote_category":0,"_uf_show_specific_survey":0,"_uf_disable_surveys":false,"footnotes":""},"categories":[2],"tags":[],"class_list":["post-8933","post","type-post","status-publish","format-standard","has-post-thumbnail","hentry","category-not_mpal"],"aioseo_notices":[],"_links":{"self":[{"href":"https:\/\/www.mpal.mp.br\/index.php?rest_route=\/wp\/v2\/posts\/8933","targetHints":{"allow":["GET"]}}],"collection":[{"href":"https:\/\/www.mpal.mp.br\/index.php?rest_route=\/wp\/v2\/posts"}],"about":[{"href":"https:\/\/www.mpal.mp.br\/index.php?rest_route=\/wp\/v2\/types\/post"}],"author":[{"embeddable":true,"href":"https:\/\/www.mpal.mp.br\/index.php?rest_route=\/wp\/v2\/users\/1"}],"replies":[{"embeddable":true,"href":"https:\/\/www.mpal.mp.br\/index.php?rest_route=%2Fwp%2Fv2%2Fcomments&post=8933"}],"version-history":[{"count":1,"href":"https:\/\/www.mpal.mp.br\/index.php?rest_route=\/wp\/v2\/posts\/8933\/revisions"}],"predecessor-version":[{"id":8935,"href":"https:\/\/www.mpal.mp.br\/index.php?rest_route=\/wp\/v2\/posts\/8933\/revisions\/8935"}],"wp:featuredmedia":[{"embeddable":true,"href":"https:\/\/www.mpal.mp.br\/index.php?rest_route=\/wp\/v2\/media\/8934"}],"wp:attachment":[{"href":"https:\/\/www.mpal.mp.br\/index.php?rest_route=%2Fwp%2Fv2%2Fmedia&parent=8933"}],"wp:term":[{"taxonomy":"category","embeddable":true,"href":"https:\/\/www.mpal.mp.br\/index.php?rest_route=%2Fwp%2Fv2%2Fcategories&post=8933"},{"taxonomy":"post_tag","embeddable":true,"href":"https:\/\/www.mpal.mp.br\/index.php?rest_route=%2Fwp%2Fv2%2Ftags&post=8933"}],"curies":[{"name":"wp","href":"https:\/\/api.w.org\/{rel}","templated":true}]}}