{"id":8930,"date":"2021-09-28T07:42:04","date_gmt":"2021-09-28T10:42:04","guid":{"rendered":"https:\/\/www.mpal.mp.br\/?p=8930"},"modified":"2022-06-13T07:42:32","modified_gmt":"2022-06-13T10:42:32","slug":"resultado-da-campanha-agosto-lilas-e-iniciativas-da-area-meio-do-mpal-sao-apresentadas-durante-reuniao-de-planejamento-estrategico","status":"publish","type":"post","link":"https:\/\/www.mpal.mp.br\/?p=8930","title":{"rendered":"Resultado da campanha Agosto Lil\u00e1s e iniciativas da \u00e1rea meio do MPAL s\u00e3o apresentadas durante reuni\u00e3o de planejamento estrat\u00e9gico"},"content":{"rendered":"<p style=\"text-align: justify;\" align=\"justify\" data-raofz=\"14\"><span style=\"font-size: 14pt;\" data-raofz=\"13\">Foi realizada, nesta ter\u00e7a-feira (28), a 9\u00aa Reuni\u00e3o de An\u00e1lise Estrat\u00e9gica, novamente em formato on-line, promovida pelo Comit\u00ea de Gest\u00e3o Estrat\u00e9gica do Minist\u00e9rio P\u00fablico do Estado de Alagoas (MPAL). Presidido pelo procurador-geral de Justi\u00e7a, M\u00e1rcio Roberto Ten\u00f3rio de Albuquerque, e coordenado pela chefe da Assessoria de Planejamento e Gest\u00e3o Estrat\u00e9gico (Asplage), promotora de Justi\u00e7a Stela Val\u00e9ria Cavalcanti, o encontro teve o objetivo de conhecer mais detalhes sobre os resultados dos projetos Agosto Lil\u00e1s 2021 e \u2018Implanta\u00e7\u00e3o da Gest\u00e3o de Custos\u2019 e das a\u00e7\u00f5es dos objetivos estrat\u00e9gicos \u2018Adequar os Recursos e a Gest\u00e3o Or\u00e7ament\u00e1ria e Financeira\u2019 e \u2018Melhorar a Infraestrutura\u2019 da institui\u00e7\u00e3o.<\/span><\/p>\n<p style=\"text-align: justify;\" align=\"justify\" data-raofz=\"14\"><span style=\"font-size: 14pt;\" data-raofz=\"13\">Antes dos representantes de cada iniciativa iniciarem suas falas, o procurador-geral de Justi\u00e7a destacou a import\u00e2ncia do engajamento de membros e servidores na constru\u00e7\u00e3o e execu\u00e7\u00e3o do planejamento estrat\u00e9gico e lembrou que os projetos da institui\u00e7\u00e3o s\u00e3o reconhecidos por outras unidades do MP brasileiro e, inclusive, premiados nacionalmente. Ele tamb\u00e9m garantiu que a administra\u00e7\u00e3o superior continuar\u00e1 dando o apoio necess\u00e1rio para o desenvolvimento tanto das atuais quanto das novas a\u00e7\u00f5es. \u201cContem com a chefia do Minist\u00e9rio P\u00fablico de Alagoas. \u00c9 muito bom ver essas iniciativas dando fruto, trazendo melhorias para o bom andamento da institui\u00e7\u00e3o. E, claro, isso acaba refletindo na qualidade da presta\u00e7\u00e3o do servi\u00e7o que ofertamos \u00e0 popula\u00e7\u00e3o\u201d, disse ele.<\/span><\/p>\n<p style=\"text-align: justify;\" align=\"justify\" data-raofz=\"14\"><span style=\"font-size: 14pt;\" data-raofz=\"13\"><b><strong>\u00c1rea meio<\/strong><\/b><\/span><\/p>\n<p style=\"text-align: justify;\" align=\"justify\" data-raofz=\"14\"><span style=\"font-size: 14pt;\" data-raofz=\"13\">A reuni\u00e3o foi aberta pela servidora Cristina Mendes, do setor de Cerimonial, que fez um resumo sobre a campanha Agosto Lil\u00e1s deste ano. Ela falou sobre as dezenas de lives e palestras presenciais realizadas que abordaram o combate \u00e0 viol\u00eancia dom\u00e9stica e familiar contra a mulher e que reuniu autoridades e especialistas no tema. Al\u00e9m disso, refor\u00e7ou as parcerias firmadas, a exemplo dos conv\u00eanios com a Equatorial Alagoas, Casal, Ifal e Cesmac Agreste para levar mensagens aos consumidores sobre a necessidade da den\u00fancia contra os agressores.<\/span><\/p>\n<p style=\"text-align: justify;\" align=\"justify\" data-raofz=\"14\"><span style=\"font-size: 14pt;\" data-raofz=\"13\">Na sequ\u00eancia, o servidor Te\u00f3genes Cardoso falou sobre o objetivo estrat\u00e9gico de \u2018Melhorar a Infraestrutura\u2019 do MPAL. Em detalhes, ele relatou que a iniciativa visa realizar levantamento das reais necessidades e adquirir m\u00f3veis e utens\u00edlios de expediente adequados ao funcionamento de todos os pr\u00e9dios do Minist\u00e9rio P\u00fablico do Estado de Alagoas e implantar e implementar projeto tendente a indicar ordem de prioridade e um cronograma vi\u00e1vel para aquisi\u00e7\u00e3o, constru\u00e7\u00e3o, reforma ou loca\u00e7\u00e3o de espa\u00e7os destinados ao mais diversos setores do MPAL.<\/span><\/p>\n<p style=\"text-align: justify;\" align=\"justify\" data-raofz=\"14\"><span style=\"font-size: 14pt;\" data-raofz=\"13\">Sobre a aquisi\u00e7\u00e3o de mobili\u00e1rio, por exemplo, Te\u00f3genes Cardoso informou que, somente em 2020, foram investidos R$ 263 mil com essa finalidade.<\/span><\/p>\n<p style=\"text-align: justify;\" align=\"justify\" data-raofz=\"14\"><span style=\"font-size: 14pt;\" data-raofz=\"13\">O projeto \u2018Implanta\u00e7\u00e3o da Gest\u00e3o de Custos\u2019 e a iniciativa \u2018Adequar os Recursos e a Gest\u00e3o Or\u00e7ament\u00e1ria e Financeira\u2019 foram apresentados em seguida. O servidor Bruno Lima explicou as a\u00e7\u00f5es pretendem adequar os recursos or\u00e7ament\u00e1rios da institui\u00e7\u00e3o mediante articula\u00e7\u00f5es com os Poderes Executivo e Legislativo de Alagoas, por meio da constante demonstra\u00e7\u00e3o do papel constitucional, dos crescentes desafios e dos benef\u00edcios a serem colhidos pela sociedade alagoana com o aprimoramento da atua\u00e7\u00e3o do Minist\u00e9rio P\u00fablico.<\/span><\/p>\n<p style=\"text-align: justify;\" align=\"justify\" data-raofz=\"14\"><span style=\"font-size: 14pt;\" data-raofz=\"13\">Dentre os objetivos est\u00e3o o aumento da capta\u00e7\u00e3o de recursos extraor\u00e7ament\u00e1rios e a implanta\u00e7\u00e3o de um or\u00e7amento participativo.<\/span><\/p>\n<p style=\"text-align: justify;\" align=\"justify\" data-raofz=\"14\"><span style=\"font-size: 14pt;\" data-raofz=\"14\"><strong>O Comit\u00ea<\/strong><\/span><\/p>\n<p style=\"text-align: justify;\" align=\"justify\" data-raofz=\"14\"><span style=\"font-size: 14pt;\" data-raofz=\"13\">O Comit\u00ea de Gest\u00e3o Estrat\u00e9gica do Minist\u00e9rio P\u00fablico \u00e9 composto por 17 pessoas, entre membros e servidores. E ele est\u00e1 dividido por \u00e1rea de atua\u00e7\u00e3o, de acordo com os objetivos estrat\u00e9gicos j\u00e1 definidos pela administra\u00e7\u00e3o superior.<\/span><\/p>\n","protected":false},"excerpt":{"rendered":"<p> [&hellip;]<\/p>\n","protected":false},"author":1,"featured_media":8931,"comment_status":"open","ping_status":"open","sticky":false,"template":"","format":"standard","meta":{"om_disable_all_campaigns":false,"_monsterinsights_skip_tracking":false,"_monsterinsights_sitenote_active":false,"_monsterinsights_sitenote_note":"","_monsterinsights_sitenote_category":0,"_uf_show_specific_survey":0,"_uf_disable_surveys":false,"footnotes":""},"categories":[2],"tags":[],"class_list":["post-8930","post","type-post","status-publish","format-standard","has-post-thumbnail","hentry","category-not_mpal"],"aioseo_notices":[],"_links":{"self":[{"href":"https:\/\/www.mpal.mp.br\/index.php?rest_route=\/wp\/v2\/posts\/8930","targetHints":{"allow":["GET"]}}],"collection":[{"href":"https:\/\/www.mpal.mp.br\/index.php?rest_route=\/wp\/v2\/posts"}],"about":[{"href":"https:\/\/www.mpal.mp.br\/index.php?rest_route=\/wp\/v2\/types\/post"}],"author":[{"embeddable":true,"href":"https:\/\/www.mpal.mp.br\/index.php?rest_route=\/wp\/v2\/users\/1"}],"replies":[{"embeddable":true,"href":"https:\/\/www.mpal.mp.br\/index.php?rest_route=%2Fwp%2Fv2%2Fcomments&post=8930"}],"version-history":[{"count":1,"href":"https:\/\/www.mpal.mp.br\/index.php?rest_route=\/wp\/v2\/posts\/8930\/revisions"}],"predecessor-version":[{"id":8932,"href":"https:\/\/www.mpal.mp.br\/index.php?rest_route=\/wp\/v2\/posts\/8930\/revisions\/8932"}],"wp:featuredmedia":[{"embeddable":true,"href":"https:\/\/www.mpal.mp.br\/index.php?rest_route=\/wp\/v2\/media\/8931"}],"wp:attachment":[{"href":"https:\/\/www.mpal.mp.br\/index.php?rest_route=%2Fwp%2Fv2%2Fmedia&parent=8930"}],"wp:term":[{"taxonomy":"category","embeddable":true,"href":"https:\/\/www.mpal.mp.br\/index.php?rest_route=%2Fwp%2Fv2%2Fcategories&post=8930"},{"taxonomy":"post_tag","embeddable":true,"href":"https:\/\/www.mpal.mp.br\/index.php?rest_route=%2Fwp%2Fv2%2Ftags&post=8930"}],"curies":[{"name":"wp","href":"https:\/\/api.w.org\/{rel}","templated":true}]}}