{"id":8922,"date":"2020-04-23T11:50:39","date_gmt":"2020-04-23T14:50:39","guid":{"rendered":"https:\/\/www.mpal.mp.br\/?p=8922"},"modified":"2023-06-12T19:07:00","modified_gmt":"2023-06-12T22:07:00","slug":"corregedoria-geral-recomenda-que-promotores-de-justica-cobrem-medidas-urgentes-das-prefeituras-no-combate-ao-coronavirus","status":"publish","type":"post","link":"https:\/\/www.mpal.mp.br\/?p=8922","title":{"rendered":"Corregedoria-Geral recomenda que promotores de justi\u00e7a cobrem medidas urgentes das prefeituras no combate ao coronav\u00edrus"},"content":{"rendered":"<p style=\"text-align: justify;\" align=\"justify\" data-raofz=\"14\"><span style=\"font-size: 14pt;\" data-raofz=\"14\">A Corregedoria-Geral do Minist\u00e9rio P\u00fablico Estadual de Alagoas (MPAL) recomendou, nesta quinta-feira (23), que os promotores de justi\u00e7a acompanhem atentamente as a\u00e7\u00f5es locais dos munic\u00edpios onde eles trabalham relativas \u00e0 preven\u00e7\u00e3o da transmiss\u00e3o do novo coronav\u00edrus. O \u00f3rg\u00e3o correicional tamb\u00e9m orientou os membros a adotarem as provid\u00eancias administrativas ou judiciais cab\u00edveis, seguindo as orienta\u00e7\u00f5es previstas na nota t\u00e9cnica expedida recentemente pelo N\u00facleo de Defesa da Sa\u00fade P\u00fablica do MPAL, vinculado ao Centro de Apoio Operacional \u00e0s Promotorias de Justi\u00e7a (Caop).<\/span><\/p>\n<p style=\"text-align: justify;\" align=\"justify\" data-raofz=\"14\"><span style=\"font-size: 14pt;\" data-raofz=\"14\">Na Recomenda\u00e7\u00e3o CGMP-AL n\u00ba 001\/2020, o corregedor-geral, procurador de justi\u00e7a Walber Jos\u00e9 Valente de Lima, explicou que a atua\u00e7\u00e3o dos promotores de justi\u00e7a de Alagoas, dentre outras coisas, deve seguir em conson\u00e2ncia com as diretrizes elaboradas pelo Conselho Nacional do Minist\u00e9rio P\u00fablico (CNMP) e levando-se em considera\u00e7\u00e3o a decreta\u00e7\u00e3o de Emerg\u00eancia de Sa\u00fade P\u00fablica de Import\u00e2ncia Nacional para o coronav\u00edrus (COVID-19) ocorrida no Brasil.<\/span><\/p>\n<p style=\"text-align: justify;\" align=\"justify\" data-raofz=\"14\"><span style=\"font-size: 14pt;\" data-raofz=\"14\">O documento tamb\u00e9m faz refer\u00eancia a classifica\u00e7\u00e3o de pandemia da doen\u00e7a decretada pela Organiza\u00e7\u00e3o Mundial de Sa\u00fade (OMS) e a Portaria do Minist\u00e9rio da Sa\u00fade n\u00ba 188 que disponibilizou o Plano de Conting\u00eancia Nacional para Infec\u00e7\u00e3o Humana pelo novo coronav\u00edrus, documento essencial para a defini\u00e7\u00e3o das estrat\u00e9gias de atua\u00e7\u00e3o nas secretarias municipais e estaduais de Sa\u00fade e ainda, nos servi\u00e7os de sa\u00fade p\u00fablica ou privada como orienta\u00e7\u00e3o na elabora\u00e7\u00e3o de seus respectivos planos de conting\u00eancia e medidas de respostas.<\/span><\/p>\n<p style=\"text-align: justify;\" align=\"justify\" data-raofz=\"14\"><span style=\"font-size: 14pt;\">\u201cO CNMP tamb\u00e9m se mobilizou e expediu a Nota T\u00e9cnica Conjunta n\u00ba 1\/2020, em 26 de fevereiro \u00faltimo, com o objetivo de fortalecer, fornecer subs\u00eddios e aprimorar a atua\u00e7\u00e3o do Minist\u00e9rio P\u00fablico brasileiro na prote\u00e7\u00e3o do direito \u00e0 sa\u00fade, em rela\u00e7\u00e3o a COVID-19. Al\u00e9m disso, o nosso N\u00facleo de Defesa da Sa\u00fade P\u00fablica tem fornecido aportes te\u00f3rico e jur\u00eddico para atua\u00e7\u00e3o dos promotores para o enfrentamento da pandemia. O objetivo disso tudo \u00e9 que tenhamos uma atua\u00e7\u00e3o estrat\u00e9gica e resolutiva\u201d, explicou Walber Jos\u00e9 Valente de Lima.<\/span><\/p>\n<p style=\"text-align: justify;\" align=\"justify\" data-raofz=\"14\"><span style=\"font-size: 14pt;\" data-raofz=\"14\"><b>A Import\u00e2ncia dos planos de conting\u00eancia<\/b><\/span><\/p>\n<p style=\"text-align: justify;\" align=\"justify\" data-raofz=\"14\"><span style=\"font-size: 14pt;\" data-raofz=\"14\">Para o corregedor-geral do MPAL, apesar do estado de Alagoas j\u00e1 ter elaborado o Plano de Conting\u00eancia Estadual para Infec\u00e7\u00e3o Humana pelo Coronav\u00edrus, estabelecendo diretrizes de atua\u00e7\u00e3o de modo a minimizar os impacto da doen\u00e7a, est\u00e1 crescendo o n\u00famero de pessoas contaminadas, o que exige maior aten\u00e7\u00e3o por parte das promotorias de justi\u00e7a. \u201cJ\u00e1 temos infectados em Macei\u00f3, Marechal Deodoro, Rio Largo, Porto Real do Col\u00e9gio, Palmeira dos \u00cdndios, Boca da Mata, Arapiraca, Satuba, S\u00e3o Miguel dos Milagres, Vi\u00e7osa, Murici e Ibateguara e, como em muitas cidades ainda n\u00e3o h\u00e1 o plano de contingenciamento, nossa recomenda\u00e7\u00e3o \u00e9 para que os promotores cobrem medidas urgentes de prote\u00e7\u00e3o \u00e0 popula\u00e7\u00e3o\u201d, acrescentou ele.<\/span><\/p>\n","protected":false},"excerpt":{"rendered":"<p> [&hellip;]<\/p>\n","protected":false},"author":5,"featured_media":8923,"comment_status":"closed","ping_status":"closed","sticky":false,"template":"","format":"standard","meta":{"om_disable_all_campaigns":false,"_monsterinsights_skip_tracking":false,"_monsterinsights_sitenote_active":false,"_monsterinsights_sitenote_note":"","_monsterinsights_sitenote_category":0,"_uf_show_specific_survey":0,"_uf_disable_surveys":false,"footnotes":""},"categories":[48,2],"tags":[],"class_list":["post-8922","post","type-post","status-publish","format-standard","has-post-thumbnail","hentry","category-not_corregedoria","category-not_mpal"],"aioseo_notices":[],"_links":{"self":[{"href":"https:\/\/www.mpal.mp.br\/index.php?rest_route=\/wp\/v2\/posts\/8922","targetHints":{"allow":["GET"]}}],"collection":[{"href":"https:\/\/www.mpal.mp.br\/index.php?rest_route=\/wp\/v2\/posts"}],"about":[{"href":"https:\/\/www.mpal.mp.br\/index.php?rest_route=\/wp\/v2\/types\/post"}],"author":[{"embeddable":true,"href":"https:\/\/www.mpal.mp.br\/index.php?rest_route=\/wp\/v2\/users\/5"}],"replies":[{"embeddable":true,"href":"https:\/\/www.mpal.mp.br\/index.php?rest_route=%2Fwp%2Fv2%2Fcomments&post=8922"}],"version-history":[{"count":1,"href":"https:\/\/www.mpal.mp.br\/index.php?rest_route=\/wp\/v2\/posts\/8922\/revisions"}],"predecessor-version":[{"id":8924,"href":"https:\/\/www.mpal.mp.br\/index.php?rest_route=\/wp\/v2\/posts\/8922\/revisions\/8924"}],"wp:featuredmedia":[{"embeddable":true,"href":"https:\/\/www.mpal.mp.br\/index.php?rest_route=\/wp\/v2\/media\/8923"}],"wp:attachment":[{"href":"https:\/\/www.mpal.mp.br\/index.php?rest_route=%2Fwp%2Fv2%2Fmedia&parent=8922"}],"wp:term":[{"taxonomy":"category","embeddable":true,"href":"https:\/\/www.mpal.mp.br\/index.php?rest_route=%2Fwp%2Fv2%2Fcategories&post=8922"},{"taxonomy":"post_tag","embeddable":true,"href":"https:\/\/www.mpal.mp.br\/index.php?rest_route=%2Fwp%2Fv2%2Ftags&post=8922"}],"curies":[{"name":"wp","href":"https:\/\/api.w.org\/{rel}","templated":true}]}}