{"id":8903,"date":"2015-09-29T11:44:02","date_gmt":"2015-09-29T14:44:02","guid":{"rendered":"https:\/\/www.mpal.mp.br\/?p=8903"},"modified":"2022-06-10T11:46:00","modified_gmt":"2022-06-10T14:46:00","slug":"operacao-do-gecoc-resulta-na-apreensao-de-125-quilos-de-maconha-na-parte-alta-de-maceio-uma-pessoa-foi-presa","status":"publish","type":"post","link":"https:\/\/www.mpal.mp.br\/?p=8903","title":{"rendered":"Opera\u00e7\u00e3o do Gecoc resulta na apreens\u00e3o de 125 quilos de maconha na parte alta de Macei\u00f3; uma pessoa foi presa"},"content":{"rendered":"<p style=\"text-align: justify;\"><span style=\"font-size: 14pt;\">O Grupo Estadual de Combate \u00e0s Organiza\u00e7\u00f5es Criminosas (Gecoc), em parceria com a Pol\u00edcia Militar e o Instituto Federal de Fiscaliza\u00e7\u00e3o (IFF), realizou, na noite desta segunda-feira (28), uma opera\u00e7\u00e3o que resultou na apreens\u00e3o de cerca de 125 quilos de maconha. Um homem foi preso. Tanto a droga, quanto a pessoa detida, foram encaminhadas inicialmente para o pr\u00e9dio-sede do Minist\u00e9rio P\u00fablico do Estado de Alagoas (MPE\/AL) e, em seguida, para a Central de Flagrantes.<\/span><\/p>\n<p style=\"text-align: justify;\"><span style=\"font-size: 14pt;\">A a\u00e7\u00e3o comandada pelo Gecoc, e que contou com o apoio da 2a se\u00e7\u00e3o da PM (Servi\u00e7o de Intelig\u00eancia), do Batalh\u00e3o de Radiopatrulha e do IFF, foi realizada nos bairros do Clima Bom e Eust\u00e1quio Gomes, ambos localizados na parte alta da cidade. Walisson Cleiton C\u00e2ndido da Silva, que estava sendo monitorado pelo MPE\/AL, foi detido no Eust\u00e1quio Gomes. Ele havia sa\u00eddo de casa para fazer a entrega de uma encomenda de 12 quilos de maconha.<\/span><\/p>\n<p style=\"text-align: justify;\"><span style=\"font-size: 14pt;\">Ap\u00f3s ser cercado e preso em flagrante, o jovem de 22 anos confessou onde a droga comercializada pela organiza\u00e7\u00e3o criminosa da qual ele faz parte, escondia o restante do material. Era num galp\u00e3o no Clima Bom onde tudo estava guardado. Al\u00e9m de ter feito a confiss\u00e3o durante a pris\u00e3o, Walisson tamb\u00e9m contou aos promotores do Gecoc, Ant\u00f4nio Luis dos Santos Filho e Carlos Davi Lopes, como a organiza\u00e7\u00e3o criminosa atuava em diferentes bairros da cidade.<\/span><\/p>\n<p style=\"text-align: justify;\"><span style=\"font-size: 14pt;\">O jovem preso \u00e9 gerente de uma quadrilha comandada por um reeducando que est\u00e1 custodiado no sistema penitenci\u00e1rio de Alagoas. O nome desse l\u00edder do tr\u00e1fico ser\u00e1 preservado porque as investiga\u00e7\u00f5es continuam, assim como os promotores tamb\u00e9m evitar\u00e3o dar mais detalhes a respeito da atua\u00e7\u00e3o bando, haja vista que as investiga\u00e7\u00f5es continuam. Al\u00e9m dos 125 quilos de droga, tamb\u00e9m foi apreendida uma balan\u00e7a de precis\u00e3o.<\/span><\/p>\n","protected":false},"excerpt":{"rendered":"<p> [&hellip;]<\/p>\n","protected":false},"author":2,"featured_media":8906,"comment_status":"open","ping_status":"open","sticky":false,"template":"","format":"standard","meta":{"om_disable_all_campaigns":false,"_monsterinsights_skip_tracking":false,"_monsterinsights_sitenote_active":false,"_monsterinsights_sitenote_note":"","_monsterinsights_sitenote_category":0,"_uf_show_specific_survey":0,"_uf_disable_surveys":false,"footnotes":""},"categories":[23],"tags":[],"class_list":["post-8903","post","type-post","status-publish","format-standard","has-post-thumbnail","hentry","category-not_gaeco"],"aioseo_notices":[],"_links":{"self":[{"href":"https:\/\/www.mpal.mp.br\/index.php?rest_route=\/wp\/v2\/posts\/8903","targetHints":{"allow":["GET"]}}],"collection":[{"href":"https:\/\/www.mpal.mp.br\/index.php?rest_route=\/wp\/v2\/posts"}],"about":[{"href":"https:\/\/www.mpal.mp.br\/index.php?rest_route=\/wp\/v2\/types\/post"}],"author":[{"embeddable":true,"href":"https:\/\/www.mpal.mp.br\/index.php?rest_route=\/wp\/v2\/users\/2"}],"replies":[{"embeddable":true,"href":"https:\/\/www.mpal.mp.br\/index.php?rest_route=%2Fwp%2Fv2%2Fcomments&post=8903"}],"version-history":[{"count":1,"href":"https:\/\/www.mpal.mp.br\/index.php?rest_route=\/wp\/v2\/posts\/8903\/revisions"}],"predecessor-version":[{"id":8907,"href":"https:\/\/www.mpal.mp.br\/index.php?rest_route=\/wp\/v2\/posts\/8903\/revisions\/8907"}],"wp:featuredmedia":[{"embeddable":true,"href":"https:\/\/www.mpal.mp.br\/index.php?rest_route=\/wp\/v2\/media\/8906"}],"wp:attachment":[{"href":"https:\/\/www.mpal.mp.br\/index.php?rest_route=%2Fwp%2Fv2%2Fmedia&parent=8903"}],"wp:term":[{"taxonomy":"category","embeddable":true,"href":"https:\/\/www.mpal.mp.br\/index.php?rest_route=%2Fwp%2Fv2%2Fcategories&post=8903"},{"taxonomy":"post_tag","embeddable":true,"href":"https:\/\/www.mpal.mp.br\/index.php?rest_route=%2Fwp%2Fv2%2Ftags&post=8903"}],"curies":[{"name":"wp","href":"https:\/\/api.w.org\/{rel}","templated":true}]}}