{"id":8881,"date":"2016-02-04T11:38:42","date_gmt":"2016-02-04T13:38:42","guid":{"rendered":"https:\/\/www.mpal.mp.br\/?p=8881"},"modified":"2022-06-10T11:39:25","modified_gmt":"2022-06-10T14:39:25","slug":"coordenador-do-gecoc-e-homenageado-com-a-medalha-de-merito-institucional-zumbi-dos-palmares-concedida-pela-policia-militar-de-alagoas","status":"publish","type":"post","link":"https:\/\/www.mpal.mp.br\/?p=8881","title":{"rendered":"Coordenador do Gecoc \u00e9 homenageado com a medalha de M\u00e9rito Institucional Zumbi dos Palmares, concedida pela Pol\u00edcia Militar de Alagoas"},"content":{"rendered":"<p style=\"text-align: justify;\"><span style=\"font-size: 14pt;\">O promotor de Justi\u00e7a Ant\u00f4nio Luiz dos Santos, coordenador do grupo Estadual de Combate \u00e0s Organiza\u00e7\u00f5es Criminosas (Gecoc) do Minist\u00e9rio P\u00fablico do Estado de Alagoas (MPE\/AL), foi homenageado, nessa quarta-feira (03), com a medalha de M\u00e9rito Institucional Zumbi dos Palmares, condecora\u00e7\u00e3o concedida pela Pol\u00edcia Militar de Alagoas. A honraria foi entregue durante solenidade de comemora\u00e7\u00e3o ao 184\u00ba anivers\u00e1rio da corpora\u00e7\u00e3o, ocorrida no Teatro Gustavo Leite, no Centro Cultural e de Exposi\u00e7\u00f5es Ruth Cardoso, em Jaragu\u00e1.<\/span><\/p>\n<p style=\"text-align: justify;\"><span style=\"font-size: 14pt;\">\u201cRecebi a medalha como um pr\u00eamio e me sinto muito feliz por isso. Entendo que ela significa o reconhecimento da Pol\u00edcia Militar ao trabalho s\u00e9rio que desenvolvemos \u00e0 frente do Gecoc. E vou mais al\u00e9m, posso afirmar que, sem d\u00favida alguma, essa \u00e9 uma demonstra\u00e7\u00e3o de respeito ao Minist\u00e9rio P\u00fablico\u201d, afirmou Ant\u00f4nio Luiz dos Santos.<\/span><\/p>\n<p style=\"text-align: justify;\"><span style=\"font-size: 14pt;\">A concess\u00e3o da homenagem outorgada pela PM foi referendada pelo governador de Alagoas, Renan Filho, cuja publica\u00e7\u00e3o em Di\u00e1rio Oficial aconteceu no \u00faltimo dia 01. \u201cFoi um dia de comemora\u00e7\u00e3o dupla, tanto pela honraria a mim concedida, quanto pelo anivers\u00e1rio de 184 anos da nossa briosa PM\u201d, completou o promotor de Justi\u00e7a.<\/span><\/p>\n<p style=\"text-align: justify;\"><span style=\"font-size: 14pt;\">A medalha de M\u00e9rito Institucional Zumbi dos Palmares \u00e9 destinada a homenagear pessoas, f\u00edsicas ou jur\u00eddicas, nacionais e estrangeiras, que, no campo de suas atividades, se hajam distinguido de forma not\u00e1vel ou relevante, e tenham contribu\u00eddo direta ou indiretamente, para o engrandecimento da Pol\u00edcia Militar de Alagoas. Ela \u00e9 a mais honraria concedida pela institui\u00e7\u00e3o.<\/span><\/p>\n<p style=\"text-align: justify;\"><span style=\"font-size: 14pt;\"><strong>A solenidade<\/strong><\/span><\/p>\n<p style=\"text-align: justify;\"><span style=\"font-size: 14pt;\">A cerim\u00f4nia em comemora\u00e7\u00e3o aos 184 anos de hist\u00f3ria da PM alagoana, que ocorreu Centro Cultural e de Exposi\u00e7\u00f5es Ruth Cardoso, foi marcada pelas promo\u00e7\u00f5es de militares e pela outorga de medalhas. Al\u00e9m da medalha de M\u00e9rito Institucional Zumbi dos Palmares, tamb\u00e9m foram outorgadas medalhas em outras tr\u00eas categorias: M\u00e9rito Administrativo, M\u00e9rito Intelectual Graciliano Ramos e M\u00e9rito Disciplinar Duque de Caxias.<\/span><\/p>\n","protected":false},"excerpt":{"rendered":"<p> [&hellip;]<\/p>\n","protected":false},"author":2,"featured_media":8883,"comment_status":"open","ping_status":"open","sticky":false,"template":"","format":"standard","meta":{"om_disable_all_campaigns":false,"_monsterinsights_skip_tracking":false,"_monsterinsights_sitenote_active":false,"_monsterinsights_sitenote_note":"","_monsterinsights_sitenote_category":0,"_uf_show_specific_survey":0,"_uf_disable_surveys":false,"footnotes":""},"categories":[23],"tags":[],"class_list":["post-8881","post","type-post","status-publish","format-standard","has-post-thumbnail","hentry","category-not_gaeco"],"aioseo_notices":[],"_links":{"self":[{"href":"https:\/\/www.mpal.mp.br\/index.php?rest_route=\/wp\/v2\/posts\/8881","targetHints":{"allow":["GET"]}}],"collection":[{"href":"https:\/\/www.mpal.mp.br\/index.php?rest_route=\/wp\/v2\/posts"}],"about":[{"href":"https:\/\/www.mpal.mp.br\/index.php?rest_route=\/wp\/v2\/types\/post"}],"author":[{"embeddable":true,"href":"https:\/\/www.mpal.mp.br\/index.php?rest_route=\/wp\/v2\/users\/2"}],"replies":[{"embeddable":true,"href":"https:\/\/www.mpal.mp.br\/index.php?rest_route=%2Fwp%2Fv2%2Fcomments&post=8881"}],"version-history":[{"count":1,"href":"https:\/\/www.mpal.mp.br\/index.php?rest_route=\/wp\/v2\/posts\/8881\/revisions"}],"predecessor-version":[{"id":8884,"href":"https:\/\/www.mpal.mp.br\/index.php?rest_route=\/wp\/v2\/posts\/8881\/revisions\/8884"}],"wp:featuredmedia":[{"embeddable":true,"href":"https:\/\/www.mpal.mp.br\/index.php?rest_route=\/wp\/v2\/media\/8883"}],"wp:attachment":[{"href":"https:\/\/www.mpal.mp.br\/index.php?rest_route=%2Fwp%2Fv2%2Fmedia&parent=8881"}],"wp:term":[{"taxonomy":"category","embeddable":true,"href":"https:\/\/www.mpal.mp.br\/index.php?rest_route=%2Fwp%2Fv2%2Fcategories&post=8881"},{"taxonomy":"post_tag","embeddable":true,"href":"https:\/\/www.mpal.mp.br\/index.php?rest_route=%2Fwp%2Fv2%2Ftags&post=8881"}],"curies":[{"name":"wp","href":"https:\/\/api.w.org\/{rel}","templated":true}]}}