{"id":8874,"date":"2016-04-14T11:37:10","date_gmt":"2016-04-14T14:37:10","guid":{"rendered":"https:\/\/www.mpal.mp.br\/?p=8874"},"modified":"2022-06-10T11:38:14","modified_gmt":"2022-06-10T14:38:14","slug":"gecoc-e-rp-prendem-quatro-pessoas-e-apreendem-cocaina-crack-e-maconha-reeducando-comandava-trafico-de-dentro-do-sistema-prisional","status":"publish","type":"post","link":"https:\/\/www.mpal.mp.br\/?p=8874","title":{"rendered":"Gecoc e RP prendem quatro pessoas e apreendem coca\u00edna, crack e maconha; reeducando comandava tr\u00e1fico de dentro do sistema prisional"},"content":{"rendered":"<p style=\"text-align: justify;\"><span style=\"font-size: 14pt;\">Numa opera\u00e7\u00e3o que come\u00e7ou por volta das 5h desta quinta-feira (14), o Grupo Estadual de Combate \u00e0s Organiza\u00e7\u00f5es Criminosas do Minist\u00e9rio P\u00fablico Estadual de Alagoas (Gecoc) e a Radiopatrulha da Pol\u00edcia Militar prenderam quatro pessoas, dentre elas, um homem que comandava o tr\u00e1fico de drogas em dois bairros de Macei\u00f3 diretamente do sistema penitenci\u00e1rio. Ao todo, foram quatro mandados e pris\u00e3o e dois de busca e apreens\u00e3o cumpridos. Drogas e 10 bananas e dinamite foram apreendidos.<\/span><\/p>\n<p style=\"text-align: justify;\"><span style=\"font-size: 14pt;\">As investiga\u00e7\u00f5es do Gecoc duraram quatro meses e se concentraram contra o bra\u00e7o forte de uma grande organiza\u00e7\u00e3o criminosa que atua em quase todos os bairros da capital. Do grupo investigado, descobriu-se que Marcelo Pereira dos Santos, mais conhecido como &#8220;Marcelo Neguinho&#8221;, comandava o com\u00e9rcio ilegal de entorpecentes nos bairros do Jacintinho e Jati\u00faca, de dentro do Pres\u00eddio de Seguran\u00e7a M\u00e1xima, mais precisamente da cela 6B. Como havia mandado de pris\u00e3o contra ele, o acusado foi encaminhado \u00e0 Central de Flagrantes, no Farol, para a lavratura dos devidos procedimentos legais.<\/span><\/p>\n<p style=\"text-align: justify;\"><span style=\"font-size: 14pt;\">Situa\u00e7\u00e3o semelhante ocorreu tamb\u00e9m com Renato dos Santos, apelidado de &#8220;Feio&#8221;. Ele era gerente da organiza\u00e7\u00e3o criminosa comandada por Marcelo e est\u00e1 custodeado no Cadei\u00e3o, de onde, segundo a apura\u00e7\u00e3o do Gecoc, coordenada o tr\u00e1fico de drogas na regi\u00e3o do Jacintinho. Ele tamb\u00e9m foi encaminhado \u00e0 Central de Flagrantes.<\/span><\/p>\n<p style=\"text-align: justify;\"><span style=\"font-size: 14pt;\"><strong>M\u00e3e e gerente presos em casa<\/strong><\/span><\/p>\n<p style=\"text-align: justify;\"><span style=\"font-size: 14pt;\">A m\u00e3e de Marcelo Pereira, Marileide Pereira dos Santos, foi presa em casa. Ela \u00e9 apontada como tesoureira da organiza\u00e7\u00e3o. Com a acusada foram apreendidos R$ 400 em esp\u00e9cie, v\u00e1rios dep\u00f3sitos banc\u00e1rios e aparelhos celulares.<\/span><\/p>\n<p style=\"text-align: justify;\"><span style=\"font-size: 14pt;\">Como era ela quem movimentava as finan\u00e7as do bando, o Gecoc pedir\u00e1 ao Judici\u00e1rio o bloqueio de todas as contas banc\u00e1rias.<\/span><\/p>\n<p style=\"text-align: justify;\"><span style=\"font-size: 14pt;\">O \u00faltimo preso na opera\u00e7\u00e3o foi Paulo Victor Pereira Salgueiro, apontado como gerente da quadrilha no bairro da Jati\u00faca. Em sua casa em Cruz das Almas foram recolhidas 10 bananas de dinamite. J\u00e1 no apartamento onde ele reside, na Jati\u00faca, o Gecoc e a PM apreenderam coca\u00edna, crack e maconha, balan\u00e7as de precis\u00e3o.<\/span><\/p>\n<p style=\"text-align: justify;\"><span style=\"font-size: 14pt;\">Ap\u00f3s perceber a movimenta\u00e7\u00e3o das autoridades, o acusado ainda tentou jogar a coca\u00edna dentro do vaso sanit\u00e1rio, por\u00e9m, foram tiradas fotografias para comprovar que Paulo Victor tentou se livrar de uma das provas do crime. Tanto ele, quanto Marileide Pereira, assim como todo o material apreendido, foram levados \u00e0 Central de Flagrantes.<\/span><\/p>\n<p style=\"text-align: justify;\"><span style=\"font-size: 14pt;\">Os seis mandados, quatro de pris\u00e3o e dois de busca e apreens\u00e3o, foram expedidos pela 17\u00aa Vara Criminal da Capital.<\/span><\/p>\n","protected":false},"excerpt":{"rendered":"<p> [&hellip;]<\/p>\n","protected":false},"author":2,"featured_media":8876,"comment_status":"open","ping_status":"open","sticky":false,"template":"","format":"standard","meta":{"om_disable_all_campaigns":false,"_monsterinsights_skip_tracking":false,"_monsterinsights_sitenote_active":false,"_monsterinsights_sitenote_note":"","_monsterinsights_sitenote_category":0,"_uf_show_specific_survey":0,"_uf_disable_surveys":false,"footnotes":""},"categories":[23],"tags":[],"class_list":["post-8874","post","type-post","status-publish","format-standard","has-post-thumbnail","hentry","category-not_gaeco"],"aioseo_notices":[],"_links":{"self":[{"href":"https:\/\/www.mpal.mp.br\/index.php?rest_route=\/wp\/v2\/posts\/8874","targetHints":{"allow":["GET"]}}],"collection":[{"href":"https:\/\/www.mpal.mp.br\/index.php?rest_route=\/wp\/v2\/posts"}],"about":[{"href":"https:\/\/www.mpal.mp.br\/index.php?rest_route=\/wp\/v2\/types\/post"}],"author":[{"embeddable":true,"href":"https:\/\/www.mpal.mp.br\/index.php?rest_route=\/wp\/v2\/users\/2"}],"replies":[{"embeddable":true,"href":"https:\/\/www.mpal.mp.br\/index.php?rest_route=%2Fwp%2Fv2%2Fcomments&post=8874"}],"version-history":[{"count":1,"href":"https:\/\/www.mpal.mp.br\/index.php?rest_route=\/wp\/v2\/posts\/8874\/revisions"}],"predecessor-version":[{"id":8877,"href":"https:\/\/www.mpal.mp.br\/index.php?rest_route=\/wp\/v2\/posts\/8874\/revisions\/8877"}],"wp:featuredmedia":[{"embeddable":true,"href":"https:\/\/www.mpal.mp.br\/index.php?rest_route=\/wp\/v2\/media\/8876"}],"wp:attachment":[{"href":"https:\/\/www.mpal.mp.br\/index.php?rest_route=%2Fwp%2Fv2%2Fmedia&parent=8874"}],"wp:term":[{"taxonomy":"category","embeddable":true,"href":"https:\/\/www.mpal.mp.br\/index.php?rest_route=%2Fwp%2Fv2%2Fcategories&post=8874"},{"taxonomy":"post_tag","embeddable":true,"href":"https:\/\/www.mpal.mp.br\/index.php?rest_route=%2Fwp%2Fv2%2Ftags&post=8874"}],"curies":[{"name":"wp","href":"https:\/\/api.w.org\/{rel}","templated":true}]}}