{"id":8750,"date":"2019-04-24T10:01:09","date_gmt":"2019-04-24T13:01:09","guid":{"rendered":"https:\/\/www.mpal.mp.br\/?p=8750"},"modified":"2023-06-12T19:07:25","modified_gmt":"2023-06-12T22:07:25","slug":"subprocurador-geral-administrativo-do-ministerio-publico-assume-temporariamente-o-conseg-e-se-reune-com-comando-da-capital-e-corregedoria-da-pm","status":"publish","type":"post","link":"https:\/\/www.mpal.mp.br\/?p=8750","title":{"rendered":"Subprocurador-geral administrativo do Minist\u00e9rio P\u00fablico assume temporariamente o Conseg e se re\u00fane com comando da Capital e Corregedoria da PM"},"content":{"rendered":"<p style=\"text-align: justify;\" data-raofz=\"14\"><span style=\"font-size: 14pt;\">O subprocurador-geral administrativo institucional do Minist\u00e9rio P\u00fablico do Estado de Alagoas (MPE\/AL), M\u00e1rcio Roberto, \u00e9 por 30 dias o presidente em exerc\u00edcio do Conselho Estadual de Seguran\u00e7a (Conseg). Nesse \u00ednterim, entre as pautas agendadas est\u00e1 uma reuni\u00e3o com o comandante de Policiamento da Capital (CPC), e com o corregedor-geral da corpora\u00e7\u00e3o para tratar da pr\u00e1tica abusiva da a\u00e7\u00e3o policial, denunciada por torcedores, fato ocorrido no \u00faltimo domingo (21), na data do cl\u00e1ssico CSA e CRB pela final do Campeonato Alagoano de Futebol.<\/span><\/p>\n<p style=\"text-align: justify;\" data-raofz=\"14\"><span style=\"font-size: 14pt;\">\u201cAs den\u00fancias foram feitas e convoquei o coronel Neyvaldo Amorim, comandante de Policiamento da Capital, bem como o corregedor-geral da PM, tenente-coronel Jeferson, para uma reuni\u00e3o no Pleno do Conseg onde, entre outros assuntos, trataremos do elevado \u00edndice de viol\u00eancia empregada pela PM nas opera\u00e7\u00f5es cotidianas\u201d, esclarece o presidente em exerc\u00edcio.<\/span><\/p>\n<p style=\"text-align: justify;\" data-raofz=\"14\"><span style=\"font-size: 14pt;\">M\u00e1rcio Roberto ressalta a import\u00e2ncia de os fatos serem averiguados com rigor, para que n\u00e3o restem quaisquer d\u00favidas e respostas sejam dadas \u00e0 sociedade.<\/span><\/p>\n<p style=\"text-align: justify;\" data-raofz=\"14\"><span style=\"font-size: 14pt;\">\u201cO Conseg espera a manifesta\u00e7\u00e3o da Corregedoria, acreditando que as provid\u00eancias cab\u00edveis ser\u00e3o adotadas com rigor, dentro de todo tramite legal e incumb\u00eancia da unidade militar. E \u00e9 justamente isso que queremos saber, se j\u00e1 h\u00e1 investiga\u00e7\u00f5es, o que j\u00e1 foi detectado, e o que j\u00e1 pode ser esclarecido. Caso as informa\u00e7\u00f5es n\u00e3o satisfa\u00e7am, o Conseg assumir\u00e1 as iniciativas\u201d, conclui.<\/span><\/p>\n<p style=\"text-align: justify;\" data-raofz=\"14\"><span style=\"font-size: 14pt;\">A reuni\u00e3o est\u00e1 marcada para ocorrer nesta segunda-feira, \u00e0s 10h, no Tribunal de Justi\u00e7a.<\/span><\/p>\n","protected":false},"excerpt":{"rendered":"<p> [&hellip;]<\/p>\n","protected":false},"author":4,"featured_media":8751,"comment_status":"closed","ping_status":"closed","sticky":false,"template":"","format":"standard","meta":{"om_disable_all_campaigns":false,"_monsterinsights_skip_tracking":false,"_monsterinsights_sitenote_active":false,"_monsterinsights_sitenote_note":"","_monsterinsights_sitenote_category":0,"_uf_show_specific_survey":0,"_uf_disable_surveys":false,"footnotes":""},"categories":[48,2],"tags":[],"class_list":["post-8750","post","type-post","status-publish","format-standard","has-post-thumbnail","hentry","category-not_corregedoria","category-not_mpal"],"aioseo_notices":[],"_links":{"self":[{"href":"https:\/\/www.mpal.mp.br\/index.php?rest_route=\/wp\/v2\/posts\/8750","targetHints":{"allow":["GET"]}}],"collection":[{"href":"https:\/\/www.mpal.mp.br\/index.php?rest_route=\/wp\/v2\/posts"}],"about":[{"href":"https:\/\/www.mpal.mp.br\/index.php?rest_route=\/wp\/v2\/types\/post"}],"author":[{"embeddable":true,"href":"https:\/\/www.mpal.mp.br\/index.php?rest_route=\/wp\/v2\/users\/4"}],"replies":[{"embeddable":true,"href":"https:\/\/www.mpal.mp.br\/index.php?rest_route=%2Fwp%2Fv2%2Fcomments&post=8750"}],"version-history":[{"count":1,"href":"https:\/\/www.mpal.mp.br\/index.php?rest_route=\/wp\/v2\/posts\/8750\/revisions"}],"predecessor-version":[{"id":8752,"href":"https:\/\/www.mpal.mp.br\/index.php?rest_route=\/wp\/v2\/posts\/8750\/revisions\/8752"}],"wp:featuredmedia":[{"embeddable":true,"href":"https:\/\/www.mpal.mp.br\/index.php?rest_route=\/wp\/v2\/media\/8751"}],"wp:attachment":[{"href":"https:\/\/www.mpal.mp.br\/index.php?rest_route=%2Fwp%2Fv2%2Fmedia&parent=8750"}],"wp:term":[{"taxonomy":"category","embeddable":true,"href":"https:\/\/www.mpal.mp.br\/index.php?rest_route=%2Fwp%2Fv2%2Fcategories&post=8750"},{"taxonomy":"post_tag","embeddable":true,"href":"https:\/\/www.mpal.mp.br\/index.php?rest_route=%2Fwp%2Fv2%2Ftags&post=8750"}],"curies":[{"name":"wp","href":"https:\/\/api.w.org\/{rel}","templated":true}]}}