{"id":8700,"date":"2019-05-08T08:48:03","date_gmt":"2019-05-08T11:48:03","guid":{"rendered":"https:\/\/www.mpal.mp.br\/?p=8700"},"modified":"2023-12-06T13:50:52","modified_gmt":"2023-12-06T16:50:52","slug":"ministerio-publico-e-defensoria-publica-pedem-a-suspensao-das-atividades-de-mineracao-da-braskem","status":"publish","type":"post","link":"https:\/\/www.mpal.mp.br\/?p=8700","title":{"rendered":"Minist\u00e9rio P\u00fablico e Defensoria P\u00fablica pedem a suspens\u00e3o das atividades de minera\u00e7\u00e3o da Braskem"},"content":{"rendered":"<p style=\"text-align: justify;\" data-raofz=\"14\"><span style=\"font-size: 14pt;\" data-raofz=\"14\">O Minist\u00e9rio P\u00fablico do Estado de Alagoas (MPE\/AL) e a Defensoria P\u00fablica do Estado (DPE\/AL) enviaram of\u00edcio, nesta quarta-feira (8), ao governador de Alagoas, Renan Filho, pedindo para que o gestor estadual determine a suspens\u00e3o da efic\u00e1cia da licen\u00e7a ambiental de opera\u00e7\u00e3o, concedida pelo Instituto de Meio Ambiente de Alagoas (IMA) \u00e0 empresa Braskem, referente aos po\u00e7os 32, 33, 34 e 35 de extra\u00e7\u00e3o da sal-gema ainda em funcionamento e de outros que estejam em atividade na \u00e1rea lagunar, no Pinheiro, Mutange e Bebedouro.<\/span><\/p>\n<p style=\"text-align: justify;\" data-raofz=\"14\"><span style=\"font-size: 14pt;\" data-raofz=\"14\">O documento solicita que a paralisa\u00e7\u00e3o das atividades de minera\u00e7\u00e3o da empresa seja acompanhada, planejada e orientada pela Ag\u00eancia Nacional de Minera\u00e7\u00e3o (ANM), pelo Instituto do Meio Ambiente de Alagoas (IMA) e pela CPRM \u2013 Servi\u00e7os Geol\u00f3gicos do Brasil, a fim de garantir a seguran\u00e7a do procedimento.<\/span><\/p>\n<p style=\"text-align: justify;\" data-raofz=\"14\"><span style=\"font-size: 14pt;\" data-raofz=\"14\">Para os promotores de justi\u00e7a e defensores p\u00fablicos, n\u00e3o \u00e9 poss\u00edvel permanecer com a empresa a decis\u00e3o de operar, ou n\u00e3o, a\u00e7\u00f5es de minera\u00e7\u00e3o em solo t\u00e3o inst\u00e1vel. \u201cEspecialmente devido \u00e0s constata\u00e7\u00f5es do relat\u00f3rio em evid\u00eancia, aos \u00faltimos acontecimentos geol\u00f3gicos e ao alt\u00edssimo \u00edndice demogr\u00e1fico no aludido bairro\u201d, informaram.<\/span><\/p>\n<p style=\"text-align: justify;\" data-raofz=\"14\"><span style=\"font-size: 14pt;\" data-raofz=\"14\">\u201cInolvid\u00e1vel a import\u00e2ncia econ\u00f4mica da empresa Braskem para Alagoas, contudo o maior patrim\u00f4nio que o Estado disp\u00f5e \u00e9 seu povo, o qual n\u00e3o pode ser tratado como mero detalhe neste cen\u00e1rio\u201d, ressaltaram os autores do pedido.<\/span><\/p>\n<p style=\"text-align: justify;\" data-raofz=\"14\"><span style=\"font-size: 14pt;\" data-raofz=\"14\">O of\u00edcio foi assinado pelo procurador-geral de justi\u00e7a, Alfredo Gaspar de Mendon\u00e7a Neto, pelo defensor p\u00fablico-geral do Estado, Ricardo Antunes Melro, pelos promotores de justi\u00e7a que integram a for\u00e7a-tarefa do MPE\/AL Jos\u00e9 Ant\u00f4nio Malta Marques, Max Martins, Adriano Jorge Correia, Jorge Jos\u00e9 D\u00f3ria, Jomar de Amorim Morais e Vicente Porci\u00fancula e pelos defensores p\u00fablicos Carlos Eduardo de Paula Monteiro e Fernando Rebou\u00e7as de Oliveira.<\/span><\/p>\n","protected":false},"excerpt":{"rendered":"<p> [&hellip;]<\/p>\n","protected":false},"author":4,"featured_media":8701,"comment_status":"closed","ping_status":"closed","sticky":false,"template":"","format":"standard","meta":{"om_disable_all_campaigns":false,"_monsterinsights_skip_tracking":false,"_monsterinsights_sitenote_active":false,"_monsterinsights_sitenote_note":"","_monsterinsights_sitenote_category":0,"_uf_show_specific_survey":0,"_uf_disable_surveys":false,"footnotes":""},"categories":[56,2],"tags":[],"class_list":["post-8700","post","type-post","status-publish","format-standard","has-post-thumbnail","hentry","category-not_braskem","category-not_mpal"],"aioseo_notices":[],"_links":{"self":[{"href":"https:\/\/www.mpal.mp.br\/index.php?rest_route=\/wp\/v2\/posts\/8700","targetHints":{"allow":["GET"]}}],"collection":[{"href":"https:\/\/www.mpal.mp.br\/index.php?rest_route=\/wp\/v2\/posts"}],"about":[{"href":"https:\/\/www.mpal.mp.br\/index.php?rest_route=\/wp\/v2\/types\/post"}],"author":[{"embeddable":true,"href":"https:\/\/www.mpal.mp.br\/index.php?rest_route=\/wp\/v2\/users\/4"}],"replies":[{"embeddable":true,"href":"https:\/\/www.mpal.mp.br\/index.php?rest_route=%2Fwp%2Fv2%2Fcomments&post=8700"}],"version-history":[{"count":1,"href":"https:\/\/www.mpal.mp.br\/index.php?rest_route=\/wp\/v2\/posts\/8700\/revisions"}],"predecessor-version":[{"id":8702,"href":"https:\/\/www.mpal.mp.br\/index.php?rest_route=\/wp\/v2\/posts\/8700\/revisions\/8702"}],"wp:featuredmedia":[{"embeddable":true,"href":"https:\/\/www.mpal.mp.br\/index.php?rest_route=\/wp\/v2\/media\/8701"}],"wp:attachment":[{"href":"https:\/\/www.mpal.mp.br\/index.php?rest_route=%2Fwp%2Fv2%2Fmedia&parent=8700"}],"wp:term":[{"taxonomy":"category","embeddable":true,"href":"https:\/\/www.mpal.mp.br\/index.php?rest_route=%2Fwp%2Fv2%2Fcategories&post=8700"},{"taxonomy":"post_tag","embeddable":true,"href":"https:\/\/www.mpal.mp.br\/index.php?rest_route=%2Fwp%2Fv2%2Ftags&post=8700"}],"curies":[{"name":"wp","href":"https:\/\/api.w.org\/{rel}","templated":true}]}}