{"id":8674,"date":"2022-06-08T12:13:09","date_gmt":"2022-06-08T15:13:09","guid":{"rendered":"https:\/\/www.mpal.mp.br\/?p=8674"},"modified":"2022-06-09T12:13:25","modified_gmt":"2022-06-09T15:13:25","slug":"sete-pessoas-investigadas-na-operacao-senhor-do-sol-ii-sao-denunciadas-criminalmente-pelo-ministerio-publico","status":"publish","type":"post","link":"https:\/\/www.mpal.mp.br\/?p=8674","title":{"rendered":"Sete pessoas investigadas na Opera\u00e7\u00e3o \u2018Senhor do Sol II\u2019 s\u00e3o denunciadas criminalmente pelo Minist\u00e9rio P\u00fablico"},"content":{"rendered":"<p style=\"text-align: justify;\" align=\"justify\" data-raofz=\"14\"><span style=\"font-size: 14pt;\" data-raofz=\"14\">Mais uma investiga\u00e7\u00e3o conclu\u00edda, com a comprova\u00e7\u00e3o do envolvimento de mais sete pessoas em crimes contra o Fisco, e o Minist\u00e9rio P\u00fablico do Estado de Alagoas (MPAL), por meio do Grupo de Atua\u00e7\u00e3o Especial de Combate \u00e0 Sonega\u00e7\u00e3o Fiscal e Lavagem de Bens (Gaesf), apresentando outra den\u00fancia perante a 17\u00aa Vara Criminal da Capital nesta ter\u00e7a-feira (7). Dessa vez, os apontados s\u00e3o acusados de integrar uma organiza\u00e7\u00e3o criminosa (Orcrim) com base em Arapiraca e especializada no cometimento de crimes aut\u00f4nomos de organiza\u00e7\u00e3o criminosa, falsidade ideol\u00f3gica e lavagem de bens, al\u00e9m de crimes de sonega\u00e7\u00e3o fiscal que ser\u00e3o alvo de den\u00fancia em apartado.<\/span><\/p>\n<p style=\"text-align: justify;\" align=\"justify\" data-raofz=\"14\"><span style=\"font-size: 14pt;\" data-raofz=\"14\">Raul Bezerra da Silva, Jorge Alves vulgo \u201cCaj\u00fa\u201d, Jaeliton Cardoso de Oliveira vulgo JAL, Gerson Gomes dos Santos, Daiane Soares da Silva, Jonas Pereira da Fonseca e Telma Gomes de Souza Santos formam a lista dos denunciados, tendo cada um sua conduta individual especificada e pela qual dever\u00e1 ser penalizado. Os acusados est\u00e3o sujeitos a uma pena total de reclus\u00e3o que varia de nove a 209 anos.<\/span><\/p>\n<p style=\"text-align: justify;\" align=\"justify\" data-raofz=\"14\"><span style=\"font-size: 14pt;\" data-raofz=\"14\">O coordenador do Gaesf, promotor de Justi\u00e7a Cyro Blater, ressalta que, desses acusados, Jaeliton Cardoso de Oliveira e Gerson Gomes dos Santos al\u00e9m da den\u00fancia recente j\u00e1 respondem, na 17\u00aa Vara Criminal \u2013 Combate ao Crime Organizado \u2013 por crimes assemelhados.<\/span><\/p>\n<p style=\"text-align: justify;\" align=\"justify\" data-raofz=\"14\"><span style=\"font-size: 14pt;\" data-raofz=\"14\"><b>O esquema<\/b><\/span><\/p>\n<p style=\"text-align: justify;\" align=\"justify\" data-raofz=\"14\"><span style=\"font-size: 14pt;\" data-raofz=\"14\">Jaeliton Cardoso de Oliveira e Gerson Gomes dos Santos, ambos criaram empresas fraudulentas e a partir delas, a princ\u00edpio, foram cometidos in\u00fameros crimes aut\u00f4nomos anteriores e, no decorrer das atividades escusas, os crimes de sonega\u00e7\u00e3o fiscal, estes ser\u00e3o alvo de den\u00fancia separadamente. Segundo o Gaesf, o preju\u00edzo suportado pelo Estado de Alagoas foi de R$ 4.657.730,62 , valor a ser corrigido.<\/span><\/p>\n<p style=\"text-align: justify;\" align=\"justify\" data-raofz=\"14\"><span style=\"font-size: 14pt;\" data-raofz=\"14\">Durante a Opera\u00e7\u00e3o \u2018Senhor do Sol II\u2019 que desbaratou a referida e estruturada Orcrim que atuava em Arapiraca, numa das buscas efetuadas, o GAESF por meio das for\u00e7as policiais, apreendeu in\u00fameros documentos numa empresa de propriedade de Raul Bezerra da Silva.<\/span><\/p>\n<p style=\"text-align: justify;\" align=\"justify\" data-raofz=\"14\"><span style=\"font-size: 14pt;\" data-raofz=\"14\"><b>Opera\u00e7\u00e3o<\/b><\/span><\/p>\n<p style=\"text-align: justify;\" align=\"justify\" data-raofz=\"14\"><span style=\"font-size: 14pt;\" data-raofz=\"14\">O Grupo de Atua\u00e7\u00e3o Especial em Sonega\u00e7\u00e3o Fiscal e Lavagem de Bens (GAESF), com o apoio da Secretaria de Seguran\u00e7a P\u00fablica (SSP) e da Pol\u00edcia Rodovi\u00e1ria Federal (PRF), deflagrou, no dia 10 de dezembro de 2019, a primeira Opera\u00e7\u00e3o \u201cSenhor do Sol\u201d, para desbaratar uma Organiza\u00e7\u00e3o Criminosa (Orcrim) envolvida em in\u00fameras fraudes fiscais dentre outros crimes.<\/span><\/p>\n<p style=\"text-align: justify;\" align=\"justify\" data-raofz=\"14\"><span style=\"font-size: 14pt;\" data-raofz=\"14\">Na ocasi\u00e3o foram expedidos 131 mandados de busca e apreens\u00e3o, 14 de pris\u00f5es preventivas e cinco de pris\u00f5es tempor\u00e1rias Ao todo, 10 pessoas foram presas na regi\u00e3o do Agreste, entre elas o empres\u00e1rio, Alessandro Am\u00e2ncio, conhecido como Sandro Am\u00e2ncio que\u00a0iniciou as suas atividades comerciais na conhecida Rua do Sol, que se destaca pelo com\u00e9rcio atacadista do ramo de alimentos.\u00a0Nesse dia tamb\u00e9m foram apreendidos o valor de R$ 800 mil e 35 ve\u00edculos, destes, oito caminh\u00f5es ba\u00fas utilizados para abastecer os estabelecimentos comerciais. Al\u00e9m de muito material que foi analisado pelo Gaesf.<b><\/b><\/span><\/p>\n<p style=\"text-align: justify;\" align=\"justify\" data-raofz=\"14\"><span style=\"font-size: 14pt;\" data-raofz=\"14\">No desdobramento daquela opera\u00e7\u00e3o foi identificada outra Orcrim ligada a Raul Bezerra e alvo agora desta Den\u00fancia Criminal.<\/span><\/p>\n<p style=\"text-align: justify;\" align=\"justify\" data-raofz=\"14\"><span style=\"font-size: 14pt;\">Foto: Anderson Macena<\/span><\/p>\n","protected":false},"excerpt":{"rendered":"<p> [&hellip;]<\/p>\n","protected":false},"author":2,"featured_media":8675,"comment_status":"open","ping_status":"open","sticky":false,"template":"","format":"standard","meta":{"om_disable_all_campaigns":false,"_monsterinsights_skip_tracking":false,"_monsterinsights_sitenote_active":false,"_monsterinsights_sitenote_note":"","_monsterinsights_sitenote_category":0,"_uf_show_specific_survey":0,"_uf_disable_surveys":false,"footnotes":""},"categories":[24],"tags":[],"class_list":["post-8674","post","type-post","status-publish","format-standard","has-post-thumbnail","hentry","category-not_gaesf"],"aioseo_notices":[],"_links":{"self":[{"href":"https:\/\/www.mpal.mp.br\/index.php?rest_route=\/wp\/v2\/posts\/8674","targetHints":{"allow":["GET"]}}],"collection":[{"href":"https:\/\/www.mpal.mp.br\/index.php?rest_route=\/wp\/v2\/posts"}],"about":[{"href":"https:\/\/www.mpal.mp.br\/index.php?rest_route=\/wp\/v2\/types\/post"}],"author":[{"embeddable":true,"href":"https:\/\/www.mpal.mp.br\/index.php?rest_route=\/wp\/v2\/users\/2"}],"replies":[{"embeddable":true,"href":"https:\/\/www.mpal.mp.br\/index.php?rest_route=%2Fwp%2Fv2%2Fcomments&post=8674"}],"version-history":[{"count":1,"href":"https:\/\/www.mpal.mp.br\/index.php?rest_route=\/wp\/v2\/posts\/8674\/revisions"}],"predecessor-version":[{"id":8676,"href":"https:\/\/www.mpal.mp.br\/index.php?rest_route=\/wp\/v2\/posts\/8674\/revisions\/8676"}],"wp:featuredmedia":[{"embeddable":true,"href":"https:\/\/www.mpal.mp.br\/index.php?rest_route=\/wp\/v2\/media\/8675"}],"wp:attachment":[{"href":"https:\/\/www.mpal.mp.br\/index.php?rest_route=%2Fwp%2Fv2%2Fmedia&parent=8674"}],"wp:term":[{"taxonomy":"category","embeddable":true,"href":"https:\/\/www.mpal.mp.br\/index.php?rest_route=%2Fwp%2Fv2%2Fcategories&post=8674"},{"taxonomy":"post_tag","embeddable":true,"href":"https:\/\/www.mpal.mp.br\/index.php?rest_route=%2Fwp%2Fv2%2Ftags&post=8674"}],"curies":[{"name":"wp","href":"https:\/\/api.w.org\/{rel}","templated":true}]}}