{"id":8482,"date":"2020-05-19T10:22:51","date_gmt":"2020-05-19T13:22:51","guid":{"rendered":"https:\/\/www.mpal.mp.br\/?p=8482"},"modified":"2022-06-08T10:23:25","modified_gmt":"2022-06-08T13:23:25","slug":"ministerios-publicos-recomendam-que-poderes-publicos-e-crf-divulguem-formas-de-tratamento-e-tipos-de-medicamentos-utilizados-no-combate-a-covid-19","status":"publish","type":"post","link":"https:\/\/www.mpal.mp.br\/?p=8482","title":{"rendered":"Minist\u00e9rios P\u00fablicos recomendam que poderes p\u00fablicos e CRF divulguem formas de tratamento e tipos de medicamentos utilizados no combate \u00e0 Covid-19"},"content":{"rendered":"<p style=\"text-align: justify;\" align=\"justify\" data-raofz=\"14\"><span style=\"font-size: 14pt;\" data-raofz=\"14\">Os Minist\u00e9rios P\u00fablicos Estadual de Alagoas e Federal (MPAL e MPF), recomendaram, nessa segunda-feira (18), que Uni\u00e3o, Estado de Alagoas e Munic\u00edpio de Macei\u00f3 adotem provid\u00eancias no sentido de implementar os dados de transpar\u00eancia relacionados aos protocolos de manejo em unidades ambulatoriais e hospitalares para s\u00edndrome gripais, COVID-19 e influenza, bem como do estoque de medicamentos, dos exames laboratoriais contratados e testagem para o novo coronav\u00edrus. Tamb\u00e9m foi recomendado ao Conselho Regional de Farm\u00e1cia de Alagoas (CRF) que divulgue dados di\u00e1rios sobre o abastecimento da rede farmac\u00eautica privada dos medicamentos previstos para tratamento das doen\u00e7as j\u00e1 acima mencionadas.<\/span><\/p>\n<p style=\"text-align: justify;\" align=\"justify\" data-raofz=\"14\"><span style=\"font-size: 14pt;\" data-raofz=\"14\">Na Recomenda\u00e7\u00e3o Conjunta n\u00ba 5\/20, assinada pela pelos promotores de justi\u00e7a Micheline Ten\u00f3rio, Paulo Henrique Prado e Louise Teixeira e pelos procuradores da Rep\u00fablica Roberta Bomfim, Bruno Lamenha Lins, Juliana Santa Rosa, J\u00falia Vale Cadete e Niedja Kaspary, os MPs pedem que os poderes p\u00fablicos e o CRF respondam, dentro de cinco dias, se ir\u00e3o ou n\u00e3o acatar a recomenda\u00e7\u00e3o e que o seu n\u00e3o cumprimento poder\u00e1 acarretar na tomada de provid\u00eancias, por parte dos Minist\u00e9rios P\u00fablicos junto aos \u00f3rg\u00e3os administrativos e judiciais competentes.<\/span><\/p>\n<p style=\"text-align: justify;\" align=\"justify\" data-raofz=\"14\"><span style=\"font-size: 14pt;\"><strong>O que devem fazer os entes p\u00fablicos<\/strong><\/span><\/p>\n<p lang=\"pt-PT\" style=\"text-align: justify;\" align=\"justify\" data-raofz=\"14\"><span style=\"font-size: 14pt;\" data-raofz=\"14\">O primeiro ponto que deve ser cumprido pelos poderes p\u00fablicos \u00e9 a disponibiliza\u00e7\u00e3o, \u201cem site eletr\u00f4nico oficial (portal de transpar\u00eancia), na rede mundial de computadores (internet), de um espa\u00e7o ou aba espec\u00edfica exclusivamente para a divulga\u00e7\u00e3o dos dados e informa\u00e7\u00f5es relativas aos protocolos de manejo cl\u00ednico, ambulatorial e hospitalar adotados por cada uma das esferas de poder\u201d.<\/span><\/p>\n<p lang=\"pt-PT\" style=\"text-align: justify;\" align=\"justify\" data-raofz=\"14\"><span style=\"font-size: 14pt;\" data-raofz=\"14\">Eles tamb\u00e9m informar sobre a disponibilidade (estoque em unidades) dos medicamentos adotados para esses protocolos de manejo, para a realiza\u00e7\u00e3o dos exames laboratoriais contratados e para os testes de detec\u00e7\u00e3o do novo coronav\u00edrus, nominando cada um deles, e fazer a indica\u00e7\u00e3o dos equipamentos de sa\u00fade destinat\u00e1rios dos medicamentos e testes, especificando o quantitativo enviado e o consumo di\u00e1rio,<\/span><\/p>\n<p lang=\"pt-PT\" style=\"text-align: justify;\" align=\"justify\" data-raofz=\"14\"><span style=\"font-size: 14pt;\" data-raofz=\"14\">Em caso de aus\u00eancia e\/ou dificuldades para aquisi\u00e7\u00e3o, doa\u00e7\u00e3o ou repasse dos medicamentos, exames e testes, as autoridades de sa\u00fade dever\u00e3o fazer uma exposi\u00e7\u00e3o dos motivos que levaram a essa problem\u00e1tica.<\/span><\/p>\n<p lang=\"pt-PT\" style=\"text-align: justify;\" align=\"justify\" data-raofz=\"14\"><span style=\"font-size: 14pt;\" data-raofz=\"14\">A recomenda\u00e7\u00e3o pede ainda que seja providenciada a alimenta\u00e7\u00e3o di\u00e1ria desses dados, de modo que tal conte\u00fado sirva como ferramenta de pesquisa e permita o acesso \u00e0 informa\u00e7\u00e3o de forma objetiva, transparente, clara e em linguagem de f\u00e1cil compreens\u00e3o.<\/span><\/p>\n<p lang=\"pt-PT\" style=\"text-align: justify;\" align=\"justify\" data-raofz=\"14\"><span style=\"font-size: 14pt;\" data-raofz=\"14\">Por fim, \u00e0 Uni\u00e3o, ao Estado e ao Munic\u00edpio, os MPs requerem que, ap\u00f3s o encerramento dos trabalhos emergenciais de combate \u00e0 pandemia, sejam reunidas informa\u00e7\u00f5es em forma de presta\u00e7\u00e3o de contas \u00e0 sociedade, contendo dados detalhados sobre o resultado dos protocolos adotados, al\u00e9m do est\u00edmulo \u00e0 participa\u00e7\u00e3o da comunidade cient\u00edfica na an\u00e1lise dos dados e resultados desses protocolos adotados.<\/span><\/p>\n<p lang=\"pt-PT\" style=\"text-align: justify;\" align=\"justify\" data-raofz=\"14\"><span style=\"font-size: 14pt;\"><strong>O que foi pedido ao CRF<\/strong><\/span><\/p>\n<p lang=\"pt-PT\" style=\"text-align: justify;\" align=\"justify\" data-raofz=\"14\"><span style=\"font-size: 14pt;\" data-raofz=\"14\">Ao Conselho Regional de Farm\u00e1cia, os Minist\u00e9rios P\u00fablicos solicitaram a disponibiliza\u00e7\u00e3o, tamb\u00e9m em site oficial, de todos os dados relativos ao material que est\u00e1 sendo fornecido pelas farm\u00e1cias dos hospitais privados no estado de Alagoas e nos estabelecimentos farmac\u00eauticos de venda ao p\u00fablico em geral (inclusive farm\u00e1cias de manipula\u00e7\u00e3o) no tocante aos protocolos de manejo cl\u00ednico, ambulatorial e hospitalar.<\/span><\/p>\n<p lang=\"pt-PT\" style=\"text-align: justify;\" align=\"justify\" data-raofz=\"14\"><span style=\"font-size: 14pt;\" data-raofz=\"14\">A entidade, igualmente, deve relatar as dificuldades que o setor privado est\u00e1 encontrando para a aquisi\u00e7\u00e3o dos medicamentos e, ainda, deve providenciar o abastecimento di\u00e1rio do portal do Conselho com tais informa\u00e7\u00f5es.<\/span><\/p>\n<p lang=\"pt-PT\" style=\"text-align: justify;\" align=\"justify\" data-raofz=\"14\"><span style=\"font-size: 14pt;\" data-raofz=\"14\">Para ambos os casos, quaisquer dificuldades encontradas com rela\u00e7\u00e3o a resist\u00eancia dos estabelecimentos farmac\u00eauticos no fornecimento das informa\u00e7\u00f5es necess\u00e1rias, poderes p\u00fablicos e Conselho Regional de Farm\u00e1cia devem procurar imediatamente o Minist\u00e9rio P\u00fablico Estadual de Alagoas ou Minist\u00e9rio P\u00fablico Fe<\/span><\/p>\n","protected":false},"excerpt":{"rendered":"<p> [&hellip;]<\/p>\n","protected":false},"author":5,"featured_media":8342,"comment_status":"open","ping_status":"open","sticky":false,"template":"","format":"standard","meta":{"om_disable_all_campaigns":false,"_monsterinsights_skip_tracking":false,"_monsterinsights_sitenote_active":false,"_monsterinsights_sitenote_note":"","_monsterinsights_sitenote_category":0,"_uf_show_specific_survey":0,"_uf_disable_surveys":false,"footnotes":""},"categories":[2,1],"tags":[],"class_list":["post-8482","post","type-post","status-publish","format-standard","has-post-thumbnail","hentry","category-not_mpal","category-sem-categoria"],"aioseo_notices":[],"_links":{"self":[{"href":"https:\/\/www.mpal.mp.br\/index.php?rest_route=\/wp\/v2\/posts\/8482","targetHints":{"allow":["GET"]}}],"collection":[{"href":"https:\/\/www.mpal.mp.br\/index.php?rest_route=\/wp\/v2\/posts"}],"about":[{"href":"https:\/\/www.mpal.mp.br\/index.php?rest_route=\/wp\/v2\/types\/post"}],"author":[{"embeddable":true,"href":"https:\/\/www.mpal.mp.br\/index.php?rest_route=\/wp\/v2\/users\/5"}],"replies":[{"embeddable":true,"href":"https:\/\/www.mpal.mp.br\/index.php?rest_route=%2Fwp%2Fv2%2Fcomments&post=8482"}],"version-history":[{"count":1,"href":"https:\/\/www.mpal.mp.br\/index.php?rest_route=\/wp\/v2\/posts\/8482\/revisions"}],"predecessor-version":[{"id":8488,"href":"https:\/\/www.mpal.mp.br\/index.php?rest_route=\/wp\/v2\/posts\/8482\/revisions\/8488"}],"wp:featuredmedia":[{"embeddable":true,"href":"https:\/\/www.mpal.mp.br\/index.php?rest_route=\/wp\/v2\/media\/8342"}],"wp:attachment":[{"href":"https:\/\/www.mpal.mp.br\/index.php?rest_route=%2Fwp%2Fv2%2Fmedia&parent=8482"}],"wp:term":[{"taxonomy":"category","embeddable":true,"href":"https:\/\/www.mpal.mp.br\/index.php?rest_route=%2Fwp%2Fv2%2Fcategories&post=8482"},{"taxonomy":"post_tag","embeddable":true,"href":"https:\/\/www.mpal.mp.br\/index.php?rest_route=%2Fwp%2Fv2%2Ftags&post=8482"}],"curies":[{"name":"wp","href":"https:\/\/api.w.org\/{rel}","templated":true}]}}