{"id":8400,"date":"2021-10-01T09:12:52","date_gmt":"2021-10-01T12:12:52","guid":{"rendered":"https:\/\/www.mpal.mp.br\/?p=8400"},"modified":"2022-06-08T09:13:16","modified_gmt":"2022-06-08T12:13:16","slug":"reuniao-ordinaria-pgj-marcio-roberto-e-integrantes-do-cnpg-debatem-desafios-para-o-aprimoramento-e-fortalecimento-institucional-do-mp-brasileiro","status":"publish","type":"post","link":"https:\/\/www.mpal.mp.br\/?p=8400","title":{"rendered":"Reuni\u00e3o ordin\u00e1ria: PGJ M\u00e1rcio Roberto e integrantes do CNPG debatem desafios para o aprimoramento e fortalecimento institucional do MP Brasileiro"},"content":{"rendered":"<p style=\"text-align: justify;\" data-raofz=\"14\"><span style=\"font-size: 14pt;\" data-raofz=\"13\">Em reuni\u00e3o ordin\u00e1ria, realizada nessa quinta-feira (30), em formato h\u00edbrido, na cidade de Gramado (RS), os integrantes do Conselho Nacional dos Procuradores-Gerais de Justi\u00e7a (CNPG), lideran\u00e7as do Minist\u00e9rio P\u00fablico Brasileiro e conselheiros nacionais (CNMP) debateram temas relacionados a mudan\u00e7as no C\u00f3digo Penal, retorno das atividades escolares presenciais e fortalecimento do regime democr\u00e1tico brasileiro. O chefe do Minist\u00e9rio P\u00fablico do Estado de Alagoas, M\u00e1rcio Roberto Ten\u00f3rio de Albuquerque, esteve presente ao encontro.<\/span><\/p>\n<p style=\"text-align: justify;\" data-raofz=\"14\"><span style=\"font-size: 14pt;\" data-raofz=\"13\">A reuni\u00e3o antecedeu a abertura do congresso \u201cMinist\u00e9rio P\u00fablico de uma nova era \u2013 reflex\u00f5es e proje\u00e7\u00f5es\u201d, organizado pelo MP do Rio Grande do Sul (MPRS), CNPG e Associa\u00e7\u00e3o Nacional do MP (Conamp), no mesmo local, para discutir a estrutura do Minist\u00e9rio P\u00fablico em face da era digital e a sociedade interconectada.<\/span><\/p>\n<p style=\"text-align: justify;\" data-raofz=\"14\"><span style=\"font-size: 14pt;\" data-raofz=\"13\">Antes de iniciarem os debates sobre a pauta do dia, os PGJs foram cumprimentados (remotamente) pelo vice-procurador-geral da Rep\u00fablica, Humberto Jacques, devido ao trabalho realizado em cada estado para garantir a livre manifesta\u00e7\u00e3o de pensamento e a prote\u00e7\u00e3o da Constitui\u00e7\u00e3o Federal, durante os atos de 7 de setembro. \u201cO MP \u00e9, sem d\u00favida, o verdadeiro guardi\u00e3o do regime democr\u00e1tico\u201d, refor\u00e7ou.<\/span><\/p>\n<p style=\"text-align: justify;\" data-raofz=\"14\"><span style=\"font-size: 14pt;\" data-raofz=\"13\">O corregedor nacional do MP, Rinaldo Reis (CNMP), tamb\u00e9m fez uma breve fala, destacando a relev\u00e2ncia do trabalho realizado por membros e servidores do MP em todo o pa\u00eds. \u201cO MP est\u00e1 sofrendo ataques pelo que faz de certo e n\u00e3o de errado\u201d, frisou.<\/span><\/p>\n<p style=\"text-align: justify;\" data-raofz=\"14\"><span style=\"font-size: 14pt;\" data-raofz=\"13\">Na ocasi\u00e3o, membros dos Conselhos Nacionais do MP (CNMP) e da Justi\u00e7a (CNJ), que est\u00e3o encerrando seus mandatos, fizeram suas despedidas e balan\u00e7o das a\u00e7\u00f5es realizadas.<\/span><\/p>\n<p style=\"text-align: justify;\" data-raofz=\"14\"><span style=\"font-size: 14pt;\" data-raofz=\"13\">A procuradora de Justi\u00e7a do MP de Goi\u00e1s (MPGO) e conselheira do CNJ, Ivana Farina, sublinhou o aumento da participa\u00e7\u00e3o feminina em postos de comando dentro no MP e o quanto a equidade de g\u00eanero \u00e9 pe\u00e7a fundamental para o aprimoramento das institui\u00e7\u00f5es e a consolida\u00e7\u00e3o da democracia.<\/span><\/p>\n<p style=\"text-align: justify;\" data-raofz=\"14\"><span style=\"font-size: 14pt;\" data-raofz=\"13\">Na sequ\u00eancia, a presidente do CNPG, Ivana Cei, agradeceu a acolhida do MP do Rio Grande de Sul para a realiza\u00e7\u00e3o do encontro. \u201cDesta vez, com grande parte do Colegiado est\u00e1 participando de forma presencial, o que tornou o debate, sobre os mais diversos temas de nossa atua\u00e7\u00e3o, ainda mais caloroso e rico em contribui\u00e7\u00f5es para o aprimoramento das atividades do parquet. Ainda estamos em pandemia e os desafios s\u00e3o enormes para o MP Brasileiro, mas, tenho certeza que estamos preparados para seguirmos com nossa miss\u00e3o institucional, alinhados \u00e0s demandas dos novos tempos\u201d, disse ela.<\/span><\/p>\n<p style=\"text-align: justify;\" data-raofz=\"14\"><span style=\"font-size: 14pt;\" data-raofz=\"13\"><strong>Pontos da pauta aprovados<\/strong><\/span><\/p>\n<p style=\"text-align: justify;\" data-raofz=\"14\"><span style=\"font-size: 14pt;\" data-raofz=\"13\">\u2013 Nota T\u00e9cnica n. 11\/2021, sobre o Projeto de Lei n.\u00ba 1.307\/2019, que altera o Decreto-Lei n.\u00ba 2.848, de 7 de dezembro de 1940 (C\u00f3digo Penal);<br \/>\n\u2013 Tr\u00eas notas p\u00fablicas: uma defesa do regime democr\u00e1tico brasileiro; outra de cumprimentos ao Advogado da Uni\u00e3o Andr\u00e9 Luiz de Almeida Mendon\u00e7a pela indica\u00e7\u00e3o do Supremo Tribunal Federal (STF) e, por fim, uma a respeito do tema \u201cO Direito Fundamental ao M\u00ednimo Constitucional Previsto para Manuten\u00e7\u00e3o e Desenvolvimento da Educa\u00e7\u00e3o\u201d \u2013 COPEDUC;<\/span><\/p>\n<p style=\"text-align: justify;\" data-raofz=\"14\"><span style=\"font-size: 14pt;\" data-raofz=\"13\">\u2013 Enunciado sobre \u201cAvalia\u00e7\u00e3o Diagn\u00f3stica, Busca Ativa e Recupera\u00e7\u00e3o de Aprendizagem no Contexto Pand\u00eamico do Retorno das Atividades Escolares Presenciais\u201d tamb\u00e9m foi amplamente debatido e aprovado pelos PGJs;<\/span><\/p>\n<p style=\"text-align: justify;\" data-raofz=\"14\"><span style=\"font-size: 14pt;\" data-raofz=\"13\">\u2013 Plano Nacional de Acompanhamento Processual nos Tribunais Superiores<\/span><\/p>\n<p style=\"text-align: justify;\" data-raofz=\"14\"><span style=\"font-size: 14pt;\" data-raofz=\"13\"><strong>Principais lideran\u00e7as do MP reunidas para debater os desafios do futuro<\/strong><\/span><\/p>\n<p style=\"text-align: justify;\" data-raofz=\"14\"><span style=\"font-size: 14pt;\" data-raofz=\"13\">Na sequ\u00eancia, houve a abertura do congresso \u201cMinist\u00e9rio P\u00fablico de uma nova era \u2013 reflex\u00f5es e proje\u00e7\u00f5es\u201d, com o desafio de refletir e projetar o Minist\u00e9rio P\u00fablico para o futuro. O anfitri\u00e3o, procurador-geral de Justi\u00e7a do MPRS, Marcelo Dornelles, destacou a import\u00e2ncia do evento e o que ele representa. \u201c\u00c9 muito simb\u00f3lico termos, depois de muito tempo, um evento presencial dessa magnitude. Podemos medir o tamanho deste encontro pela representatividade dos presentes\u201d, afirmou.<\/span><\/p>\n<p style=\"text-align: justify;\" data-raofz=\"14\"><span style=\"font-size: 14pt;\" data-raofz=\"13\">Dornelles falou tamb\u00e9m sobre alguns desafios da institui\u00e7\u00e3o que dever\u00e3o pautar os debates. \u201cSempre foram muitos os nossos desafios, mas, neste momento em que vivemos ainda os impactos da maior crise sanit\u00e1ria da hist\u00f3ria recente, torna-se maior a nossa responsabilidade perante uma sociedade bastante castigada, que demanda um MP cada vez mais resolutivo\u201d, pontuou ele.<\/span><\/p>\n<p style=\"text-align: justify;\" data-raofz=\"14\"><span style=\"font-size: 14pt;\" data-raofz=\"13\">A programa\u00e7\u00e3o segue nesta sexta-feira (1), com os seguintes pain\u00e9is:<\/span><\/p>\n<p style=\"text-align: justify;\" data-raofz=\"14\"><span style=\"font-size: 14pt;\" data-raofz=\"13\">9h30 \u2013 Painel \u201cA estrutura institucional e administrativa do Minist\u00e9rio P\u00fablico brasileiro em face da era digital e a sociedade interconectada. Possibilidades oferecidas pela disrup\u00e7\u00e3o tecnol\u00f3gica\u201d.<\/span><\/p>\n<ul style=\"text-align: justify;\">\n<li data-raofz=\"14\"><span style=\"font-size: 14pt;\" data-raofz=\"13\">Painelistas: Sebasti\u00e3o Vieira Caixeta e Silvio Oliveira de Amorim Junior, Conselheiros do CNMP, Jarbas Soares J\u00fanior, Procurador-Geral de Justi\u00e7a do Estado de Minas Gerais, Tarc\u00edsio Jos\u00e9 Sousa Bonfim, 1\u00ba Vice-Presidente da CONAMP<\/span><\/li>\n<li data-raofz=\"14\"><span style=\"font-size: 14pt;\" data-raofz=\"13\">Mediadora: Jana\u00edna Carneiro Costa, Procuradora-Geral de Justi\u00e7a de Roraima<\/span><\/li>\n<\/ul>\n<p style=\"text-align: justify;\" data-raofz=\"14\"><span style=\"font-size: 14pt;\" data-raofz=\"13\">14h \u2013 Painel \u201dO Minist\u00e9rio P\u00fablico e a comunica\u00e7\u00e3o social com as tecnologias digitais de informa\u00e7\u00f5es e comunica\u00e7\u00e3o\u201d.<br \/>\nPainelistas: Marcelo Weitzel Rabello de Souza, Conselheiro do CNMP, Fernando da Silva Comin, Procurador-Geral de Justi\u00e7a do Estado de Santa Catarina, Adriano Marcus Brito de Assis, Presidente da Associa\u00e7\u00e3o do Minist\u00e9rio P\u00fablico da Bahia, Fabiana Costa Oliveira Barreto, Procuradora-Geral de Justi\u00e7a do Distrito Federal e Territ\u00f3rios.<\/span><\/p>\n<ul style=\"text-align: justify;\">\n<li data-raofz=\"14\"><span style=\"font-size: 14pt;\" data-raofz=\"13\">Mediador: F\u00e1bio Medina Os\u00f3rio, Presidente Executivo do Instituto Internacional de Estudos de Direito do Estado<\/span><\/li>\n<\/ul>\n<p style=\"text-align: justify;\" data-raofz=\"14\"><span style=\"font-size: 14pt;\" data-raofz=\"13\">15h30 \u2013 Painel \u201cO conte\u00fado do princ\u00edpio da unidade do Minist\u00e9rio P\u00fablico no S\u00e9culo XXI: prioridades institucionais; integra\u00e7\u00e3o horizontal entre os ramos do MP Brasileiro; pondera\u00e7\u00e3o com o princ\u00edpio da independ\u00eancia funcional e consequ\u00eancias do car\u00e1ter nacional da carreira\u201d.<\/span><\/p>\n<ul style=\"text-align: justify;\">\n<li data-raofz=\"14\">\n<p align=\"justify\" data-raofz=\"14\"><span style=\"font-size: 14pt;\" data-raofz=\"13\">Painelistas: Conselheiro Rinaldo Reis Lima, Corregedor Nacional do CNMP, Ant\u00f4nio Pereira Duarte, Procurador-Geral de Justi\u00e7a Militar, Jo\u00e3o Ricardo Santos Tavares, Presidente da Associa\u00e7\u00e3o do Minist\u00e9rio P\u00fablico do Rio Grande do Sul.<\/span><\/p>\n<\/li>\n<li data-raofz=\"14\">\n<p align=\"justify\" data-raofz=\"14\"><span style=\"font-size: 14pt;\" data-raofz=\"13\">Mediadora: Caroline Vaz, Subprocuradora-Geral de Justi\u00e7a do Estado do Rio Grande do Sul<\/span><\/p>\n<\/li>\n<\/ul>\n<p style=\"text-align: justify;\" data-raofz=\"14\"><span style=\"font-size: 14pt;\" data-raofz=\"13\">O encerramento do evento contar\u00e1 com a presen\u00e7a do Senador Rodrigo Pacheco, presidente do Senado Federal e do Congresso Nacional, e do governador do Estado Eduardo Leite.<\/span><\/p>\n","protected":false},"excerpt":{"rendered":"<p> [&hellip;]<\/p>\n","protected":false},"author":1,"featured_media":8406,"comment_status":"open","ping_status":"open","sticky":false,"template":"","format":"standard","meta":{"om_disable_all_campaigns":false,"_monsterinsights_skip_tracking":false,"_monsterinsights_sitenote_active":false,"_monsterinsights_sitenote_note":"","_monsterinsights_sitenote_category":0,"_uf_show_specific_survey":0,"_uf_disable_surveys":false,"footnotes":""},"categories":[2],"tags":[],"class_list":["post-8400","post","type-post","status-publish","format-standard","has-post-thumbnail","hentry","category-not_mpal"],"aioseo_notices":[],"_links":{"self":[{"href":"https:\/\/www.mpal.mp.br\/index.php?rest_route=\/wp\/v2\/posts\/8400","targetHints":{"allow":["GET"]}}],"collection":[{"href":"https:\/\/www.mpal.mp.br\/index.php?rest_route=\/wp\/v2\/posts"}],"about":[{"href":"https:\/\/www.mpal.mp.br\/index.php?rest_route=\/wp\/v2\/types\/post"}],"author":[{"embeddable":true,"href":"https:\/\/www.mpal.mp.br\/index.php?rest_route=\/wp\/v2\/users\/1"}],"replies":[{"embeddable":true,"href":"https:\/\/www.mpal.mp.br\/index.php?rest_route=%2Fwp%2Fv2%2Fcomments&post=8400"}],"version-history":[{"count":1,"href":"https:\/\/www.mpal.mp.br\/index.php?rest_route=\/wp\/v2\/posts\/8400\/revisions"}],"predecessor-version":[{"id":8407,"href":"https:\/\/www.mpal.mp.br\/index.php?rest_route=\/wp\/v2\/posts\/8400\/revisions\/8407"}],"wp:featuredmedia":[{"embeddable":true,"href":"https:\/\/www.mpal.mp.br\/index.php?rest_route=\/wp\/v2\/media\/8406"}],"wp:attachment":[{"href":"https:\/\/www.mpal.mp.br\/index.php?rest_route=%2Fwp%2Fv2%2Fmedia&parent=8400"}],"wp:term":[{"taxonomy":"category","embeddable":true,"href":"https:\/\/www.mpal.mp.br\/index.php?rest_route=%2Fwp%2Fv2%2Fcategories&post=8400"},{"taxonomy":"post_tag","embeddable":true,"href":"https:\/\/www.mpal.mp.br\/index.php?rest_route=%2Fwp%2Fv2%2Ftags&post=8400"}],"curies":[{"name":"wp","href":"https:\/\/api.w.org\/{rel}","templated":true}]}}