{"id":8396,"date":"2021-10-06T08:53:20","date_gmt":"2021-10-06T11:53:20","guid":{"rendered":"https:\/\/www.mpal.mp.br\/?p=8396"},"modified":"2022-06-08T08:53:35","modified_gmt":"2022-06-08T11:53:35","slug":"outubro-rosa-lancado-o-mp-com-elas-na-prevencao-em-prol-da-mulher-alagoana","status":"publish","type":"post","link":"https:\/\/www.mpal.mp.br\/?p=8396","title":{"rendered":"Outubro Rosa: Lan\u00e7ado o \u201cMP com elas na Preven\u00e7\u00e3o\u201d em prol da mulher alagoana"},"content":{"rendered":"<p style=\"text-align: justify;\" data-raofz=\"14\"><span style=\"font-size: 14pt;\">A luta \u00e9 anual, mas outubro serve para aumentar o alerta no combate ao c\u00e2ncer de mama, o segundo que mais mata no mundo e, consequentemente, no Brasil. Nessa segunda-feira (4), o Minist\u00e9rio P\u00fablico de Alagoas (MPAL) lan\u00e7ou a campanha \u201cMP com elas na preven\u00e7\u00e3o\u201d, com a participa\u00e7\u00e3o do Minist\u00e9rio P\u00fablico Federal e especialistas. O debate, ocorrido por meio de live, teve o prop\u00f3sito de levar \u00e0s mulheres alagoanas dados reais de casos e orienta\u00e7\u00f5es imprescind\u00edveis.<\/span><\/p>\n<p style=\"text-align: justify;\" data-raofz=\"14\"><span style=\"font-size: 14pt;\">O subprocurador geral administrativo, Valter Acioly, que substitu\u00eda o procurador-geral, M\u00e1rcio Roberto de Albuquerque, em tal momento, mencionou a import\u00e2ncia da uni\u00e3o de todos no processo, considerado por ele como de extrema necessidade.<\/span><\/p>\n<p style=\"text-align: justify;\" data-raofz=\"14\"><span style=\"font-size: 14pt;\">\u201cO Minist\u00e9rio P\u00fablico abra\u00e7a anualmente esta causa e os parceiros que se disp\u00f5em a somar nesse enfrentamento s\u00e3o dignos de nossos aplausos. Dar as m\u00e3os \u00e9 de grande relev\u00e2ncia para sejam encontrados os mecanismos ideais num cronograma de enfrentamento ao c\u00e2ncer de mama. O MP tem interesse imenso em saber como \u00e9 poss\u00edvel instigar mais os promotores, pois eles t\u00eam uma capacidade invej\u00e1vel de atuar e nosso dever \u00e9 o de proteger o cidad\u00e3o, garantir seus direitos\u201d, afirma o subprocurador-geral.<\/span><\/p>\n<p style=\"text-align: justify;\" data-raofz=\"14\"><span style=\"font-size: 14pt;\">Os debates foram intermediados pela promotora de Justi\u00e7a e coordenadora do N\u00facleo da Sa\u00fade do MPAL, Micheline Ten\u00f3rio, que abriu seu discurso enfatizando que \u201co MP luta para que as pessoas tenham dignidade\u201d. Aproveitou a oportunidade para registrar que, com o MPF, adotar\u00e1 as medidas necess\u00e1rias para que, de fato, a mulher alagoana tenha uma assist\u00eancia devida.<\/span><\/p>\n<p style=\"text-align: justify;\" data-raofz=\"14\"><span style=\"font-size: 14pt;\">Sua fala foi refor\u00e7ada pela procuradora da Rep\u00fablica, Roberta Bomfim, que defendeu o compromisso do MPF para melhores resultados.<\/span><\/p>\n<p style=\"text-align: justify;\" data-raofz=\"14\"><span style=\"font-size: 14pt;\">\u201cEstamos preparados para unir for\u00e7as e garantir acesso mais r\u00e1pido aos m\u00e9todos de preven\u00e7\u00e3o, curativos, paliativos. A assist\u00eancia oncol\u00f3gica tem aten\u00e7\u00e3o especial nossa e \u00e9 importante destacar a necessidade de voltarmos, ap\u00f3s o per\u00edodo pand\u00eamico, retomarmos a rotina e os cuidados m\u00e9dicos. \u00c9 preciso assimilar que a descoberta precoce leva \u00e0 possibilidade de cura\u201d, ressalta a procuradora.<\/span><\/p>\n<p style=\"text-align: justify;\" data-raofz=\"14\"><span style=\"font-size: 14pt;\"><strong>Especialistas<\/strong><\/span><\/p>\n<p style=\"text-align: justify;\" data-raofz=\"14\"><span style=\"font-size: 14pt;\">O momento contou com a presen\u00e7a da m\u00e9dica oncologista, Joyce Lisboa. Num resumo de todo conhecimento nessa \u00e1rea, ela pontuou assuntos que levam a reflex\u00f5es e estimulam a mulher a tomar iniciativas no tocante \u00e0 preven\u00e7\u00e3o.<\/span><\/p>\n<p style=\"text-align: justify;\" data-raofz=\"14\"><span style=\"font-size: 14pt;\">\u201cO Minist\u00e9rio da Sa\u00fade recomenda que os exames sejam feitos a cada dois anos, a partir dos 50, e n\u00f3s recomendamos a partir dos 40, anualmente. Como m\u00e9dica trago dados que comprovam que em 40% dos casos de c\u00e2ncer de mama, no Brasil, as mulheres tinham menos de 50 anos, e em 10% menos de 40\u201d.<\/span><\/p>\n<p style=\"text-align: justify;\" data-raofz=\"14\"><span style=\"font-size: 14pt;\">Ela advertiu que \u201ca preven\u00e7\u00e3o \u00e9 o momento em que podemos fazer mudar os fatores de riscos, enquanto o diagn\u00f3stico precoce quando \u00e9 feito permite mais chances de cura e os tratamentos s\u00e3o menos agressivos\u201d. E conclui afirmando: \u201c\u00e9 preciso que as pessoas entendam essa import\u00e2ncia\u201d.<\/span><\/p>\n<p style=\"text-align: justify;\" data-raofz=\"14\"><span style=\"font-size: 14pt;\">A especialista tamb\u00e9m falou na pandemia como agravante, responsabilizando-a pelo atraso em diagn\u00f3sticos, bi\u00f3psias e externou preocupa\u00e7\u00e3o.<\/span><br \/>\n<span style=\"font-size: 14pt;\">\u201c\u00c9 preciso retornarmos \u00e0 rotina, porque um ano sem exames \u00e9 muito tempo num diagn\u00f3stico de c\u00e2ncer\u201d.<\/span><\/p>\n<p style=\"text-align: justify;\" data-raofz=\"14\"><span style=\"font-size: 14pt;\">A m\u00e9dica e presidente da Sociedade Alagoana de Mastologia, L\u00edgia Teixeira, por sua vez, iniciou elogiando o trabalho da doutora Joyce e falou sobre a quest\u00e3o das campanhas, da necessidade de mais envolvimento. Mas, trouxe uma informa\u00e7\u00e3o diferente e que nem todos conhecem.<\/span><\/p>\n<p style=\"text-align: justify;\" data-raofz=\"14\"><span style=\"font-size: 14pt;\">\u201cSe o sistema funcionasse como deveria, n\u00e3o precis\u00e1vamos fazer essas campanhas. Posso afirmar que n\u00e3o estamos dando o acolhimento devido a estas mulheres. No Brasil n\u00e3o faltam mam\u00f3grafos, o problema \u00e9 que est\u00e3o mal distribu\u00eddos e, nalguns locais, a qualidade dos exames \u00e9 muito ruim e n\u00e3o conseguimos identificar o problema. E o outubro rosa deve ser o ano inteiro\u201d, enfatiza L\u00edgia Teixeira.<\/span><\/p>\n<p style=\"text-align: justify;\" data-raofz=\"14\"><span style=\"font-size: 14pt;\"><strong>Comparativos SUS<\/strong><\/span><\/p>\n<p style=\"text-align: justify;\" data-raofz=\"14\"><span style=\"font-size: 14pt;\">Ambas atentaram para realidades diferentes com a utiliza\u00e7\u00e3o do Sistema \u00danico de Sa\u00fade e compararam, como exemplo, Alagoas e S\u00e3o Paulo, onde a m\u00e9dica L\u00edgia Teixeira se especializou por 15 anos.<\/span><\/p>\n<p style=\"text-align: justify;\" data-raofz=\"14\"><span style=\"font-size: 14pt;\">As especialistas revelaram que \u00e9 gritante o distanciamento na qualidade do atendimento \u00e0s mulheres diagnosticadas com c\u00e2ncer e apresentaram alguns detalhes.<\/span><\/p>\n<p style=\"text-align: justify;\" data-raofz=\"14\"><span style=\"font-size: 14pt;\">\u201cO mesmo SUS, em S\u00e3o Paulo, \u00e9 bem diferente daqui e a nova realidade que vivo em Alagoas h\u00e1 dois meses \u00e9 impactante. Aqui n\u00e3o se consegue uma bi\u00f3psia r\u00e1pida, uma consulta com facilidade com o especialista e tamb\u00e9m o tratamento\u201d, diz L\u00edgia Teixeira.<\/span><\/p>\n<p style=\"text-align: justify;\" data-raofz=\"14\"><span style=\"font-size: 14pt;\">Por esta raz\u00e3o, os dois Minist\u00e9rios (MPAL e MPF) decidiram se reunir o mais r\u00e1pido poss\u00edvel para cobrar e garantir celeridade com o prop\u00f3sito de salvar vidas.<\/span><\/p>\n<p style=\"text-align: justify;\" data-raofz=\"14\"><span style=\"font-size: 14pt;\">\u201cComo desdobramento desse encontro t\u00e3o importante, checaremos todas as possibilidades de os MP\u00b4s atuarem na tentativa de agilizar todo e qualquer atendimento\u201d, afirma a promotora Micheline Ten\u00f3rio.<\/span><\/p>\n<p style=\"text-align: justify;\" data-raofz=\"14\"><span style=\"font-size: 14pt;\">\u201cH\u00e1 gargalos no sistema, mas h\u00e1 coisas que nos cabem e podem fazer a diferen\u00e7a, o MPF coloca-se \u00e0 disposi\u00e7\u00e3o\u201d, refor\u00e7a a procuradora-chefe, Roberta Bomfim.<\/span><\/p>\n<p style=\"text-align: justify;\" data-raofz=\"14\"><span style=\"font-size: 14pt;\">O encerramento foi feito com a transmiss\u00e3o de um v\u00eddeo com depoimento da psic\u00f3loga, Patr\u00edcia Vieira, que descobriu o c\u00e2ncer de mama em 2008.<\/span><\/p>\n<p style=\"text-align: justify;\" data-raofz=\"14\"><span style=\"font-size: 14pt;\">\u201cHouve a surpresa porque tinha 30 anos, havia amamentado recentemente, mas, mesmo assim, apresentei o quadro. O que posso dizer \u00e9 que, o amor pr\u00f3prio, a autoestima, o cuidado com a sa\u00fade, com a vida, deve ser pensado de outubro a outubro\u201d.<\/span><\/p>\n<p style=\"text-align: justify;\" data-raofz=\"14\"><span style=\"font-size: 14pt;\">Dentro dos alertas, \u00e9 importante lembrar que o c\u00e2ncer de mama tamb\u00e9m acomete homens e que todo tipo de c\u00e2ncer \u00e9 silencioso.<\/span><\/p>\n<p style=\"text-align: justify;\" data-raofz=\"14\">\n","protected":false},"excerpt":{"rendered":"<p> [&hellip;]<\/p>\n","protected":false},"author":1,"featured_media":8398,"comment_status":"open","ping_status":"open","sticky":false,"template":"","format":"standard","meta":{"om_disable_all_campaigns":false,"_monsterinsights_skip_tracking":false,"_monsterinsights_sitenote_active":false,"_monsterinsights_sitenote_note":"","_monsterinsights_sitenote_category":0,"_uf_show_specific_survey":0,"_uf_disable_surveys":false,"footnotes":""},"categories":[2],"tags":[],"class_list":["post-8396","post","type-post","status-publish","format-standard","has-post-thumbnail","hentry","category-not_mpal"],"aioseo_notices":[],"_links":{"self":[{"href":"https:\/\/www.mpal.mp.br\/index.php?rest_route=\/wp\/v2\/posts\/8396","targetHints":{"allow":["GET"]}}],"collection":[{"href":"https:\/\/www.mpal.mp.br\/index.php?rest_route=\/wp\/v2\/posts"}],"about":[{"href":"https:\/\/www.mpal.mp.br\/index.php?rest_route=\/wp\/v2\/types\/post"}],"author":[{"embeddable":true,"href":"https:\/\/www.mpal.mp.br\/index.php?rest_route=\/wp\/v2\/users\/1"}],"replies":[{"embeddable":true,"href":"https:\/\/www.mpal.mp.br\/index.php?rest_route=%2Fwp%2Fv2%2Fcomments&post=8396"}],"version-history":[{"count":1,"href":"https:\/\/www.mpal.mp.br\/index.php?rest_route=\/wp\/v2\/posts\/8396\/revisions"}],"predecessor-version":[{"id":8399,"href":"https:\/\/www.mpal.mp.br\/index.php?rest_route=\/wp\/v2\/posts\/8396\/revisions\/8399"}],"wp:featuredmedia":[{"embeddable":true,"href":"https:\/\/www.mpal.mp.br\/index.php?rest_route=\/wp\/v2\/media\/8398"}],"wp:attachment":[{"href":"https:\/\/www.mpal.mp.br\/index.php?rest_route=%2Fwp%2Fv2%2Fmedia&parent=8396"}],"wp:term":[{"taxonomy":"category","embeddable":true,"href":"https:\/\/www.mpal.mp.br\/index.php?rest_route=%2Fwp%2Fv2%2Fcategories&post=8396"},{"taxonomy":"post_tag","embeddable":true,"href":"https:\/\/www.mpal.mp.br\/index.php?rest_route=%2Fwp%2Fv2%2Ftags&post=8396"}],"curies":[{"name":"wp","href":"https:\/\/api.w.org\/{rel}","templated":true}]}}