{"id":8389,"date":"2021-10-06T08:50:43","date_gmt":"2021-10-06T11:50:43","guid":{"rendered":"https:\/\/www.mpal.mp.br\/?p=8389"},"modified":"2022-06-08T08:51:13","modified_gmt":"2022-06-08T11:51:13","slug":"pgj-marcio-roberto-e-promotor-hamilton-carneiro-sao-homenageados-pela-rotam","status":"publish","type":"post","link":"https:\/\/www.mpal.mp.br\/?p=8389","title":{"rendered":"PGJ M\u00e1rcio Roberto e promotor Ham\u00edlton Carneiro s\u00e3o homenageados pela Rotam"},"content":{"rendered":"<p style=\"text-align: justify;\" align=\"justify\" data-raofz=\"14\"><span style=\"font-size: 14pt;\" data-raofz=\"13\">O procurador-geral de Justi\u00e7a, M\u00e1rcio Roberto Ten\u00f3rio de Albuquerque, e o promotor de Justi\u00e7a e coordenador do N\u00facleo de Gest\u00e3o de Informa\u00e7\u00e3o (NGI), Ham\u00edlton Carneiro, receberam uma homenagem, nesta quarta-feira (6), do Batalh\u00e3o de Rondas Ostensivas T\u00e1ticas Motorizadas (Rotam), antiga Radiopatrulha. A homenagem ocorreu como forma de agradecimento ao Minist\u00e9rio P\u00fablico do Estado de Alagoas pela parceria desenvolvida em importantes investiga\u00e7\u00f5es ao longo dos 20 anos de exist\u00eancia daquela unidade militar.<\/span><\/p>\n<p style=\"text-align: justify;\" align=\"justify\" data-raofz=\"14\"><span style=\"font-size: 14pt;\" data-raofz=\"13\">Durante o encontro, o chefe do MPAL foi agraciado com uma camisa em alus\u00e3o as duas d\u00e9cadas da Rotam e uma miniatura do modelo de viatura do referido batalh\u00e3o. J\u00e1 o promotor Ham\u00edlton Carneiro recebeu uma placa com palavras de agradecimento em raz\u00e3o do servi\u00e7o de intelig\u00eancia que \u00e9 desenvolvido de forma conjunta pelos dois \u00f3rg\u00e3os.<\/span><\/p>\n<p style=\"text-align: justify;\" align=\"justify\" data-raofz=\"14\"><span style=\"font-size: 14pt;\" data-raofz=\"13\">\u201cOs senhores tenham certeza que esse trabalho feito em parceria entre o Minist\u00e9rio P\u00fablico e a Pol\u00edcia Militar, em especial com a Rotam, seguir\u00e1 sendo fortalecido a cada dia. Confiamos nos servi\u00e7os prestados pelos homens e mulheres que integram o Rondas Ostensivas T\u00e1ticas Motorizadas e temos convic\u00e7\u00e3o que, assim como n\u00f3s, os militares tamb\u00e9m querem combater o crime, buscar a puni\u00e7\u00e3o para aqueles que insistem em afrontar a lei e oferecer \u00e0 popula\u00e7\u00e3o alagoana a sensa\u00e7\u00e3o de paz social. Saibam que esta homenagem me deixa lisonjeado, especialmente porque, durante tr\u00eas importantes anos da minha vida, pude servir \u00e0 Pol\u00edcia Militar do meu estado, e tenho muito orgulho dessa parte da minha hist\u00f3ria\u201d, declarou M\u00e1rcio Roberto Ten\u00f3rio de Albuquerque.<\/span><\/p>\n<p style=\"text-align: justify;\" align=\"justify\" data-raofz=\"14\"><span style=\"font-size: 14pt;\" data-raofz=\"13\">O promotor Ham\u00edlton Carneiro tamb\u00e9m agradeceu a homenagem recebida. \u201cEu tenho uma imensa afinidade com a Rotan, antiga RP, porque trabalhamos juntos numa infinidade de investiga\u00e7\u00f5es que geraram grandes resultados, com o desbaratamento de organiza\u00e7\u00f5es criminosas que praticavam os mais diversos tipos de il\u00edcito penal. Ent\u00e3o, quero dizer que \u00e9 uma honra ser homenageado por um batalh\u00e3o que tanto colabora com o Minist\u00e9rio P\u00fablico no enfrentamento ao crime\u201d, disse ele.<\/span><\/p>\n<p style=\"text-align: justify;\" align=\"justify\" data-raofz=\"14\"><span style=\"font-size: 14pt;\" data-raofz=\"13\">O promotor de Justi\u00e7a Jos\u00e9 Ant\u00f4nio Malta Marques, que estava presente no momento das homenagens, lembrou do caso de um PM que integrava a Rotam, em 2016, e que foi morto durante uma ocorr\u00eancia policial. \u201cO capit\u00e3o Rodrigo Rodrigues era um dos melhores homens da Pol\u00edcia Militar e era lotado na ent\u00e3o RP. Recordo-me de ter feito o j\u00fari que levou o seu assassino \u00e0 condena\u00e7\u00e3o. Tratava-se de um oficial destemido e dedicado que, certamente, deu muito orgulho \u00e0 Radiopatrulha, hoje Rotam. Desde aquele ano, o batalh\u00e3o leva o nome do militar.<\/span><\/p>\n<p style=\"text-align: justify;\" align=\"justify\" data-raofz=\"14\"><span style=\"font-size: 14pt;\" data-raofz=\"13\"><b>Agradecimento<\/b><\/span><\/p>\n<p style=\"text-align: justify;\" align=\"justify\" data-raofz=\"14\"><span style=\"font-size: 14pt;\" data-raofz=\"13\">O comandante da Rotan, tenente-coronel Marlon Ara\u00fajo, destacou a parceria entre o MPAL e a Rotan nas investiga\u00e7\u00f5es e afirmou que o batalh\u00e3o estar\u00e1 sempre \u00e0 disposi\u00e7\u00e3o do Minist\u00e9rio P\u00fablico para combater a criminalidade. \u201cEssa \u00e9 uma miss\u00e3o que desempenhamos com garra e determina\u00e7\u00e3o e esperamos que muitas outras apura\u00e7\u00f5es possam ser desenvolvidas. E que fique registrada a nossa gratid\u00e3o ao MPAL pela confian\u00e7a depositada em nossa equipe ao longo desses 20 anos\u201d, afirmou o oficial.<\/span><\/p>\n","protected":false},"excerpt":{"rendered":"<p> [&hellip;]<\/p>\n","protected":false},"author":1,"featured_media":8392,"comment_status":"open","ping_status":"open","sticky":false,"template":"","format":"standard","meta":{"om_disable_all_campaigns":false,"_monsterinsights_skip_tracking":false,"_monsterinsights_sitenote_active":false,"_monsterinsights_sitenote_note":"","_monsterinsights_sitenote_category":0,"_uf_show_specific_survey":0,"_uf_disable_surveys":false,"footnotes":""},"categories":[2],"tags":[],"class_list":["post-8389","post","type-post","status-publish","format-standard","has-post-thumbnail","hentry","category-not_mpal"],"aioseo_notices":[],"_links":{"self":[{"href":"https:\/\/www.mpal.mp.br\/index.php?rest_route=\/wp\/v2\/posts\/8389","targetHints":{"allow":["GET"]}}],"collection":[{"href":"https:\/\/www.mpal.mp.br\/index.php?rest_route=\/wp\/v2\/posts"}],"about":[{"href":"https:\/\/www.mpal.mp.br\/index.php?rest_route=\/wp\/v2\/types\/post"}],"author":[{"embeddable":true,"href":"https:\/\/www.mpal.mp.br\/index.php?rest_route=\/wp\/v2\/users\/1"}],"replies":[{"embeddable":true,"href":"https:\/\/www.mpal.mp.br\/index.php?rest_route=%2Fwp%2Fv2%2Fcomments&post=8389"}],"version-history":[{"count":1,"href":"https:\/\/www.mpal.mp.br\/index.php?rest_route=\/wp\/v2\/posts\/8389\/revisions"}],"predecessor-version":[{"id":8393,"href":"https:\/\/www.mpal.mp.br\/index.php?rest_route=\/wp\/v2\/posts\/8389\/revisions\/8393"}],"wp:featuredmedia":[{"embeddable":true,"href":"https:\/\/www.mpal.mp.br\/index.php?rest_route=\/wp\/v2\/media\/8392"}],"wp:attachment":[{"href":"https:\/\/www.mpal.mp.br\/index.php?rest_route=%2Fwp%2Fv2%2Fmedia&parent=8389"}],"wp:term":[{"taxonomy":"category","embeddable":true,"href":"https:\/\/www.mpal.mp.br\/index.php?rest_route=%2Fwp%2Fv2%2Fcategories&post=8389"},{"taxonomy":"post_tag","embeddable":true,"href":"https:\/\/www.mpal.mp.br\/index.php?rest_route=%2Fwp%2Fv2%2Ftags&post=8389"}],"curies":[{"name":"wp","href":"https:\/\/api.w.org\/{rel}","templated":true}]}}