{"id":8384,"date":"2021-10-06T08:45:29","date_gmt":"2021-10-06T11:45:29","guid":{"rendered":"https:\/\/www.mpal.mp.br\/?p=8384"},"modified":"2022-06-08T08:45:46","modified_gmt":"2022-06-08T11:45:46","slug":"excelencia-em-gestao-mpal-abre-inscricoes-para-premiar-os-melhores-projetos-de-membros-e-servidores-e-seus-respectivos-gerentes","status":"publish","type":"post","link":"https:\/\/www.mpal.mp.br\/?p=8384","title":{"rendered":"Excel\u00eancia em Gest\u00e3o: MPAL abre inscri\u00e7\u00f5es para premiar os melhores projetos de membros e servidores e seus respectivos gerentes"},"content":{"rendered":"<p style=\"text-align: justify;\" align=\"justify\" data-raofz=\"14\"><span style=\"font-size: 14pt;\">A proposta \u00e9 motivar membros e servidores a contribu\u00edrem com suas qualifica\u00e7\u00f5es profissionais elaborando projetos que promovam um diferencial internamente, mas com reflexos na vida do cidad\u00e3o. Assim, o \u201cPr\u00eamio Excel\u00eancia em Gest\u00e3o de Projetos\u201d, institu\u00eddo em 2019, pelo Minist\u00e9rio P\u00fablico do Estado de Alagoas (MPE\/AL) abre, nesta quarta-feira (6), as inscri\u00e7\u00f5es para quem tiver interesse em concorrer nas \u00e1reas fim e meio. O certame foi divulgado no Di\u00e1rio Oficial Eletr\u00f4nico da institui\u00e7\u00e3o com todos os crit\u00e9rios a serem seguidos. Somente concorrer\u00e3o \u00e0 premia\u00e7\u00e3o os projetos apresentados com uso do formul\u00e1rio disponibilizado pela Assessoria de Planejamento e Gest\u00e3o Estrat\u00e9gica (Asplage) e encaminhados ao e-mail escrit\u00f3rio.projetos@mpal.mp.br at\u00e9 o dia 22 de outubro de 2021 e, consequentemente, inseridos e com gerenciamento atualizado no Sistema INOVA de gerenciamento de projetos. A premia\u00e7\u00e3o tamb\u00e9m contempla os gerentes dos projetos.<\/span><\/p>\n<p style=\"text-align: justify;\" align=\"justify\" data-raofz=\"14\"><span style=\"font-size: 14pt;\">Em seu segundo ano, o pr\u00eamio segue o tr\u00e2mite anterior sendo dividido em duas fases, passando para a semifinal os cinco projetos com maior pontua\u00e7\u00e3o. O processamento das notas ficar\u00e1 sob responsabilidade da Asplage, contabilizando o que for repassado pela comiss\u00e3o julgadora.<\/span><\/p>\n<p style=\"text-align: justify;\" align=\"justify\" data-raofz=\"14\"><span style=\"font-size: 14pt;\">O procurador-geral de Justi\u00e7a, M\u00e1rcio Roberto Ten\u00f3rio de Albuquerque, absorve o pr\u00eamio como elemento de valoriza\u00e7\u00e3o dentro da institui\u00e7\u00e3o.<\/span><\/p>\n<p style=\"text-align: justify;\" align=\"justify\" data-raofz=\"14\"><span style=\"font-size: 14pt;\">\u201cEssa iniciativa \u00e9 algo assertivo e muito proveitoso quando pensamos evolu\u00e7\u00e3o dentro do Minist\u00e9rio P\u00fablico de Alagoas, afinal permite que membros e servidores deem o melhor de si na constru\u00e7\u00e3o de cada projeto visando benef\u00edcios institucionais, mas estendendo-os ao cidad\u00e3o. Porque tudo o que \u00e9 elaborado \u00e9 respaldado pelo anseio de efic\u00e1cia, de resultados positivos e que obviamente resultem em muitos ganhos para todos. Sem esquecermos de enfatizar que abre espa\u00e7o para conhecermos de perto os potenciais que possu\u00edmos\u201d, enfatiza o chefe ministerial.<\/span><\/p>\n<p style=\"text-align: justify;\" align=\"justify\" data-raofz=\"14\"><span style=\"font-size: 14pt;\">A assessora de Planejamento Estrat\u00e9gico, promotora de Justi\u00e7a, Stela Val\u00e9ria Cavalcante, fala com entusiasmo sobre o pr\u00eamio e convida os colegas membros e tamb\u00e9m os servidores a inscreverem seus trabalhos.<\/span><\/p>\n<p style=\"text-align: justify;\" align=\"justify\" data-raofz=\"14\"><span style=\"font-size: 14pt;\">\u201cCom esta premia\u00e7\u00e3o, o MP\/AL pretende incentivar que sejam desenvolvidas cada vez mais iniciativas de interesse social, com o prop\u00f3sito de transformar realidades e a promo\u00e7\u00e3o de pol\u00edticas p\u00fablicas, valorizando membros e servidores dedicados aos projetos\u201d, declara a promotora Stela Cavancanti.<\/span><\/p>\n<p style=\"text-align: justify;\" align=\"justify\" data-raofz=\"14\"><span style=\"font-size: 14pt;\">Por meio do ATO PGJ N\u00ba 31\/2021 foi regulamentado o funcionamento da Comiss\u00e3o do Pr\u00eamio \u201cExcel\u00eancia em Gest\u00e3o de Projetos\u201d, edi\u00e7\u00e3o 2021, designada pela Portaria PGJ n. 444\/2021. O Pr\u00eamio ser\u00e1 outorgado no dia 12 de novembro de 2021, em reuni\u00e3o extraordin\u00e1ria solene do Col\u00e9gio de Procuradores de Justi\u00e7a.<\/span><\/p>\n","protected":false},"excerpt":{"rendered":"<p> [&hellip;]<\/p>\n","protected":false},"author":1,"featured_media":8385,"comment_status":"open","ping_status":"open","sticky":false,"template":"","format":"standard","meta":{"om_disable_all_campaigns":false,"_monsterinsights_skip_tracking":false,"_monsterinsights_sitenote_active":false,"_monsterinsights_sitenote_note":"","_monsterinsights_sitenote_category":0,"_uf_show_specific_survey":0,"_uf_disable_surveys":false,"footnotes":""},"categories":[2],"tags":[],"class_list":["post-8384","post","type-post","status-publish","format-standard","has-post-thumbnail","hentry","category-not_mpal"],"aioseo_notices":[],"_links":{"self":[{"href":"https:\/\/www.mpal.mp.br\/index.php?rest_route=\/wp\/v2\/posts\/8384","targetHints":{"allow":["GET"]}}],"collection":[{"href":"https:\/\/www.mpal.mp.br\/index.php?rest_route=\/wp\/v2\/posts"}],"about":[{"href":"https:\/\/www.mpal.mp.br\/index.php?rest_route=\/wp\/v2\/types\/post"}],"author":[{"embeddable":true,"href":"https:\/\/www.mpal.mp.br\/index.php?rest_route=\/wp\/v2\/users\/1"}],"replies":[{"embeddable":true,"href":"https:\/\/www.mpal.mp.br\/index.php?rest_route=%2Fwp%2Fv2%2Fcomments&post=8384"}],"version-history":[{"count":1,"href":"https:\/\/www.mpal.mp.br\/index.php?rest_route=\/wp\/v2\/posts\/8384\/revisions"}],"predecessor-version":[{"id":8386,"href":"https:\/\/www.mpal.mp.br\/index.php?rest_route=\/wp\/v2\/posts\/8384\/revisions\/8386"}],"wp:featuredmedia":[{"embeddable":true,"href":"https:\/\/www.mpal.mp.br\/index.php?rest_route=\/wp\/v2\/media\/8385"}],"wp:attachment":[{"href":"https:\/\/www.mpal.mp.br\/index.php?rest_route=%2Fwp%2Fv2%2Fmedia&parent=8384"}],"wp:term":[{"taxonomy":"category","embeddable":true,"href":"https:\/\/www.mpal.mp.br\/index.php?rest_route=%2Fwp%2Fv2%2Fcategories&post=8384"},{"taxonomy":"post_tag","embeddable":true,"href":"https:\/\/www.mpal.mp.br\/index.php?rest_route=%2Fwp%2Fv2%2Ftags&post=8384"}],"curies":[{"name":"wp","href":"https:\/\/api.w.org\/{rel}","templated":true}]}}