{"id":8366,"date":"2021-10-13T08:37:13","date_gmt":"2021-10-13T11:37:13","guid":{"rendered":"https:\/\/www.mpal.mp.br\/?p=8366"},"modified":"2022-06-08T08:37:29","modified_gmt":"2022-06-08T11:37:29","slug":"mpal-membros-e-servidores-fazem-ato-contra-a-pec-05-que-tira-a-autonomia-da-instituicao","status":"publish","type":"post","link":"https:\/\/www.mpal.mp.br\/?p=8366","title":{"rendered":"MPAL: membros e servidores fazem ato contra a PEC 05 que tira a autonomia da institui\u00e7\u00e3o"},"content":{"rendered":"<p style=\"text-align: justify;\" data-raofz=\"14\"><span style=\"font-size: 14pt;\" data-raofz=\"13\">O procurador-geral de Justi\u00e7a, M\u00e1rcio Roberto Ten\u00f3rio de Albuquerque, com\u00a0 membros e servidores, apoiados pelo Minist\u00e9rio P\u00fablico Federal (MPF) e pela Associa\u00e7\u00e3o do Minist\u00e9rio P\u00fablico (AMPAL) coordenou uma mobiliza\u00e7\u00e3o, na manh\u00e3 desta quinta-feira (13), em frente ao pr\u00e9dio-sede, no bairro do Po\u00e7o, em Macei\u00f3, contra a PEC 05\/2021, de autoria do deputado Paulo Teixeira (PT-SP) que tira a autonomia da institui\u00e7\u00e3o, engessando seu poder de decis\u00e3o no combate \u00e0 improbidade administrativa e todos demais tipos de a\u00e7\u00f5es criminosas que culminem no atropelamento da cidadania.<\/span><\/p>\n<p style=\"text-align: justify;\" data-raofz=\"14\"><span style=\"font-size: 14pt;\" data-raofz=\"13\">Para o chefe ministerial, a atitude do autor da PEC fere diretamente a Constitui\u00e7\u00e3o Brasileira e quem comunga desrespeita a sociedade.<\/span><\/p>\n<p style=\"text-align: justify;\" data-raofz=\"14\"><span style=\"font-size: 14pt;\" data-raofz=\"13\">\u201cO Minist\u00e9rio P\u00fablico est\u00e1 sendo v\u00edtima de parlamentares descomprometidos com o povo, com a democracia, com a legalidade. Incansavelmente estamos defendendo o cidad\u00e3o, investigando e pedindo puni\u00e7\u00e3o de quem desvia recursos p\u00fablicos, de quem investe o dinheiro da Educa\u00e7\u00e3o, da Sa\u00fade, da Assist\u00eancia Social em im\u00f3veis caros e carros de luxo, esnobando das pessoas carentes que lhes \u00a0deram um voto de confian\u00e7a e os elegeram seus representantes. Ent\u00e3o, est\u00e1 mais do que expl\u00edcito o motivo pelo qual querem calar nossa institui\u00e7\u00e3o. \u00c9 totalmente absurda essa PEC que tramita no Congresso Nacional, ela promove a impunidade. Se no Brasil nos deparamos com tantos absurdos e, por mais que se puna, alguns pol\u00edticos reincidem em seus crimes imaginem com um Minist\u00e9rio P\u00fablico sem poder de decis\u00e3o\u201d, afirma o procurador-geral.<\/span><\/p>\n<p style=\"text-align: justify;\" data-raofz=\"14\"><span style=\"font-size: 14pt;\" data-raofz=\"13\">J\u00e1 o procurador de Justi\u00e7a, H\u00e9lder Juc\u00e1, saiu em defesa do MP colocando-se \u00e0 disposi\u00e7\u00e3o para somar for\u00e7as e impedir o disparate da PEC 05<\/span><\/p>\n<p style=\"text-align: justify;\" data-raofz=\"14\"><span style=\"font-size: 14pt;\" data-raofz=\"13\">\u201cS\u00f3 tenho a dizer que me sinto orgulhoso com essa manifesta\u00e7\u00e3o de todos os membros da institui\u00e7\u00e3o. Estou aqui para me somar \u00e0 luta dessas bravas vozes do Minist\u00e9rio P\u00fablico Brasileiro neste estado, vozes essas que n\u00e3o se calam. Continuaremos a lutar\u201d, enfatiza S\u00e9rgio Juc\u00e1!<\/span><\/p>\n<p style=\"text-align: justify;\" data-raofz=\"14\"><span style=\"font-size: 14pt;\" data-raofz=\"13\">Durante a manifesta\u00e7\u00e3o, o presidente da Ampal, promotor de Justi\u00e7a, Roberto Salom\u00e3o, tamb\u00e9m demonstrou indigna\u00e7\u00e3o.<\/span><\/p>\n<p style=\"text-align: justify;\" data-raofz=\"14\"><span style=\"font-size: 14pt;\" data-raofz=\"13\">\u201cEnquanto presidente da Ampal, representando todos os membros do Minist\u00e9rio P\u00fablico, repudio essa atitude desrespeitosa com a nossa institui\u00e7\u00e3o, ressaltando a import\u00e2ncia indiscut\u00edvel de cada membro para a garantia dos direitos e cidadania do povo brasileiro. A PEC 5 fere a constitui\u00e7\u00e3o e implode o poder do MP de lutar fortemente, como sempre, contra os crimes de corrup\u00e7\u00e3o cometidos por tantos pol\u00edticos\u201d, diz Roberto Salom\u00e3o.<\/span><\/p>\n<p style=\"text-align: justify;\" data-raofz=\"14\"><span style=\"font-size: 14pt;\" data-raofz=\"13\">Com sentimento de luto, pela arbitrariedade imposta na PEC 05\/2021, membros e servidores vestiram preto e seguraram faixas com frases de indigna\u00e7\u00e3o. Em seguida, continuando o protesto, houve reuni\u00e3o na Sala dos Colegiados, transmitida pelo Youtube e com participa\u00e7\u00e3o on-line de outros membros, \u00a0contando com a presen\u00e7a da procuradora-chefe do MPF, Roberta Bomfim.<\/span><\/p>\n<p style=\"text-align: justify;\" data-raofz=\"14\"><span style=\"font-size: 14pt;\" data-raofz=\"13\">Ao final, um v\u00eddeo com a\u00e7\u00f5es de combate \u00e0 improbidade administrativa, em Alagoas, e m\u00fasica de protesto \u00e0 PEC 05 criados pelo MPAL foi exibido.<\/span><\/p>\n<p style=\"text-align: justify;\" data-raofz=\"14\"><span style=\"font-size: 14pt;\" data-raofz=\"13\">Fotos: Anderson Macena e Claudemir Mota<\/span><\/p>\n","protected":false},"excerpt":{"rendered":"<p> [&hellip;]<\/p>\n","protected":false},"author":1,"featured_media":8369,"comment_status":"open","ping_status":"open","sticky":false,"template":"","format":"standard","meta":{"om_disable_all_campaigns":false,"_monsterinsights_skip_tracking":false,"_monsterinsights_sitenote_active":false,"_monsterinsights_sitenote_note":"","_monsterinsights_sitenote_category":0,"_uf_show_specific_survey":0,"_uf_disable_surveys":false,"footnotes":""},"categories":[2],"tags":[],"class_list":["post-8366","post","type-post","status-publish","format-standard","has-post-thumbnail","hentry","category-not_mpal"],"aioseo_notices":[],"_links":{"self":[{"href":"https:\/\/www.mpal.mp.br\/index.php?rest_route=\/wp\/v2\/posts\/8366","targetHints":{"allow":["GET"]}}],"collection":[{"href":"https:\/\/www.mpal.mp.br\/index.php?rest_route=\/wp\/v2\/posts"}],"about":[{"href":"https:\/\/www.mpal.mp.br\/index.php?rest_route=\/wp\/v2\/types\/post"}],"author":[{"embeddable":true,"href":"https:\/\/www.mpal.mp.br\/index.php?rest_route=\/wp\/v2\/users\/1"}],"replies":[{"embeddable":true,"href":"https:\/\/www.mpal.mp.br\/index.php?rest_route=%2Fwp%2Fv2%2Fcomments&post=8366"}],"version-history":[{"count":2,"href":"https:\/\/www.mpal.mp.br\/index.php?rest_route=\/wp\/v2\/posts\/8366\/revisions"}],"predecessor-version":[{"id":8371,"href":"https:\/\/www.mpal.mp.br\/index.php?rest_route=\/wp\/v2\/posts\/8366\/revisions\/8371"}],"wp:featuredmedia":[{"embeddable":true,"href":"https:\/\/www.mpal.mp.br\/index.php?rest_route=\/wp\/v2\/media\/8369"}],"wp:attachment":[{"href":"https:\/\/www.mpal.mp.br\/index.php?rest_route=%2Fwp%2Fv2%2Fmedia&parent=8366"}],"wp:term":[{"taxonomy":"category","embeddable":true,"href":"https:\/\/www.mpal.mp.br\/index.php?rest_route=%2Fwp%2Fv2%2Fcategories&post=8366"},{"taxonomy":"post_tag","embeddable":true,"href":"https:\/\/www.mpal.mp.br\/index.php?rest_route=%2Fwp%2Fv2%2Ftags&post=8366"}],"curies":[{"name":"wp","href":"https:\/\/api.w.org\/{rel}","templated":true}]}}