{"id":8356,"date":"2021-10-16T08:32:21","date_gmt":"2021-10-16T11:32:21","guid":{"rendered":"https:\/\/www.mpal.mp.br\/?p=8356"},"modified":"2022-06-08T08:32:42","modified_gmt":"2022-06-08T11:32:42","slug":"procurador-geral-de-justica-preside-reuniao-extraordinaria-para-entrega-de-medalha-do-merito-a-procuradores-e-promotores-de-justica","status":"publish","type":"post","link":"https:\/\/www.mpal.mp.br\/?p=8356","title":{"rendered":"Procurador-geral de Justi\u00e7a preside reuni\u00e3o extraordin\u00e1ria para entrega de medalha do m\u00e9rito a procuradores e promotores de Justi\u00e7a"},"content":{"rendered":"<p style=\"text-align: justify;\" align=\"justify\" data-raofz=\"14\"><span style=\"font-size: 14pt;\">Na manh\u00e3 dessa sexta-feira (15), o procurador-geral de Justi\u00e7a (PGJ), M\u00e1rcio Roberto Ten\u00f3rio de Albuquerque, presidiu a 7\u00aa Reuni\u00e3o Extraordin\u00e1ria especial do Col\u00e9gio de Procuradores de Justi\u00e7a cujo prop\u00f3sito foi de condecorar procuradores e promotores de Justi\u00e7a por suas ascens\u00f5es e atua\u00e7\u00f5es. Ao todo, cinco procuradores e tr\u00eas promotores de justi\u00e7a receberam a Medalha M\u00e9rito do Minist\u00e9rio P\u00fablico do Estado de Alagoas.<\/span><\/p>\n<p style=\"text-align: justify;\" data-raofz=\"14\"><span style=\"font-size: 14pt;\">Na abertura da solenidade, o PGJ falou em reconhecimento aos membros ativos e inativos dirigindo-se a eles como colegas valorosos para o Minist\u00e9rio P\u00fablico. Aproveitou para agradecer a presen\u00e7a o procurador da Rep\u00fablica aposentado, Paulo Campos, a quem se referiu como grande amigo da institui\u00e7\u00e3o MPAL.<\/span><\/p>\n<p style=\"text-align: justify;\" data-raofz=\"14\"><span style=\"font-size: 14pt;\">\u201cInicio com uma sauda\u00e7\u00e3o especial ao amigo Paulo Campos, dirijo-me ao corregedor e ao ouvidor da nossa institui\u00e7\u00e3o, demais procuradores bem como promotores de Justi\u00e7a que participam dessa reuni\u00e3o extraordin\u00e1ria, mais do que especial, pois hoje estamos reconhecendo valores e destinando tal honraria a pessoas, de fato, merecedoras. Quero dizer que \u00e9 uma satisfa\u00e7\u00e3o grande t\u00ea-los como destemidos integrantes do Minist\u00e9rio P\u00fablico e enfatizar que \u00e9 uma honraria receber esta comenda. Muitas vezes fui agraciado com uma, mas sem fazer qualquer a\u00e7\u00e3o para tal, assim n\u00e3o via motivo para comemorar, n\u00e3o ia me acrescentar em nada aquela medalha e recebi por educa\u00e7\u00e3o. Mas, aqui \u00e9 tudo diferente, recebe a comenda quem fez por merecer, logo ostente-a com prazer\u201d, diz o procurador-geral de Justi\u00e7a.<\/span><\/p>\n<p style=\"text-align: justify;\" data-raofz=\"14\"><span style=\"font-size: 14pt;\">E concluiu: \u201cOs senhores s\u00e3o orgulho para todos n\u00f3s desta institui\u00e7\u00e3o t\u00e3o respeitada pelo povo alagoano e s\u00f3 estamos aqui, com o respeito da sociedade, porque os senhores contribu\u00edram para isso\u201d.<\/span><\/p>\n<p style=\"text-align: justify;\" data-raofz=\"14\"><span style=\"font-size: 14pt;\">Os procuradores de Justi\u00e7a Maur\u00edcio Andr\u00e9 Barros Pitta, Isaac Sandes Dias, S\u00e9rgio Amaral Scala, H\u00e9lder de Arthur Juc\u00e1 Filho e Maria Marluce Caldas Bezerra foram contemplados com a honraria pelo alcance da segunda inst\u00e2ncia na carreira como membro ministerial, tanto pelo per\u00edodo de atua\u00e7\u00e3o quanto por merecimento.<\/span><\/p>\n<p style=\"text-align: justify;\" data-raofz=\"14\"><span style=\"font-size: 14pt;\">Enquanto os promotores de Justi\u00e7a George Sarmento Lins J\u00fanior, Almir Jos\u00e9 Cresc\u00eancio e Humberto Pimentel Costa foram contemplados com o m\u00e9rito pela atua\u00e7\u00e3o em prol da sociedade alagoana, mas em reconhecimento \u00e0 dedica\u00e7\u00e3o com a qual desempenham suas fun\u00e7\u00f5es no Minist\u00e9rio P\u00fablico.<\/span><\/p>\n<p style=\"text-align: justify;\" data-raofz=\"14\"><span style=\"font-size: 14pt;\">A procuradora de Justi\u00e7a, Marluce Caldas, \u00e9 a segunda mulher a integrar o Colegiado e recebeu a comenda pelos quase 35 anos de trabalhos prestados \u00e0 institui\u00e7\u00e3o.<\/span><\/p>\n<p style=\"text-align: justify;\" align=\"justify\" data-raofz=\"14\"><span style=\"font-size: 14pt;\">\u201cReceber esse m\u00e9rito \u00e9 uma imensa satisfa\u00e7\u00e3o, o dia me traz uma alegria dupla pois recebi duas medalhas. A f\u00edsica, pelos mais de 30 anos de Minist\u00e9rio P\u00fablico, e a outra porque participei da inaugura\u00e7\u00e3o de um CMEI, no Vergel do Lago, um espa\u00e7o que vai atender mais de 150 crian\u00e7as e que existe porque em 2018 lutamos pela execu\u00e7\u00e3o de uma a\u00e7\u00e3o de 2008. Nesse caso, foi uma honra incomensur\u00e1vel participar dessa inaugura\u00e7\u00e3o com o meu colega Ubirajara Ramos que tamb\u00e9m esteve envolvido nesse processo, ainda contamos com a participa\u00e7\u00e3o incisiva do Minist\u00e9rio P\u00fablico do Trabalho por meio da doutora Virg\u00ednia\u201d, relata.<\/span><\/p>\n<p style=\"text-align: justify;\" align=\"justify\" data-raofz=\"14\"><span style=\"font-size: 14pt;\">Ela resume sua vida enquanto promotora de Justi\u00e7a relembrando trajet\u00f3ria em todas as \u00e1reas dentro da institui\u00e7\u00e3o.<\/span><\/p>\n<p style=\"text-align: justify;\" align=\"justify\" data-raofz=\"14\"><span style=\"font-size: 14pt;\">\u201cMinha hist\u00f3ria do MP come\u00e7a na parte criminal, passando por v\u00e1rias Comarcas na zona da Mata e sert\u00e3o. Depois vim para a capital e se me perguntarem em qual \u00e1rea n\u00e3o atuei no Minist\u00e9rio P\u00fablico n\u00e3o recordo, porque do Tribunal do J\u00fari \u00e0 defesa da probidade, atuei. Foi uma manh\u00e3 de emo\u00e7\u00f5es, de agradecimento a Deus, \u00e0 minha fam\u00edlia, principalmente ao meu esposo, minhas filhas e \u00e0 minha m\u00e3e. Finalmente, o prazer de chegar \u00e0 Procuradoria e encontrar muitos membros do meu concurso como Dr Walter, Maur\u00edcio Pitta, Isaac, Denise, H\u00e9lder, ent\u00e3o temos uma jornada longa de desafios no Minist\u00e9rio P\u00fablico\u201d, conclui a procuradora Marluce Caldas.<\/span><\/p>\n<p style=\"text-align: justify;\" align=\"justify\" data-raofz=\"14\"><span style=\"font-size: 14pt;\">O procurador de Justi\u00e7a, Maur\u00edcio Pitta, emocionou-se ao receber a medalha e falou em gratid\u00e3o.<\/span><\/p>\n<p style=\"text-align: justify;\" data-raofz=\"14\"><span style=\"font-size: 14pt;\">\u201cS\u00f3 tenho a agradecer ao Minist\u00e9rio P\u00fablico, posso afirmar que nele me firmei como defensor dos direitos. A emo\u00e7\u00e3o \u00e9 grande, aqui dentro aprendi muito e sei que, apesar de tantos anos de trabalho, ainda h\u00e1 muito a fazer\u201d.<\/span><\/p>\n<p style=\"text-align: justify;\" data-raofz=\"14\"><span style=\"font-size: 14pt;\">O promotor de Justi\u00e7a, Almir Cresc\u00eancio, come\u00e7ou agradecendo aos amigos coronel Coutinho e promotora de Justi\u00e7a Failde Mendon\u00e7a, e falou da fortaleza do Minist\u00e9rio P\u00fablico.<\/span><\/p>\n<p style=\"text-align: justify;\" data-raofz=\"14\"><span style=\"font-size: 14pt;\">\u201cQuero agradecer ao Col\u00e9gio pela honraria, reconhecimento pelo trabalho an\u00f4nimo n\u00e3o somente meu mas de todos. Divido toda a minha alegria com as colegas do gabinete com quem trabalhei tanto tempo. E aproveito para lembrar que o corajoso e bravo Minist\u00e9rio P\u00fablico brasileiro vive um momento amea\u00e7ador, mas n\u00e3o tenho d\u00favidas que saber\u00e1 travar o verdadeiro combate em sua defesa. Quero agradecer pela receptividade no meu retorno, pois ao voltar recebi palavras muito acolhedoras do procurador-geral e de todos os colegas, a todos muito obrigado\u201d, falou Cresc\u00eancio.<\/span><\/p>\n<p style=\"text-align: justify;\" data-raofz=\"14\"><span style=\"font-size: 14pt;\">O coronel RR da PMAL, Jorge Coutinho, entregou a medalha ao promotor Almir Cresc\u00eancio junto com o procurador-geral, M\u00e1rcio Roberto, e falou sobre sua satisfa\u00e7\u00e3o.<\/span><\/p>\n<p style=\"text-align: justify;\" data-raofz=\"14\"><span style=\"font-size: 14pt;\">\u201cAlmir foi o zero um da nossa turma de oficiais, sempre foi amigo mas tamb\u00e9m nos corrigia quando est\u00e1vamos errados, sentimos a sua sa\u00edda da corpora\u00e7\u00e3o, mas ao mesmo tempo ficamos satisfeitos em saber que partiria para uma grande miss\u00e3o, a de ajudar pessoas, e a qual honraria. Quero agradecer a oportunidade de externar o que o doutor Almir representa para todos n\u00f3s e dizer da convic\u00e7\u00e3o de que a honraria \u00e9 mais que merecida\u201d, ressaltou o oficial.<\/span><\/p>\n<p style=\"text-align: justify;\" data-raofz=\"14\"><span style=\"font-size: 14pt;\">Na hora da entrega da medalha ao promotor de Justi\u00e7a e secret\u00e1rio do Col\u00e9gio de Procuradores, Humberto Pimentel, o PGJ fez uso da palavra,<\/span><\/p>\n<p style=\"text-align: justify;\" data-raofz=\"14\"><span style=\"font-size: 14pt;\">\u201cPreciso falar sobre voc\u00ea, Humberto, um homem discreto, leal, competente e que nunca demonstrou prefer\u00eancias pol\u00edticas, mesmo sabendo que tem suas convic\u00e7\u00f5es, al\u00e9m de diariamente servir \u00e0 institui\u00e7\u00e3o sem medir esfor\u00e7os. A medalha representa o sentimento que o Minist\u00e9rio P\u00fablico tem pelo senhor diante dos relevantes trabalhos\u201d, disse M\u00e1rcio Roberto.<\/span><\/p>\n<p style=\"text-align: justify;\" data-raofz=\"14\"><span style=\"font-size: 14pt;\">Por sua vez, o promotor Humberto Pimentel, fez seus agradecimentos e quest\u00e3o de dividir o m\u00e9rito.<\/span><\/p>\n<p style=\"text-align: justify;\" data-raofz=\"14\"><span style=\"font-size: 14pt;\">\u201c\u00c9 uma honra grande receber essa medalha. Quero agradecer a doutor Lean que me deu a primeira oportunidade na administra\u00e7\u00e3o superior, assim n\u00e3o fosse n\u00e3o estaria aqui hoje. Sou grata a todos os membros, ao nosso amigo Paulo Campos e quero dividir a comenda com os colegas da assessoria Edelzito Andrade e Humberto Bulh\u00f5es, bem como a esse \u00f3rg\u00e3o e a todo Minist\u00e9rio P\u00fablico.<\/span><\/p>\n<p style=\"text-align: justify;\" data-raofz=\"14\"><span style=\"font-size: 14pt;\">A solenidade especial foi transmitida pelo Youtube e acompanhada por videoconfer\u00eancia por outros membros que por motivos justific\u00e1veis n\u00e3o puderam comparecer \u00e0 Sala Promotor de Justi\u00e7a Joubert C\u00e2mara Scala.<\/span><\/p>\n<p style=\"text-align: justify;\" data-raofz=\"14\"><span style=\"font-size: 14pt;\">O procurador-geral de Justi\u00e7a , durante a 7\u00aa Reuni\u00e3o Extraordin\u00e1ria Especial fez uma pontua\u00e7\u00e3o importante.<\/span><\/p>\n<p style=\"text-align: justify;\" data-raofz=\"14\"><span style=\"font-size: 14pt;\">\u201cQuero aproveitar para dizer aos membros do Minist\u00e9rio P\u00fablico que os palanques foram desarmados h\u00e1 muito tempo e que o PGJ \u00e9, de fato, procurador-geral da institui\u00e7\u00e3o sem preferir a um ou a outro\u201d.<\/span><\/p>\n<p style=\"text-align: justify;\" data-raofz=\"14\"><span style=\"font-size: 14pt;\">Fotos: Anderson Macena e Claudemir Mota<\/span><\/p>\n","protected":false},"excerpt":{"rendered":"<p> [&hellip;]<\/p>\n","protected":false},"author":1,"featured_media":8358,"comment_status":"open","ping_status":"open","sticky":false,"template":"","format":"standard","meta":{"om_disable_all_campaigns":false,"_monsterinsights_skip_tracking":false,"_monsterinsights_sitenote_active":false,"_monsterinsights_sitenote_note":"","_monsterinsights_sitenote_category":0,"_uf_show_specific_survey":0,"_uf_disable_surveys":false,"footnotes":""},"categories":[2],"tags":[],"class_list":["post-8356","post","type-post","status-publish","format-standard","has-post-thumbnail","hentry","category-not_mpal"],"aioseo_notices":[],"_links":{"self":[{"href":"https:\/\/www.mpal.mp.br\/index.php?rest_route=\/wp\/v2\/posts\/8356","targetHints":{"allow":["GET"]}}],"collection":[{"href":"https:\/\/www.mpal.mp.br\/index.php?rest_route=\/wp\/v2\/posts"}],"about":[{"href":"https:\/\/www.mpal.mp.br\/index.php?rest_route=\/wp\/v2\/types\/post"}],"author":[{"embeddable":true,"href":"https:\/\/www.mpal.mp.br\/index.php?rest_route=\/wp\/v2\/users\/1"}],"replies":[{"embeddable":true,"href":"https:\/\/www.mpal.mp.br\/index.php?rest_route=%2Fwp%2Fv2%2Fcomments&post=8356"}],"version-history":[{"count":1,"href":"https:\/\/www.mpal.mp.br\/index.php?rest_route=\/wp\/v2\/posts\/8356\/revisions"}],"predecessor-version":[{"id":8359,"href":"https:\/\/www.mpal.mp.br\/index.php?rest_route=\/wp\/v2\/posts\/8356\/revisions\/8359"}],"wp:featuredmedia":[{"embeddable":true,"href":"https:\/\/www.mpal.mp.br\/index.php?rest_route=\/wp\/v2\/media\/8358"}],"wp:attachment":[{"href":"https:\/\/www.mpal.mp.br\/index.php?rest_route=%2Fwp%2Fv2%2Fmedia&parent=8356"}],"wp:term":[{"taxonomy":"category","embeddable":true,"href":"https:\/\/www.mpal.mp.br\/index.php?rest_route=%2Fwp%2Fv2%2Fcategories&post=8356"},{"taxonomy":"post_tag","embeddable":true,"href":"https:\/\/www.mpal.mp.br\/index.php?rest_route=%2Fwp%2Fv2%2Ftags&post=8356"}],"curies":[{"name":"wp","href":"https:\/\/api.w.org\/{rel}","templated":true}]}}