{"id":8352,"date":"2021-10-18T08:30:19","date_gmt":"2021-10-18T11:30:19","guid":{"rendered":"https:\/\/www.mpal.mp.br\/?p=8352"},"modified":"2022-06-08T08:30:30","modified_gmt":"2022-06-08T11:30:30","slug":"rio-largo-ministerio-publico-estadual-assegura-imovel-a-atingido-pela-enchente-apos-municipio-descumprir-tac","status":"publish","type":"post","link":"https:\/\/www.mpal.mp.br\/?p=8352","title":{"rendered":"Rio Largo: Minist\u00e9rio P\u00fablico Estadual assegura im\u00f3vel a atingido pela enchente ap\u00f3s Munic\u00edpio descumprir TAC"},"content":{"rendered":"<p style=\"text-align: justify;\" data-raofz=\"14\"><span style=\"font-size: 14pt;\">Um Minist\u00e9rio P\u00fablico resolutivo, defensor dos direitos humanos, incans\u00e1vel na prote\u00e7\u00e3o do cidad\u00e3o, do direito \u00e0 habita\u00e7\u00e3o, como direito fundamental e que promove justi\u00e7a. Com essa atua\u00e7\u00e3o, por meio da 2\u00aa Promotoria de Justi\u00e7a de Rio Largo, a institui\u00e7\u00e3o garante im\u00f3vel \u00e0 v\u00edtima da enchente de 2010. Ap\u00f3s Prefeitura descumprir Termo de Ajuste de Conduta (TAC) assinado na gest\u00e3o anterior e da apela\u00e7\u00e3o c\u00edvel n\u00ba 0800026-48.2018.8.02.0051 interposta pelo Munic\u00edpio, o Tribunal de Justi\u00e7a (TJ\/AL), por decis\u00e3o do Desembargador- magistrado Paulo Barros da Silva Lima, n\u00e3o deu provimento ao recurso e determinou, em car\u00e1ter urgente, que seja entregue uma casa \u00e0 fam\u00edlia de Leonardo de Ara\u00fajo Silva.<\/span><br \/>\n<span style=\"font-size: 14pt;\">.<\/span><br \/>\n<span style=\"font-size: 14pt;\">O promotor de Justi\u00e7a, da 2\u00aa Promotoria de Justi\u00e7a de Rio Largo, Magno Alexandre Moura, comemora a vit\u00f3ria.<\/span><\/p>\n<p style=\"text-align: justify;\" data-raofz=\"14\"><span style=\"font-size: 14pt;\">\u201cTrata-se de um remanescente de um acordo da enchente de 2010 que esqueceram de cadastrar para ser beneficiado com moradia e ele bateu \u00e0 porta do Minist\u00e9rio P\u00fablico. \u00c0 \u00e9poca, fizemos uma composi\u00e7\u00e3o com a Prefeitura, atrav\u00e9s de um Termo de Ajustamento de Conduta, assinado pela prefeita Maria Elisa, mas descumprido. Ent\u00e3o, conseguimos execut\u00e1-lo na Justi\u00e7a, ganhamos em 1\u00ba Grau na 1\u00aa Vara, em Rio Largo, o Munic\u00edpio apelou mas n\u00e3o logrou \u00eaxito e, gra\u00e7as a Deus, a atua\u00e7\u00e3o do Minist\u00e9rio P\u00fablico foi entendida como correta, como parte leg\u00edtima e essa pessoa, hipossuficiente, conseguiu, enfim, sua moradia, como express\u00e3o do direito humano fundamental \u00e0 moradia, em prol do cidad\u00e3o \u201d, fala com entusiasmo o promotor Magno Moura.<\/span><\/p>\n<p style=\"text-align: justify;\" data-raofz=\"14\"><span style=\"font-size: 14pt;\"><strong>Acordo<\/strong><\/span><\/p>\n<p style=\"text-align: justify;\" data-raofz=\"14\"><span style=\"font-size: 14pt;\">Nos Autos da Not\u00edcia de Fato MP n\u00ba. 01.2016.00001149-2, datado de 25\/07\/2016, a representante da Prefeitura de Rio Largo, \u00e0 \u00e9poca, prefeita Maria Eliza Alves da Silva, acompanhada pelo procurador-geral do Munic\u00edpio, Aldo Jos\u00e9 Reis de Ara\u00fajo, pela secret\u00e1ria Municipal de Desenvolvimento Social e Habita\u00e7\u00e3o, Rosanilda da Costa Lucena, e por Renata Janu\u00e1rio Alves, assumiram, perante o promotor de Justi\u00e7a, Magno Alexandre Moura, o compromisso de providenciar junto \u00e0 Caixa Econ\u00f4mica Federal, a GIHAB\/ME, o resultado da an\u00e1lise do cadastro do interessado tendo como prazo para cumprimento o dia 1\u00ba de Agosto de 2016..<\/span><\/p>\n<p style=\"text-align: justify;\" data-raofz=\"14\"><span style=\"font-size: 14pt;\">Tamb\u00e9m foi acordado que o Munic\u00edpio deveria providenciar junto ao Minist\u00e9rio P\u00fablico Federal (MPF) a inclus\u00e3o do interessado no programa do Governo Federal \u201cMinha Casa Minha Vida\u201d faixa 01 e, para isso, estipulado o prazo at\u00e9 o dia 08\/08\/2016.<\/span><\/p>\n<p style=\"text-align: justify;\" data-raofz=\"14\"><span style=\"font-size: 14pt;\">\u201c\u00c0 \u00e9poca, inclusive, documentalmente, foi assumido o compromisso de que caso o Munic\u00edpio n\u00e3o conseguisse cadastrar o senhor Leonardo no programa \u201cMinha Casa Minha Vida\u201d faixa 01, assumiria a disponibilidade do valor relacionado aos demais im\u00f3veis para a compra , o que foi ignorado pelo poder p\u00fablico, prejudicando uma fam\u00edlia que peregrinava em busca de moradia\u201d, conclui o promotor.<\/span><\/p>\n","protected":false},"excerpt":{"rendered":"<p> [&hellip;]<\/p>\n","protected":false},"author":1,"featured_media":8354,"comment_status":"open","ping_status":"open","sticky":false,"template":"","format":"standard","meta":{"om_disable_all_campaigns":false,"_monsterinsights_skip_tracking":false,"_monsterinsights_sitenote_active":false,"_monsterinsights_sitenote_note":"","_monsterinsights_sitenote_category":0,"_uf_show_specific_survey":0,"_uf_disable_surveys":false,"footnotes":""},"categories":[2],"tags":[],"class_list":["post-8352","post","type-post","status-publish","format-standard","has-post-thumbnail","hentry","category-not_mpal"],"aioseo_notices":[],"_links":{"self":[{"href":"https:\/\/www.mpal.mp.br\/index.php?rest_route=\/wp\/v2\/posts\/8352","targetHints":{"allow":["GET"]}}],"collection":[{"href":"https:\/\/www.mpal.mp.br\/index.php?rest_route=\/wp\/v2\/posts"}],"about":[{"href":"https:\/\/www.mpal.mp.br\/index.php?rest_route=\/wp\/v2\/types\/post"}],"author":[{"embeddable":true,"href":"https:\/\/www.mpal.mp.br\/index.php?rest_route=\/wp\/v2\/users\/1"}],"replies":[{"embeddable":true,"href":"https:\/\/www.mpal.mp.br\/index.php?rest_route=%2Fwp%2Fv2%2Fcomments&post=8352"}],"version-history":[{"count":1,"href":"https:\/\/www.mpal.mp.br\/index.php?rest_route=\/wp\/v2\/posts\/8352\/revisions"}],"predecessor-version":[{"id":8355,"href":"https:\/\/www.mpal.mp.br\/index.php?rest_route=\/wp\/v2\/posts\/8352\/revisions\/8355"}],"wp:featuredmedia":[{"embeddable":true,"href":"https:\/\/www.mpal.mp.br\/index.php?rest_route=\/wp\/v2\/media\/8354"}],"wp:attachment":[{"href":"https:\/\/www.mpal.mp.br\/index.php?rest_route=%2Fwp%2Fv2%2Fmedia&parent=8352"}],"wp:term":[{"taxonomy":"category","embeddable":true,"href":"https:\/\/www.mpal.mp.br\/index.php?rest_route=%2Fwp%2Fv2%2Fcategories&post=8352"},{"taxonomy":"post_tag","embeddable":true,"href":"https:\/\/www.mpal.mp.br\/index.php?rest_route=%2Fwp%2Fv2%2Ftags&post=8352"}],"curies":[{"name":"wp","href":"https:\/\/api.w.org\/{rel}","templated":true}]}}