{"id":8346,"date":"2021-10-18T08:28:08","date_gmt":"2021-10-18T11:28:08","guid":{"rendered":"https:\/\/www.mpal.mp.br\/?p=8346"},"modified":"2022-06-08T08:28:24","modified_gmt":"2022-06-08T11:28:24","slug":"ouvidor-geral-do-mpal-participa-de-encontro-nacional-e-da-elaboracao-da-carta-ouvidorias-sustentaveis","status":"publish","type":"post","link":"https:\/\/www.mpal.mp.br\/?p=8346","title":{"rendered":"Ouvidor-geral do MPAL participa de encontro nacional e da elabora\u00e7\u00e3o da Carta Ouvidorias Sustent\u00e1veis"},"content":{"rendered":"<p class=\"western\" style=\"text-align: justify;\" align=\"justify\" data-raofz=\"14\"><span style=\"font-size: 14pt;\" data-raofz=\"16\">O ouvidor-geral do Minist\u00e9rio P\u00fablico de Alagoas, procurador de Justi\u00e7a, Lean Ara\u00fajo, marcou presen\u00e7a e participou das discuss\u00f5es desencadeadas no VI Encontro de Ouvidores do Minist\u00e9rio P\u00fablico Brasileiro, ocorrido em Bras\u00edlia, cuja finalidade foi tra\u00e7ar diretrizes que resultem em melhor desempenho das atividades funcionais dentro de cada Ouvidoria.Os participantes, de forma consensual, elaboraram uma Carta que deve servir de base em cada unidade institucional da federa\u00e7\u00e3o.<\/span><\/p>\n<p class=\"western\" style=\"text-align: justify;\" align=\"justify\" data-raofz=\"14\"><span style=\"font-size: 14pt;\" data-raofz=\"16\">A Carta Ouvidorias Sustent\u00e1veis \u00e9 dividida em diretrizes de estabilidade interna e externa, ambas fracionadas em v\u00e1rios eixos que especificam incumb\u00eancias e formas eficazes de a\u00e7\u00e3o. O eixo de sustentabilidade funcional, por exemplo, enfatiza que faz-se necess\u00e1rio diagnosticar preventivamente as car\u00eancias e necessidades da sociedade, antecipando a apresenta\u00e7\u00e3o de demandas \u00e0s Ouvidorias do Minist\u00e9rio P\u00fablico, realizar, periodicamente, audi\u00eancias p\u00fablicas e palestras, bem como participar de reuni\u00f5es de inser\u00e7\u00e3o social, permitindo a todos o conhecimento das Ouvidorias e de suas atribui\u00e7\u00f5es.<\/span><\/p>\n<p class=\"western\" style=\"text-align: justify;\" align=\"justify\" data-raofz=\"14\"><span style=\"font-size: 14pt;\" data-raofz=\"16\">Lean Ara\u00fajo conceitua o encontro como um grande avan\u00e7o em rela\u00e7\u00e3o \u00e0 notoriedade das Ouvidorias do Minist\u00e9rio P\u00fablico Brasileiro.<\/span><\/p>\n<p class=\"western\" style=\"text-align: justify;\" align=\"justify\" data-raofz=\"14\"><span style=\"font-size: 14pt;\" data-raofz=\"16\">\u201cN\u00e3o h\u00e1 qualquer arrepsia em rela\u00e7\u00e3o \u00e0 import\u00e2ncia de tudo o que discutimos e foi elencado na Carta. O intuito \u00e9 valorar as nossas Ouvidorias, aproxim\u00e1-las das pessoas internamente e tamb\u00e9m apresent\u00e1-la com mais nitidez \u00e0 sociedade. \u00c9 preciso que seja difundida a sua compet\u00eancia enquanto grande instrumento dentro do Minist\u00e9rio P\u00fablico, servindo diretamente como intermedi\u00e1ria na resolu\u00e7\u00e3o de conflitos. Ent\u00e3o, a partir de agora, mais do que nunca, trabalharemos pelo aprimoramento e maior participa\u00e7\u00e3o entre as Ouvidorias e o cidad\u00e3o\u201d, enfatiza o ouvidor-geral do MPAL, Lean Ara\u00fajo.<\/span><\/p>\n<p class=\"western\" style=\"text-align: justify;\" align=\"justify\" data-raofz=\"14\"><span style=\"font-size: 14pt;\" data-raofz=\"16\"><b>Ouvidoria<\/b><\/span><\/p>\n<p class=\"western\" style=\"text-align: justify;\" align=\"justify\" data-raofz=\"14\"><span style=\"font-size: 14pt;\" data-raofz=\"16\">A fun\u00e7\u00e3o primordial da Ouvidoria \u00e9 receber demandas referentes \u00e0 atua\u00e7\u00e3o do Minist\u00e9rio P\u00fablico e encaminh\u00e1-las para seu \u00f3rg\u00e3o interno competente, como por exemplo, \u00e0 Promotoria de Justi\u00e7a respons\u00e1vel, para as provid\u00eancias que entender cab\u00edveis.<\/span><\/p>\n<p class=\"western\" style=\"text-align: justify;\" align=\"justify\" data-raofz=\"14\"><span style=\"font-size: 14pt;\" data-raofz=\"16\">Qualquer pessoa pode apresentar suas d\u00favidas, reclama\u00e7\u00f5es, sugest\u00f5es ou elogios, sobre assuntos relacionados ao Minist\u00e9rio P\u00fablico ou assuntos envolvendo fatos praticados por outros \u00f3rg\u00e3os e agentes p\u00fablicos ou privados, desde que, diante deles, o Minist\u00e9rio P\u00fablico tenha legitimidade para agir.<\/span><\/p>\n<p class=\"western\" style=\"text-align: justify;\" align=\"justify\" data-raofz=\"14\"><span style=\"font-size: 14pt;\" data-raofz=\"16\">Todas as demandas recebidas s\u00e3o minuciosamente analisadas pelo Ouvidor do Minist\u00e9rio P\u00fablico do Estado de Alagoas e equipe t\u00e9cnica, que informar\u00e1 ao interessado as provid\u00eancias tomadas, ressalvadas as hip\u00f3teses em que o manifestante optar pelo anonimato.<\/span><\/p>\n","protected":false},"excerpt":{"rendered":"<p> [&hellip;]<\/p>\n","protected":false},"author":1,"featured_media":8349,"comment_status":"open","ping_status":"open","sticky":false,"template":"","format":"standard","meta":{"om_disable_all_campaigns":false,"_monsterinsights_skip_tracking":false,"_monsterinsights_sitenote_active":false,"_monsterinsights_sitenote_note":"","_monsterinsights_sitenote_category":0,"_uf_show_specific_survey":0,"_uf_disable_surveys":false,"footnotes":""},"categories":[2],"tags":[],"class_list":["post-8346","post","type-post","status-publish","format-standard","has-post-thumbnail","hentry","category-not_mpal"],"aioseo_notices":[],"_links":{"self":[{"href":"https:\/\/www.mpal.mp.br\/index.php?rest_route=\/wp\/v2\/posts\/8346","targetHints":{"allow":["GET"]}}],"collection":[{"href":"https:\/\/www.mpal.mp.br\/index.php?rest_route=\/wp\/v2\/posts"}],"about":[{"href":"https:\/\/www.mpal.mp.br\/index.php?rest_route=\/wp\/v2\/types\/post"}],"author":[{"embeddable":true,"href":"https:\/\/www.mpal.mp.br\/index.php?rest_route=\/wp\/v2\/users\/1"}],"replies":[{"embeddable":true,"href":"https:\/\/www.mpal.mp.br\/index.php?rest_route=%2Fwp%2Fv2%2Fcomments&post=8346"}],"version-history":[{"count":1,"href":"https:\/\/www.mpal.mp.br\/index.php?rest_route=\/wp\/v2\/posts\/8346\/revisions"}],"predecessor-version":[{"id":8351,"href":"https:\/\/www.mpal.mp.br\/index.php?rest_route=\/wp\/v2\/posts\/8346\/revisions\/8351"}],"wp:featuredmedia":[{"embeddable":true,"href":"https:\/\/www.mpal.mp.br\/index.php?rest_route=\/wp\/v2\/media\/8349"}],"wp:attachment":[{"href":"https:\/\/www.mpal.mp.br\/index.php?rest_route=%2Fwp%2Fv2%2Fmedia&parent=8346"}],"wp:term":[{"taxonomy":"category","embeddable":true,"href":"https:\/\/www.mpal.mp.br\/index.php?rest_route=%2Fwp%2Fv2%2Fcategories&post=8346"},{"taxonomy":"post_tag","embeddable":true,"href":"https:\/\/www.mpal.mp.br\/index.php?rest_route=%2Fwp%2Fv2%2Ftags&post=8346"}],"curies":[{"name":"wp","href":"https:\/\/api.w.org\/{rel}","templated":true}]}}