{"id":8337,"date":"2021-10-19T08:14:24","date_gmt":"2021-10-19T11:14:24","guid":{"rendered":"https:\/\/www.mpal.mp.br\/?p=8337"},"modified":"2022-06-08T08:14:39","modified_gmt":"2022-06-08T11:14:39","slug":"pgj-marcio-roberto-e-chefes-ministeriais-do-mpdft-e-outros-estados-entregam-documento-sobre-a-pec-5-ao-presidente-da-camara-dos-deputados-arthur-lira","status":"publish","type":"post","link":"https:\/\/www.mpal.mp.br\/?p=8337","title":{"rendered":"PGJ M\u00e1rcio Roberto e chefes ministeriais do MPDFT e outros estados entregam documento sobre a PEC 5 ao presidente da C\u00e2mara dos Deputados, Arthur Lira."},"content":{"rendered":"<p style=\"text-align: justify;\" align=\"justify\" data-raofz=\"14\"><span style=\"font-size: 14pt;\">Respeitar a lei suprema do Brasil, defender o Minist\u00e9rio P\u00fablico Brasileiro, consequentemente respeitar o povo, atuando contra todas as formas de corrup\u00e7\u00e3o e outros crimes que esfacelam a cidadania. Com esse pensamento, o procurador-geral de Justi\u00e7a, M\u00e1rcio roberto Ten\u00f3rio de Albuquerque, unindo for\u00e7as com os demais procuradores-gerais de Justi\u00e7a e da Uni\u00e3o, com atua\u00e7\u00e3o em de todos os estados brasileiros, entregaram, nessa segunda-feira (18), ao presidente da C\u00e2mara dos Deputados, Arthur Lira, sugest\u00f5es para aperfei\u00e7oar a PEC 5 alterando itens que atacam granarias j\u00e1 asseguradas pela Constitui\u00e7\u00e3o Federal de 1988. Tal decis\u00e3o ocorreu ap\u00f3s reuni\u00e3o do Conselho Nacional dos procuradores-gerais de Justi\u00e7a dos Estados e da Uni\u00e3o (CNPG), realizada na sede do Minist\u00e9rio P\u00fablico do Distrito Federal e Territ\u00f3rios (MPDFT) com texto aprovado por unanimidade.<\/span><\/p>\n<p style=\"text-align: justify;\" align=\"justify\" data-raofz=\"14\"><span style=\"font-size: 14pt;\">M\u00e1rcio Roberto refor\u00e7a a indigna\u00e7\u00e3o com essa tentativa de eliminar a independ\u00eancia do Minist\u00e9rio P\u00fablico Brasileiro.<\/span><\/p>\n<p style=\"text-align: justify;\" align=\"justify\" data-raofz=\"14\"><span style=\"font-size: 14pt;\">\u201cImposs\u00edvel ficarmos inertes sem defender a dignidade de todos que formam o Minist\u00e9rio P\u00fablico Brasileiro no combate permanente, indiscut\u00edvel, contra a criminalidade e \u00e0 corrup\u00e7\u00e3o. De que forma poderemos defender os direitos fundamentais assegurados pela Constitui\u00e7\u00e3o e o que ser\u00e1 do povo brasileiro se essa PEC5 for aprovada? O que ser\u00e1 da sociedade se quem luta por sua cidadania n\u00e3o tiver autonomia para representar e buscar puni\u00e7\u00e3o para quem a desrespeita? Os procuradores-gerais de Justi\u00e7a foram, durante a entrega desse texto ao deputado Arthur Lira, porta-vozes de cada membro que trabalha honestamente no enfrentamento \u00e0 ilegalidade e todas as formas de crimes contra o povo alagoano, brasileiro\u201d, ressalta M\u00e1rcio Roberto.<\/span><\/p>\n<p style=\"text-align: justify;\" data-raofz=\"14\"><span style=\"font-size: 14pt;\">Os procuradores \u2013 gerais de Justi\u00e7a e da Uni\u00e3o acreditam no di\u00e1logo republicano e construtivo com o Congresso Nacional, que possa resultar em uma PEC capaz de fortalecer ainda mais o Minist\u00e9rio P\u00fablico Brasileiro. Por isso, entregaram ao presidente da C\u00e2mara dos Deputados, Arthur Lira, contribui\u00e7\u00f5es a fim de enriquecer o debate sobre a tramita\u00e7\u00e3o da PEC 5, que, segundo relat\u00f3rio atual, altera a composi\u00e7\u00e3o do Conselho Nacional do Minist\u00e9rio P\u00fablico (CNMP), podendo fragilizar a autonomia da institui\u00e7\u00e3o.<\/span><\/p>\n<p style=\"text-align: justify;\" data-raofz=\"14\"><span style=\"font-size: 14pt;\">Ao presidente da C\u00e2mara, os dirigentes dos MPs expressaram as preocupa\u00e7\u00f5es com os efeitos negativos que a aprova\u00e7\u00e3o da PEC 5 pode trazer para a independ\u00eancia do Minist\u00e9rio P\u00fablico; independ\u00eancia essa que \u00e9 fundamental para que a Institui\u00e7\u00e3o possa continuar atuando com efici\u00eancia no combate \u00e0 criminalidade, na defesa do patrim\u00f4nio p\u00fablico e na promo\u00e7\u00e3o dos direitos fundamentais.<\/span><\/p>\n<p style=\"text-align: justify;\" data-raofz=\"14\"><span style=\"font-size: 14pt;\">O CNPG entregou ao presidente Lira um documento em que foi real\u00e7ada a import\u00e2ncia de preservar a independ\u00eancia funcional dos procuradores e promotores e de manter a simetria entre o CNMP e o Conselho Nacional de Justi\u00e7a (CNJ), \u00f3rg\u00e3os constitucionais que t\u00eam a mesma finalidade e que, por isso mesmo, devem ter composi\u00e7\u00f5es e fun\u00e7\u00f5es assemelhadas.<\/span><\/p>\n<p style=\"text-align: justify;\" data-raofz=\"14\"><span style=\"font-size: 14pt;\">Ao mesmo tempo em que o Colegiado reiterou seu pedido de rejei\u00e7\u00e3o da PEC 5, nos moldes da que se encontra em tramita\u00e7\u00e3o. O CNPG manifestou que o Minist\u00e9rio P\u00fablico est\u00e1 aberto \u00e0 proposta de adotar um C\u00f3digo de \u00c9tica para o Minist\u00e9rio P\u00fablico, nos mesmos termos do C\u00f3digo de \u00c9tica que o CNJ aprovou para a Magistratura, como foi sugerido por v\u00e1rios deputados.<\/span><\/p>\n<p style=\"text-align: justify;\" data-raofz=\"14\"><span style=\"font-size: 14pt;\">O Minist\u00e9rio P\u00fablico continua mobilizado e conta com o apoio da sociedade para que a PEC 5 seja rejeitada nos termos em tramita\u00e7\u00e3o.<\/span><\/p>\n<p style=\"text-align: justify;\" align=\"justify\" data-raofz=\"14\"><span style=\"font-size: 14pt;\">A previs\u00e3o \u00e9 de que, nesta ter\u00e7a-feira, ocorra um ato em frente a sede do Minist\u00e9rio P\u00fablico do Distrito Federal e Territ\u00f3rios (MPDFT).<\/span><\/p>\n<p style=\"text-align: justify;\" align=\"justify\" data-raofz=\"14\"><span style=\"font-size: 14pt;\">Diga n\u00e3o \u00e0 PEC 5.<\/span><\/p>\n","protected":false},"excerpt":{"rendered":"<p> [&hellip;]<\/p>\n","protected":false},"author":1,"featured_media":8338,"comment_status":"open","ping_status":"open","sticky":false,"template":"","format":"standard","meta":{"om_disable_all_campaigns":false,"_monsterinsights_skip_tracking":false,"_monsterinsights_sitenote_active":false,"_monsterinsights_sitenote_note":"","_monsterinsights_sitenote_category":0,"_uf_show_specific_survey":0,"_uf_disable_surveys":false,"footnotes":""},"categories":[2],"tags":[],"class_list":["post-8337","post","type-post","status-publish","format-standard","has-post-thumbnail","hentry","category-not_mpal"],"aioseo_notices":[],"_links":{"self":[{"href":"https:\/\/www.mpal.mp.br\/index.php?rest_route=\/wp\/v2\/posts\/8337","targetHints":{"allow":["GET"]}}],"collection":[{"href":"https:\/\/www.mpal.mp.br\/index.php?rest_route=\/wp\/v2\/posts"}],"about":[{"href":"https:\/\/www.mpal.mp.br\/index.php?rest_route=\/wp\/v2\/types\/post"}],"author":[{"embeddable":true,"href":"https:\/\/www.mpal.mp.br\/index.php?rest_route=\/wp\/v2\/users\/1"}],"replies":[{"embeddable":true,"href":"https:\/\/www.mpal.mp.br\/index.php?rest_route=%2Fwp%2Fv2%2Fcomments&post=8337"}],"version-history":[{"count":1,"href":"https:\/\/www.mpal.mp.br\/index.php?rest_route=\/wp\/v2\/posts\/8337\/revisions"}],"predecessor-version":[{"id":8339,"href":"https:\/\/www.mpal.mp.br\/index.php?rest_route=\/wp\/v2\/posts\/8337\/revisions\/8339"}],"wp:featuredmedia":[{"embeddable":true,"href":"https:\/\/www.mpal.mp.br\/index.php?rest_route=\/wp\/v2\/media\/8338"}],"wp:attachment":[{"href":"https:\/\/www.mpal.mp.br\/index.php?rest_route=%2Fwp%2Fv2%2Fmedia&parent=8337"}],"wp:term":[{"taxonomy":"category","embeddable":true,"href":"https:\/\/www.mpal.mp.br\/index.php?rest_route=%2Fwp%2Fv2%2Fcategories&post=8337"},{"taxonomy":"post_tag","embeddable":true,"href":"https:\/\/www.mpal.mp.br\/index.php?rest_route=%2Fwp%2Fv2%2Ftags&post=8337"}],"curies":[{"name":"wp","href":"https:\/\/api.w.org\/{rel}","templated":true}]}}