{"id":8334,"date":"2021-10-19T08:12:34","date_gmt":"2021-10-19T11:12:34","guid":{"rendered":"https:\/\/www.mpal.mp.br\/?p=8334"},"modified":"2022-06-08T08:12:50","modified_gmt":"2022-06-08T11:12:50","slug":"apos-acao-do-ministerio-publico-ex-prefeito-de-atalaia-tem-bens-bloqueados-pela-justica-no-valor-de-r-200-mil","status":"publish","type":"post","link":"https:\/\/www.mpal.mp.br\/?p=8334","title":{"rendered":"Ap\u00f3s a\u00e7\u00e3o do Minist\u00e9rio P\u00fablico, ex-prefeito de Atalaia tem bens bloqueados pela Justi\u00e7a no valor de R$ 200 mil"},"content":{"rendered":"<p style=\"text-align: justify;\" align=\"justify\" data-raofz=\"14\"><span style=\"font-size: 14pt;\">O Minist\u00e9rio P\u00fablico do Estado de Alagoas (MPAL), por meio de 1\u00aa Promotoria de Justi\u00e7a de Atalaia, ajuizou a\u00e7\u00e3o de improbidade administrativa com pedido de indisponibilidade de bens, em desfavor do ex-prefeito, Francisco Luiz de Albuquerque, tendo sido o pedido liminar acatado pela Justi\u00e7a. O juiz Jo\u00e3o Paulo Alexandre dos Santos decretou a indisponibilidade de bens do demandado no valor de R$ 200 mil. O ex-gestor \u00e9 acusado de desrespeitar os limites previstos na Lei de Responsabilidade Fiscal (Lei Complementar n\u00ba 101\/2000).<\/span><\/p>\n<p style=\"text-align: justify;\" align=\"justify\" data-raofz=\"14\"><span style=\"font-size: 14pt;\">Em sua manifesta\u00e7\u00e3o, o Minist\u00e9rio P\u00fablico, representado pelo Promotor de Justi\u00e7a Bruno Baptista, afirmou que tal ilicitude foi constatada em relat\u00f3rio de gest\u00e3o fiscal referente aos per\u00edodos de julho a agosto de 2017, bem como de janeiro a abril de 2018, maio a agosto de 2018 e setembro a dezembro do mesmo ano, \u00e9poca em que Francisco Luiz era gestor municipal.<\/span><\/p>\n<p style=\"text-align: justify;\" align=\"justify\" data-raofz=\"14\"><span style=\"font-size: 14pt;\">\u201cConstatamos um aumento exorbitante nos percentuais de despesa com pessoal nessas datas, descumprindo totalmente o limite previsto na lei de responsabilidade fiscal. Recomendamos que houvesse prud\u00eancia, que houvesse o contingenciamento necess\u00e1rio que resultasse na readequa\u00e7\u00e3o das contas p\u00fablicas , mas n\u00e3o obtivemos resposta. Al\u00e9m disso, percebemos que n\u00e3o abasteciam o portal da transpar\u00eancia de acordo com as orienta\u00e7\u00f5es, bem como n\u00e3o enviaram os relat\u00f3rios de gest\u00e3o fiscal relativos aos anos de 2019 e 2020, e j\u00e1 n\u00e3o t\u00ednhamos mais d\u00favidas sobre a irresponsabilidade fiscal, o que nos motivou a ajuizar a referida a\u00e7\u00e3o\u201d, relata o Promotor de Justi\u00e7a, Bruno Baptista.<\/span><\/p>\n<p style=\"text-align: justify;\" align=\"justify\" data-raofz=\"14\"><span style=\"font-size: 14pt;\">O promotor apresentou um comparativo com os gastos do munic\u00edpio onde verifica-se aumento expressivo na folha de pagamento entre o m\u00eas de fevereiro de 2020, com valor de R$ 5.013.796,77 e setembro do mesmo ano chegando a R$ 11 milh\u00f5es, ou seja, um aumento de mais de 100%.<\/span><\/p>\n<p style=\"text-align: justify;\" align=\"justify\" data-raofz=\"14\"><span style=\"font-size: 14pt;\">\u201cComo agravante, para impedir que tais gastos fossem fiscalizados, o prefeito nomeou a filha como controladora geral do Munic\u00edpio e um amigo como secret\u00e1rio de finan\u00e7as, tendo sido aprovada proposta de Lei Municipal que resultou no aumento do subs\u00eddio de alguns cargos, dentre estes o da Controladora Geral do Munic\u00edpio. Em mar\u00e7o de 2018 o juiz chegou a determinar que fosse reduzido em 20% os cargos em comiss\u00e3o e fun\u00e7\u00f5es de confian\u00e7a, mas foi ignorado. N\u00e3o h\u00e1 como ser negada a ocorr\u00eancia de improbidade administrativa\u201d, conclui Baptista.<\/span><\/p>\n<p style=\"text-align: justify;\" align=\"justify\" data-raofz=\"14\"><span style=\"font-size: 14pt;\"><b>Decis\u00e3o<\/b><\/span><\/p>\n<p style=\"text-align: justify;\" align=\"justify\" data-raofz=\"14\"><span style=\"font-size: 14pt;\">Para que seja cumprida a decis\u00e3o de indisponibilidade, o juiz Jo\u00e3o Paulo Alexandre determinou o bloqueio de ativos e financeiros de demandado, via Sisbajud, ressalvada a impenhorabilidade de saldo inferior a 40 sal\u00e1rios-m\u00ednimos, bloqueio de ve\u00edculos automotores, via Renajud, bem como indisponibilidade de quotas de sociedades empresariais pertencentes ao ex-prefeito.<\/span><\/p>\n","protected":false},"excerpt":{"rendered":"<p> [&hellip;]<\/p>\n","protected":false},"author":1,"featured_media":8335,"comment_status":"open","ping_status":"open","sticky":false,"template":"","format":"standard","meta":{"om_disable_all_campaigns":false,"_monsterinsights_skip_tracking":false,"_monsterinsights_sitenote_active":false,"_monsterinsights_sitenote_note":"","_monsterinsights_sitenote_category":0,"_uf_show_specific_survey":0,"_uf_disable_surveys":false,"footnotes":""},"categories":[2],"tags":[],"class_list":["post-8334","post","type-post","status-publish","format-standard","has-post-thumbnail","hentry","category-not_mpal"],"aioseo_notices":[],"_links":{"self":[{"href":"https:\/\/www.mpal.mp.br\/index.php?rest_route=\/wp\/v2\/posts\/8334","targetHints":{"allow":["GET"]}}],"collection":[{"href":"https:\/\/www.mpal.mp.br\/index.php?rest_route=\/wp\/v2\/posts"}],"about":[{"href":"https:\/\/www.mpal.mp.br\/index.php?rest_route=\/wp\/v2\/types\/post"}],"author":[{"embeddable":true,"href":"https:\/\/www.mpal.mp.br\/index.php?rest_route=\/wp\/v2\/users\/1"}],"replies":[{"embeddable":true,"href":"https:\/\/www.mpal.mp.br\/index.php?rest_route=%2Fwp%2Fv2%2Fcomments&post=8334"}],"version-history":[{"count":1,"href":"https:\/\/www.mpal.mp.br\/index.php?rest_route=\/wp\/v2\/posts\/8334\/revisions"}],"predecessor-version":[{"id":8336,"href":"https:\/\/www.mpal.mp.br\/index.php?rest_route=\/wp\/v2\/posts\/8334\/revisions\/8336"}],"wp:featuredmedia":[{"embeddable":true,"href":"https:\/\/www.mpal.mp.br\/index.php?rest_route=\/wp\/v2\/media\/8335"}],"wp:attachment":[{"href":"https:\/\/www.mpal.mp.br\/index.php?rest_route=%2Fwp%2Fv2%2Fmedia&parent=8334"}],"wp:term":[{"taxonomy":"category","embeddable":true,"href":"https:\/\/www.mpal.mp.br\/index.php?rest_route=%2Fwp%2Fv2%2Fcategories&post=8334"},{"taxonomy":"post_tag","embeddable":true,"href":"https:\/\/www.mpal.mp.br\/index.php?rest_route=%2Fwp%2Fv2%2Ftags&post=8334"}],"curies":[{"name":"wp","href":"https:\/\/api.w.org\/{rel}","templated":true}]}}