{"id":8331,"date":"2021-10-19T07:57:48","date_gmt":"2021-10-19T10:57:48","guid":{"rendered":"https:\/\/www.mpal.mp.br\/?p=8331"},"modified":"2022-06-08T08:06:54","modified_gmt":"2022-06-08T11:06:54","slug":"df-chefes-ministeriais-de-todo-brasil-fazem-ato-publico-em-repudio-a-pec05-2021","status":"publish","type":"post","link":"https:\/\/www.mpal.mp.br\/?p=8331","title":{"rendered":"DF: Chefes ministeriais de todo Brasil fazem ato p\u00fablico em rep\u00fadio \u00e0 PEC05\/2021"},"content":{"rendered":"<p style=\"text-align: justify;\" align=\"justify\" data-raofz=\"14\"><span style=\"font-size: 14pt;\">O\u00a0procurador-geral de Justi\u00e7a do Minist\u00e9rio P\u00fablico de Alagoas,\u00a0(MPAL),\u00a0M\u00e1rcio Roberto Ten\u00f3rio de Albuquerque, participou, na manh\u00e3 desta ter\u00e7a-feira (19), em Bras\u00edlia, de ato p\u00fablico nacional coordenado pela presidente do Conselho Nacional de Procuradores -Gerais de Justi\u00e7a,\u00a0Ivana L\u00facia Branco Cei,\u00a0e colegas\u00a0condutores da institui\u00e7\u00e3o. O grito \u00e9 o #N\u00c3O\u00c0PEC5 que tenta neutralizar o Minist\u00e9rio P\u00fablico Brasileiro e desproteger toda a sociedade, deixando-o ref\u00e9m de inten\u00e7\u00f5es programadas para ignorar as ilegalidades e ca\u00e7ar diretamente os direitos de cada cidad\u00e3o brasileiro. A manifesta\u00e7\u00e3o recebe apoio de procuradores, membros e servidores de todos os MP\u2019s da federa\u00e7\u00e3o, numa corrida contra a insensatez de parlamentares que pretendem aprovar, ainda hoje, a Proposta.<\/span><\/p>\n<p style=\"text-align: justify;\" align=\"justify\" data-raofz=\"14\"><span style=\"font-size: 14pt;\">\u201cEstaremos a postos, mobilizados, enfrentando todos que queiram transformar o Minist\u00e9rio P\u00fablico em um comit\u00ea politico\u00a0em prol das suas ben\u00e9cias. O Brasil est\u00e1 mobilizado, estamos com a sociedade juntando-se a n\u00f3s pois ela sabe que somos um \u00fanico grito, j\u00e1 que afetando o Minist\u00e9rio P\u00fablico e decepando sua for\u00e7a jamais poder\u00e1 defend\u00ea-la da corrup\u00e7\u00e3o e todos os disparates que estamos acostumados a investigar e fazer justi\u00e7a\u201d, diz com ar de indigna\u00e7\u00e3o, o PGJ do MP de Alagoas.<\/span><\/p>\n<p style=\"text-align: justify;\" data-raofz=\"14\"><span style=\"font-size: 14pt;\" data-raofz=\"14\">A Proposta de Emenda \u00e0 Constitui\u00e7\u00e3o (PEC) 5\/2021, prev\u00ea a amplia\u00e7\u00e3o da influ\u00eancia do Congresso Nacional sobre o Minist\u00e9rio P\u00fablico. Segundo os membros do Minist\u00e9rio P\u00fablico, a PEC, ataca a independ\u00eancia do Minist\u00e9rio P\u00fablico, tolhe e subjuga sua atua\u00e7\u00e3o e deixa a institui\u00e7\u00e3o vulner\u00e1vel a interfer\u00eancias pol\u00edticas, entre uma s\u00e9rie de outros problemas gerados pela altera\u00e7\u00e3o da composi\u00e7\u00e3o e da estrutura do Conselho Nacional do Minist\u00e9rio P\u00fablico (CNMP) e de conselhos superiores do MP.<\/span><\/p>\n<p style=\"text-align: justify;\" data-raofz=\"14\"><span style=\"font-size: 14pt;\" data-raofz=\"14\">O ato foi convocado pela Associa\u00e7\u00e3o Nacional dos Membros do Minist\u00e9rio P\u00fablico (Conamp), Conselho Nacional dos Procuradores-Gerais (CNPG), Associa\u00e7\u00e3o Nacional dos Procuradores da Rep\u00fablica (ANPR), Associa\u00e7\u00e3o Nacional dos Procuradores e Procuradoras do Trabalho (ANPT), Associa\u00e7\u00e3o Nacional do Minist\u00e9rio P\u00fablico Militar (ANMPM), Associa\u00e7\u00e3o do Minist\u00e9rio P\u00fablico do Distrito Federal e Territ\u00f3rios (AMPDFT).<\/span><\/p>\n<p style=\"text-align: justify;\" data-raofz=\"14\"><span style=\"font-size: 14pt;\" data-raofz=\"14\">Os procuradores-gerais de Justi\u00e7a e da Uni\u00e3o acreditam no di\u00e1logo republicano e construtivo com o Congresso Nacional, que possa resultar em uma PEC capaz de fortalecer ainda mais o Minist\u00e9rio P\u00fablico Brasileiro. Por isso, entregaram, na noite dessa segunda-feira (18), ao presidente da C\u00e2mara dos Deputados, Arthur Lira, contribui\u00e7\u00f5es a fim de enriquecer o debate sobre a tramita\u00e7\u00e3o da PEC 5, que, segundo relat\u00f3rio atual, altera a composi\u00e7\u00e3o do Conselho Nacional do Minist\u00e9rio P\u00fablico (CNMP), podendo fragilizar a autonomia da institui\u00e7\u00e3o.<\/span><\/p>\n<p style=\"text-align: justify;\" data-raofz=\"14\"><span style=\"font-size: 14pt;\" data-raofz=\"14\">O CNPG entregou ao presidente Lira um documento em que foi real\u00e7ada a import\u00e2ncia de preservar a independ\u00eancia funcional dos procuradores e promotores e de manter a simetria entre o CNMP e o Conselho Nacional de Justi\u00e7a (CNJ), \u00f3rg\u00e3os constitucionais que t\u00eam a mesma finalidade e que, por isso mesmo, devem ter composi\u00e7\u00f5es e fun\u00e7\u00f5es assemelhadas.<\/span><\/p>\n<p style=\"text-align: justify;\" data-raofz=\"14\"><span style=\"font-size: 14pt;\" data-raofz=\"14\">Ao mesmo tempo em que o Colegiado reiterou seu pedido de rejei\u00e7\u00e3o da PEC 5, nos moldes em que se encontra, o CNPG manifestou que o Minist\u00e9rio P\u00fablico est\u00e1 aberto \u00e0 proposta de adotar um C\u00f3digo de \u00c9tica para o Minist\u00e9rio P\u00fablico, nos mesmos termos do C\u00f3digo de \u00c9tica que o CNJ aprovou para a Magistratura, como foi sugerido por v\u00e1rios deputados.<\/span><\/p>\n<p style=\"text-align: justify;\" data-raofz=\"14\"><span style=\"font-size: 14pt;\" data-raofz=\"14\">O Minist\u00e9rio P\u00fablico continua mobilizado e conta com o apoio da sociedade para que a PEC 5 seja rejeitada.<\/span><\/p>\n","protected":false},"excerpt":{"rendered":"<p> [&hellip;]<\/p>\n","protected":false},"author":1,"featured_media":8332,"comment_status":"open","ping_status":"open","sticky":false,"template":"","format":"standard","meta":{"om_disable_all_campaigns":false,"_monsterinsights_skip_tracking":false,"_monsterinsights_sitenote_active":false,"_monsterinsights_sitenote_note":"","_monsterinsights_sitenote_category":0,"_uf_show_specific_survey":0,"_uf_disable_surveys":false,"footnotes":""},"categories":[2],"tags":[],"class_list":["post-8331","post","type-post","status-publish","format-standard","has-post-thumbnail","hentry","category-not_mpal"],"aioseo_notices":[],"_links":{"self":[{"href":"https:\/\/www.mpal.mp.br\/index.php?rest_route=\/wp\/v2\/posts\/8331","targetHints":{"allow":["GET"]}}],"collection":[{"href":"https:\/\/www.mpal.mp.br\/index.php?rest_route=\/wp\/v2\/posts"}],"about":[{"href":"https:\/\/www.mpal.mp.br\/index.php?rest_route=\/wp\/v2\/types\/post"}],"author":[{"embeddable":true,"href":"https:\/\/www.mpal.mp.br\/index.php?rest_route=\/wp\/v2\/users\/1"}],"replies":[{"embeddable":true,"href":"https:\/\/www.mpal.mp.br\/index.php?rest_route=%2Fwp%2Fv2%2Fcomments&post=8331"}],"version-history":[{"count":1,"href":"https:\/\/www.mpal.mp.br\/index.php?rest_route=\/wp\/v2\/posts\/8331\/revisions"}],"predecessor-version":[{"id":8333,"href":"https:\/\/www.mpal.mp.br\/index.php?rest_route=\/wp\/v2\/posts\/8331\/revisions\/8333"}],"wp:featuredmedia":[{"embeddable":true,"href":"https:\/\/www.mpal.mp.br\/index.php?rest_route=\/wp\/v2\/media\/8332"}],"wp:attachment":[{"href":"https:\/\/www.mpal.mp.br\/index.php?rest_route=%2Fwp%2Fv2%2Fmedia&parent=8331"}],"wp:term":[{"taxonomy":"category","embeddable":true,"href":"https:\/\/www.mpal.mp.br\/index.php?rest_route=%2Fwp%2Fv2%2Fcategories&post=8331"},{"taxonomy":"post_tag","embeddable":true,"href":"https:\/\/www.mpal.mp.br\/index.php?rest_route=%2Fwp%2Fv2%2Ftags&post=8331"}],"curies":[{"name":"wp","href":"https:\/\/api.w.org\/{rel}","templated":true}]}}