{"id":8311,"date":"2019-06-10T10:37:21","date_gmt":"2019-06-10T13:37:21","guid":{"rendered":"https:\/\/www.mpal.mp.br\/?p=8311"},"modified":"2023-12-06T13:50:43","modified_gmt":"2023-12-06T16:50:43","slug":"ministerio-publico-e-defensoria-publica-se-reunem-com-prefeitura-para-decidir-acoes-para-areas-atingidas-pela-exploracao-da-braskem","status":"publish","type":"post","link":"https:\/\/www.mpal.mp.br\/?p=8311","title":{"rendered":"Minist\u00e9rio P\u00fablico e Defensoria P\u00fablica se re\u00fanem com Prefeitura para decidir a\u00e7\u00f5es para \u00e1reas atingidas pela explora\u00e7\u00e3o da Braskem"},"content":{"rendered":"<p style=\"text-align: justify;\" align=\"justify\" data-raofz=\"14\"><span style=\"font-size: 14pt;\">Novas discuss\u00f5es em busca de solu\u00e7\u00f5es imediatas para as fam\u00edlias residentes nos bairros de Bebedouro, do Mutange e Pinheiro, em Macei\u00f3, foram desencadeadas, na manh\u00e3 desta segunda-feira (10), entre o Minist\u00e9rio P\u00fablico do Estado de Alagoas (MPE\/AL), a Defensoria P\u00fablica e a Prefeitura de Macei\u00f3. O procurador-geral de Justi\u00e7a, Alfredo Gaspar de Mendon\u00e7a Neto, alerta para a necessidade de a\u00e7\u00f5es emergenciais num curto espa\u00e7o de tempo, pela proximidade da quadra chuvosa. Um dos assuntos focados foi a possibilidade de se utilizar parte dos R$ 100 milh\u00f5es j\u00e1 bloqueados pela Justi\u00e7a para garantir o aluguel social \u00e0s fam\u00edlias das \u00e1reas mais cr\u00edticas e que precisam ser remanejadas.<\/span><\/p>\n<p style=\"text-align: justify;\" align=\"justify\" data-raofz=\"14\"><span style=\"font-size: 14pt;\">Uma explana\u00e7\u00e3o t\u00e9cnica detalhada foi apresentada por meio de novo mapa, identificando os locais onde as evacua\u00e7\u00f5es devem ser priorizadas. Conforme a Secretaria Municipal de Habita\u00e7\u00e3o, a previs\u00e3o \u00e9 de que at\u00e9 o final de julho 740 casas sejam entregues \u00e0s fam\u00edlias do Mutange, e outras 500 em dezembro.<\/span><\/p>\n<p style=\"text-align: justify;\" align=\"justify\" data-raofz=\"14\"><span style=\"font-size: 14pt;\">\u201cMantemos a nossa inten\u00e7\u00e3o que \u00e9 de salvar vidas. Como h\u00e1 uma burocracia para a disponibiliza\u00e7\u00e3o dos recursos federais e j\u00e1 temos os cem milh\u00f5es da Braskem, dos sete bilh\u00f5es pedidos pelo Minist\u00e9rio P\u00fablico e Defensoria, assegurados pela Justi\u00e7a, discutimos o emprego de parte dele para o aluguel social de quem precisa ser remanejado em car\u00e1ter urgente. Porque n\u00e3o d\u00e1 para esperarmos uma cat\u00e1strofe. Discutimos essa viabiliza\u00e7\u00e3o e o que \u00e9 fundamental para adotarmos as provid\u00eancias para que, dentro da legalidade, seja colocada em pr\u00e1tica o mais r\u00e1pido poss\u00edvel\u201d, afirma o procurador-geral Alfredo Gaspar.<\/span><\/p>\n<p style=\"text-align: justify;\" align=\"justify\" data-raofz=\"14\"><span style=\"font-size: 14pt;\">O defensor p\u00fablico- geral, Ricardo Melro, refor\u00e7a a preocupa\u00e7\u00e3o do chefe do Minist\u00e9rio P\u00fablico evidenciando a necessidade de se evitar o tr\u00e1gico.<\/span><\/p>\n<p style=\"text-align: justify;\" align=\"justify\" data-raofz=\"14\"><span style=\"font-size: 14pt;\">\u201cEsse dinheiro ser\u00e1 utilizado para \u00e1rea mais cr\u00edtica, que, segundo informa\u00e7\u00f5es da Defesa Civil e CPRM, \u00e9 a encosta Mutange, principalmente diante da aproxima\u00e7\u00e3o da quadra chuvosa. Mas, vale ressaltar que a forma mais eficaz para precaver toda a regi\u00e3o envolvida de uma trag\u00e9dia \u00e9 com a antecipa\u00e7\u00e3o das indeniza\u00e7\u00f5es, pois, cada cidad\u00e3o, com a quantia que lhe cabe, sair\u00e1 da \u00e1rea de risco em busca de um local seguro para recome\u00e7ar a sua vida. Estamos aguardando uma decis\u00e3o do poder judici\u00e1rio. Essa medida \u00e9 de extrema import\u00e2ncia para impedir que o pior aconte\u00e7a\u201d, afirma o defensor p\u00fablico-geral.<\/span><\/p>\n<p style=\"text-align: justify;\" align=\"justify\" data-raofz=\"14\"><span style=\"font-size: 14pt;\">Indagada sobre o aluguel social, a Prefeitura esclareceu sobre o cadastro das fam\u00edlias, informando que diante da evolu\u00e7\u00e3o do quadro cr\u00edtico houve pedido de extens\u00e3o com valor nivelado de R$ 1 mil para todos. Tamb\u00e9m ressaltou que equipes foram mobilizadas para atender os moradores do Jardim Alagoas.<\/span><\/p>\n<p style=\"text-align: justify;\" align=\"justify\" data-raofz=\"14\"><span style=\"font-size: 14pt;\">Monitoramento<\/span><\/p>\n<p style=\"text-align: justify;\" align=\"justify\" data-raofz=\"14\"><span style=\"font-size: 14pt;\">Pela nova apresenta\u00e7\u00e3o do Mapa de Fei\u00e7\u00e3o, as \u00e1reas do Mutange, Bebedouro at\u00e9 pouco depois do campo do CSA t\u00ea possibilidade de inunda\u00e7\u00e3o e precisam de monitoramento.<\/span><\/p>\n<p style=\"text-align: justify;\" align=\"justify\" data-raofz=\"14\"><span style=\"font-size: 14pt;\">No Bom Parto, apesar do cadastro das fam\u00edlias ter sido conclu\u00eddo, n\u00e3o h\u00e1 necessidade de desocupa\u00e7\u00e3o no momento. O que se faz necess\u00e1rio nas \u00e1reas de encostas.<\/span><\/p>\n<p style=\"text-align: justify;\" align=\"justify\" data-raofz=\"14\"><span style=\"font-size: 14pt;\">Participaram da reuni\u00e3o, os promotores de Justi\u00e7a: Max Martins, Jorge D\u00f3ria, Jos\u00e9 Ant\u00f4nio Malta Marques e Jomar Amorim, o defensor p\u00fablico \u2013 geral do Estado, Ricardo Melro, o secret\u00e1rio do Governo Municipal, Eduardo Canuto, e a secret\u00e1ria Municipal de Habita\u00e7\u00e3o, Rosa Ten\u00f3rio, e o secret\u00e1rio de Defesa Civil Municipal, Din\u00e1rio Lemos.<\/span><\/p>\n<p style=\"text-align: justify;\" align=\"justify\" data-raofz=\"14\"><span style=\"font-size: 14pt;\">Fotos: Anderson Macena<\/span><\/p>\n","protected":false},"excerpt":{"rendered":"<p> [&hellip;]<\/p>\n","protected":false},"author":4,"featured_media":8312,"comment_status":"closed","ping_status":"closed","sticky":false,"template":"","format":"standard","meta":{"om_disable_all_campaigns":false,"_monsterinsights_skip_tracking":false,"_monsterinsights_sitenote_active":false,"_monsterinsights_sitenote_note":"","_monsterinsights_sitenote_category":0,"_uf_show_specific_survey":0,"_uf_disable_surveys":false,"footnotes":""},"categories":[56,2],"tags":[],"class_list":["post-8311","post","type-post","status-publish","format-standard","has-post-thumbnail","hentry","category-not_braskem","category-not_mpal"],"aioseo_notices":[],"_links":{"self":[{"href":"https:\/\/www.mpal.mp.br\/index.php?rest_route=\/wp\/v2\/posts\/8311","targetHints":{"allow":["GET"]}}],"collection":[{"href":"https:\/\/www.mpal.mp.br\/index.php?rest_route=\/wp\/v2\/posts"}],"about":[{"href":"https:\/\/www.mpal.mp.br\/index.php?rest_route=\/wp\/v2\/types\/post"}],"author":[{"embeddable":true,"href":"https:\/\/www.mpal.mp.br\/index.php?rest_route=\/wp\/v2\/users\/4"}],"replies":[{"embeddable":true,"href":"https:\/\/www.mpal.mp.br\/index.php?rest_route=%2Fwp%2Fv2%2Fcomments&post=8311"}],"version-history":[{"count":1,"href":"https:\/\/www.mpal.mp.br\/index.php?rest_route=\/wp\/v2\/posts\/8311\/revisions"}],"predecessor-version":[{"id":8313,"href":"https:\/\/www.mpal.mp.br\/index.php?rest_route=\/wp\/v2\/posts\/8311\/revisions\/8313"}],"wp:featuredmedia":[{"embeddable":true,"href":"https:\/\/www.mpal.mp.br\/index.php?rest_route=\/wp\/v2\/media\/8312"}],"wp:attachment":[{"href":"https:\/\/www.mpal.mp.br\/index.php?rest_route=%2Fwp%2Fv2%2Fmedia&parent=8311"}],"wp:term":[{"taxonomy":"category","embeddable":true,"href":"https:\/\/www.mpal.mp.br\/index.php?rest_route=%2Fwp%2Fv2%2Fcategories&post=8311"},{"taxonomy":"post_tag","embeddable":true,"href":"https:\/\/www.mpal.mp.br\/index.php?rest_route=%2Fwp%2Fv2%2Ftags&post=8311"}],"curies":[{"name":"wp","href":"https:\/\/api.w.org\/{rel}","templated":true}]}}