{"id":8284,"date":"2019-06-17T10:06:40","date_gmt":"2019-06-17T13:06:40","guid":{"rendered":"https:\/\/www.mpal.mp.br\/?p=8284"},"modified":"2023-12-07T11:07:54","modified_gmt":"2023-12-07T14:07:54","slug":"bairros-pinheiro-mutange-e-bebedouro-mpe-e-defensoria-ingressam-com-representacao-pedindo-providencia-da-falta-de-apreciacoes-dos-pedidos-de-tutela-de-urgencia","status":"publish","type":"post","link":"https:\/\/www.mpal.mp.br\/?p=8284","title":{"rendered":"Bairros Pinheiro, Mutange e Bebedouro: MPE e Defensoria ingressam com representa\u00e7\u00e3o pedindo provid\u00eancia da falta de aprecia\u00e7\u00f5es dos pedidos de tutela de urg\u00eancia"},"content":{"rendered":"<p style=\"text-align: justify;\">O Minist\u00e9rio P\u00fablico Estadual de Alagoas e a Defensoria P\u00fablica do Estado de Alagoas ingressaram, na \u00faltima quinta-feira (13), com uma representa\u00e7\u00e3o ao presidente do Conselho Nacional de Justi\u00e7a (CNJ), ministro Jos\u00e9 Ant\u00f4nio Dias Toffoli, e ao colegiado do Observat\u00f3rio Nacional sobre Quest\u00f5es Ambientais, Econ\u00f4micas e Sociais de Alta Complexidade e Grande Impacto e Repercuss\u00e3o do CNJ, solicitando provid\u00eancias diante da aus\u00eancia de aprecia\u00e7\u00e3o de tutela de urg\u00eancia, enquanto se discute em qual esfera jur\u00eddica (estadual ou federal) o processo ser\u00e1 julgado.<\/p>\n<p style=\"text-align: justify;\">Na representa\u00e7\u00e3o, promotores e defensores p\u00fablicos explicam que o processo se encontra em um verdadeiro hiato de jurisdi\u00e7\u00e3o. \u201cA Justi\u00e7a Federal n\u00e3o decide porque a compet\u00eancia \u00e9 da Justi\u00e7a Estadual (como j\u00e1 reconheceu); a Justi\u00e7a Estadual de 1\u00ba grau n\u00e3o decide porque n\u00e3o tem autos e, por seu turno, o egr\u00e9gio Tribunal de Justi\u00e7a de Alagoas, mesmo tendo autos recursais, determinou aguardar retorno dos autos \u2018principais\u2019 da Justi\u00e7a Federal\u201d, argumentam.<\/p>\n<p style=\"text-align: justify;\">Os \u00f3rg\u00e3os acrescentam, ainda, que o v\u00e1cuo judicial abre as portas para que os \u2018(ir)respons\u00e1veis\u2019 fa\u00e7am movimenta\u00e7\u00f5es e atos societ\u00e1rias, patrimoniais e de disposi\u00e7\u00e3o que claramente amea\u00e7am a higidez econ\u00f4mica da empresa envolvida para efeito das futuras indeniza\u00e7\u00f5es\u201d, como os fatos vem infelizmente confirmando.<\/p>\n<p style=\"text-align: justify;\">Al\u00e9m disso, ressaltam, os valores bloqueados s\u00e3o dividendos, isto \u00e9, lucro, juridicamente previsto como mecanismo de remunera\u00e7\u00e3o do capital, sem qualquer finalidade de crescimento para sustenta\u00e7\u00e3o da estrutura de capital da empresa. A \u00fanica destina\u00e7\u00e3o para a quantia \u00e9 remunera\u00e7\u00e3o dos acionistas.<\/p>\n<p style=\"text-align: justify;\">Os promotores e defensores recordam tamb\u00e9m que a situa\u00e7\u00e3o nos bairros Pinheiro, Mutange e Bebedouro \u00e9 uma aut\u00eantica trag\u00e9dia em curso, desenrolando-se diariamente aos olhos de uma popula\u00e7\u00e3o em p\u00e2nico e desamparo. \u201cOs buracos singrados no solo de t\u00e3o naturalmente esbelta terra fendem e supliciam \u2013 initerruptamente \u2013 n\u00e3o o subsolo destas plagas nordestinas, mas sim a alma de aproximadamente 40 mil pessoas, 40 mil seres humanos. Essa macabra pe\u00e7a n\u00e3o foi escrita e nem litografada na geologia local pelo acaso, nem tecida pelo tempo, nem tramada por for\u00e7a-maior. Esse enredo tem autor, ou mais precisamente, autora: a Braskem S\/A, conforme constatam todas as evid\u00eancias, laudos e estudos t\u00e9cnicos que por meses e meses debru\u00e7aram-se sobre o assunto com os melhores t\u00e9cnicos e especialistas nacionais\u201d, pontuam eles.<\/p>\n<p style=\"text-align: justify;\">O documento foi assinado pelo procurador-geral de justi\u00e7a, Alfredo Gaspar de Mendon\u00e7a; pelo defensor p\u00fablico-geral do Estado, Ricardo Antunes Melro; pelo subdefensor p\u00fablico geral, Carlos E. de P. Monteiro, pelos promotores de justi\u00e7a Jos\u00e9 Ant\u00f4nio Malta Marques, Max Martins de Oliveira Silva, Adriano Jorge de Barros Lima, Jorge Jos\u00e9 Tavares D\u00f3ria, Jomar de Amorim Moraes e Vicente Jos\u00e9 Cavalcante Porci\u00fancula, e pelos defensores p\u00fablicos Fabr\u00edcio Le\u00e3o Souto e Fernando R. de Oliveira.<\/p>\n","protected":false},"excerpt":{"rendered":"<p> [&hellip;]<\/p>\n","protected":false},"author":17,"featured_media":8285,"comment_status":"closed","ping_status":"closed","sticky":false,"template":"","format":"standard","meta":{"om_disable_all_campaigns":false,"_monsterinsights_skip_tracking":false,"_monsterinsights_sitenote_active":false,"_monsterinsights_sitenote_note":"","_monsterinsights_sitenote_category":0,"_uf_show_specific_survey":0,"_uf_disable_surveys":false,"footnotes":""},"categories":[56,2],"tags":[],"class_list":["post-8284","post","type-post","status-publish","format-standard","has-post-thumbnail","hentry","category-not_braskem","category-not_mpal"],"aioseo_notices":[],"_links":{"self":[{"href":"https:\/\/www.mpal.mp.br\/index.php?rest_route=\/wp\/v2\/posts\/8284","targetHints":{"allow":["GET"]}}],"collection":[{"href":"https:\/\/www.mpal.mp.br\/index.php?rest_route=\/wp\/v2\/posts"}],"about":[{"href":"https:\/\/www.mpal.mp.br\/index.php?rest_route=\/wp\/v2\/types\/post"}],"author":[{"embeddable":true,"href":"https:\/\/www.mpal.mp.br\/index.php?rest_route=\/wp\/v2\/users\/17"}],"replies":[{"embeddable":true,"href":"https:\/\/www.mpal.mp.br\/index.php?rest_route=%2Fwp%2Fv2%2Fcomments&post=8284"}],"version-history":[{"count":2,"href":"https:\/\/www.mpal.mp.br\/index.php?rest_route=\/wp\/v2\/posts\/8284\/revisions"}],"predecessor-version":[{"id":34443,"href":"https:\/\/www.mpal.mp.br\/index.php?rest_route=\/wp\/v2\/posts\/8284\/revisions\/34443"}],"wp:featuredmedia":[{"embeddable":true,"href":"https:\/\/www.mpal.mp.br\/index.php?rest_route=\/wp\/v2\/media\/8285"}],"wp:attachment":[{"href":"https:\/\/www.mpal.mp.br\/index.php?rest_route=%2Fwp%2Fv2%2Fmedia&parent=8284"}],"wp:term":[{"taxonomy":"category","embeddable":true,"href":"https:\/\/www.mpal.mp.br\/index.php?rest_route=%2Fwp%2Fv2%2Fcategories&post=8284"},{"taxonomy":"post_tag","embeddable":true,"href":"https:\/\/www.mpal.mp.br\/index.php?rest_route=%2Fwp%2Fv2%2Ftags&post=8284"}],"curies":[{"name":"wp","href":"https:\/\/api.w.org\/{rel}","templated":true}]}}