{"id":8230,"date":"2019-06-26T08:54:59","date_gmt":"2019-06-26T11:54:59","guid":{"rendered":"https:\/\/www.mpal.mp.br\/?p=8230"},"modified":"2023-12-06T13:50:15","modified_gmt":"2023-12-06T16:50:15","slug":"bairros-pinheiro-mutange-e-bebedouro-mpe-e-defensoria-garantem-o-bloqueio-de-r-37-bi-das-contas-da-braskem-para-assegurar-reparacao-aos-danos-causados-pela-mineracao-as-familias","status":"publish","type":"post","link":"https:\/\/www.mpal.mp.br\/?p=8230","title":{"rendered":"Bairros Pinheiro, Mutange e Bebedouro: MPE e Defensoria garantem o bloqueio de R$ 3,7 bi das contas da Braskem para assegurar repara\u00e7\u00e3o aos danos causados pela minera\u00e7\u00e3o \u00e0s fam\u00edlias"},"content":{"rendered":"<p style=\"text-align: justify;\" data-raofz=\"14\"><span style=\"font-size: 14pt;\">Em resposta ao pedido de provid\u00eancias dentro do Agravo de Instrumento interposto pelo Minist\u00e9rio P\u00fablico do Estado de Alagoas e Defensoria P\u00fablica do Estado de Alagoas, o presidente do Tribunal de Justi\u00e7a do Estado de Alagoas, Tutm\u00e9s Airan de Albuquerque Melo, determinou, na tarde de ontem (25), o bloqueio de R$ 3.680.460.000,00 das contas da Braskem, para fins de assegurar repara\u00e7\u00e3o dos danos \u00e0s fam\u00edlias dos bairros Pinheiro, Mutange e Bebedouro, vitimadas pela minera\u00e7\u00e3o.<\/span><\/p>\n<p style=\"text-align: justify;\" data-raofz=\"14\"><span style=\"font-size: 14pt;\">Al\u00e9m do bloqueio, o desembargador nomeou uma empresa para proceder a avalia\u00e7\u00e3o do pre\u00e7o dos im\u00f3veis da regi\u00e3o apontada no mapa do Servi\u00e7o Geol\u00f3gico do Brasil \u2013 CPRM. A avalia\u00e7\u00e3o dever\u00e1 considerar os valores anteriores ao evento ambiental que os desvalorizou, indicando cada um dos propriet\u00e1rios ou possuidores e a que t\u00edtulo (escritura p\u00fablica, contrato de compra e venda ou mera posse) e o respectivo tempo no im\u00f3vel.<\/span><\/p>\n<p style=\"text-align: justify;\" data-raofz=\"14\"><span style=\"font-size: 14pt;\">Com a finalidade de garantir o cumprimento da determina\u00e7\u00e3o, o desembargador determinou, ainda, a constri\u00e7\u00e3o de todos os im\u00f3veis da empresa e a indisponibilidade de todos os ativos financeiros da Braskem at\u00e9 que se atinja o valor total da indeniza\u00e7\u00e3o deferida, incluindo a a\u00e7\u00f5es de propriedade da Braskem negociadas nas bolsas de valores brasileiras e estrangeiras.<\/span><\/p>\n<p style=\"text-align: justify;\" data-raofz=\"14\"><span style=\"font-size: 14pt;\">No pedido, o Minist\u00e9rio P\u00fablico e a Defensoria e o demonstraram o risco latente de se ver frustrado os direitos dos cidad\u00e3os prejudicados pela empresa, em raz\u00e3o do risco de esvaziamento do patrim\u00f4nio da empresa demandada pelas movimenta\u00e7\u00f5es e acordos de R$ 2,6 bilh\u00f5es em decorr\u00eancia do reconhecimento de danos causados \u00e0 administra\u00e7\u00e3o federal por meio de pr\u00e1ticas de corrup\u00e7\u00e3o, e pela possibilidade, n\u00e3o descartada, de inclus\u00e3o da empresa em a\u00e7\u00e3o de recupera\u00e7\u00e3o judicial, comprometendo sua higidez econ\u00f4mica e, consequentemente, as futuras indeniza\u00e7\u00f5es.<\/span><\/p>\n<p style=\"text-align: justify;\" data-raofz=\"14\"><span style=\"font-size: 14pt;\">Em sua an\u00e1lise, o presidente do Tribunal de Justi\u00e7a alagoano, relembra casos semelhantes ao vivido em Macei\u00f3, como o caso da abertura de cratera na Bahia em decorr\u00eancia da minera\u00e7\u00e3o, e ressaltou que \u201ca hist\u00f3ria deve ensinar aos homens e o Judici\u00e1rio deve responder com altivez constitucional a li\u00e7\u00e3o\u201d.<\/span><\/p>\n<p style=\"text-align: justify;\" data-raofz=\"14\"><span style=\"font-size: 14pt;\">\u201cUm pa\u00eds que pretende levar a s\u00e9rio o direito constitucional, fatos com tal envergadura e seriedade, com consequ\u00eancias profundas para toda a sociedade, n\u00e3o podem ser negligenciados. N\u00e3o se pode assumir e aceitar os riscos de que venham a acontecer os poss\u00edveis desmoronamentos nas \u00e1reas de risco com milhares de pessoas habitando a regi\u00e3o, sem que o Judici\u00e1rio tenha fornecido a resposta constitucional adequada, principalmente com laudos produzidos. Assim, indeferir a medida, seria aceitar essas nefastas consequ\u00eancias para proteger interesses essencialmente econ\u00f4micos\u201d, pontuou Airan.<\/span><\/p>\n","protected":false},"excerpt":{"rendered":"<p> [&hellip;]<\/p>\n","protected":false},"author":4,"featured_media":8231,"comment_status":"closed","ping_status":"closed","sticky":false,"template":"","format":"standard","meta":{"om_disable_all_campaigns":false,"_monsterinsights_skip_tracking":false,"_monsterinsights_sitenote_active":false,"_monsterinsights_sitenote_note":"","_monsterinsights_sitenote_category":0,"_uf_show_specific_survey":0,"_uf_disable_surveys":false,"footnotes":""},"categories":[56,2],"tags":[],"class_list":["post-8230","post","type-post","status-publish","format-standard","has-post-thumbnail","hentry","category-not_braskem","category-not_mpal"],"aioseo_notices":[],"_links":{"self":[{"href":"https:\/\/www.mpal.mp.br\/index.php?rest_route=\/wp\/v2\/posts\/8230","targetHints":{"allow":["GET"]}}],"collection":[{"href":"https:\/\/www.mpal.mp.br\/index.php?rest_route=\/wp\/v2\/posts"}],"about":[{"href":"https:\/\/www.mpal.mp.br\/index.php?rest_route=\/wp\/v2\/types\/post"}],"author":[{"embeddable":true,"href":"https:\/\/www.mpal.mp.br\/index.php?rest_route=\/wp\/v2\/users\/4"}],"replies":[{"embeddable":true,"href":"https:\/\/www.mpal.mp.br\/index.php?rest_route=%2Fwp%2Fv2%2Fcomments&post=8230"}],"version-history":[{"count":1,"href":"https:\/\/www.mpal.mp.br\/index.php?rest_route=\/wp\/v2\/posts\/8230\/revisions"}],"predecessor-version":[{"id":8233,"href":"https:\/\/www.mpal.mp.br\/index.php?rest_route=\/wp\/v2\/posts\/8230\/revisions\/8233"}],"wp:featuredmedia":[{"embeddable":true,"href":"https:\/\/www.mpal.mp.br\/index.php?rest_route=\/wp\/v2\/media\/8231"}],"wp:attachment":[{"href":"https:\/\/www.mpal.mp.br\/index.php?rest_route=%2Fwp%2Fv2%2Fmedia&parent=8230"}],"wp:term":[{"taxonomy":"category","embeddable":true,"href":"https:\/\/www.mpal.mp.br\/index.php?rest_route=%2Fwp%2Fv2%2Fcategories&post=8230"},{"taxonomy":"post_tag","embeddable":true,"href":"https:\/\/www.mpal.mp.br\/index.php?rest_route=%2Fwp%2Fv2%2Ftags&post=8230"}],"curies":[{"name":"wp","href":"https:\/\/api.w.org\/{rel}","templated":true}]}}