{"id":8218,"date":"2019-07-08T08:40:48","date_gmt":"2019-07-08T11:40:48","guid":{"rendered":"https:\/\/www.mpal.mp.br\/?p=8218"},"modified":"2023-12-06T13:50:07","modified_gmt":"2023-12-06T16:50:07","slug":"em-parecer-mpal-pede-anulacao-de-sentenca-que-inocentou-braskem-de-danos-morais-por-vazamento-de-cloro","status":"publish","type":"post","link":"https:\/\/www.mpal.mp.br\/?p=8218","title":{"rendered":"Em parecer, MPAL pede anula\u00e7\u00e3o de senten\u00e7a que inocentou Braskem de danos morais por vazamento de cloro"},"content":{"rendered":"<p style=\"text-align: justify;\" align=\"left\" data-raofz=\"14\"><span style=\"font-size: 14pt;\">O Minist\u00e9rio P\u00fablico Estadual de Alagoas (MPAL) pediu a anula\u00e7\u00e3o da senten\u00e7a prolatada pelo Ju\u00edzo da 5\u00aa Vara C\u00edvel da Capital, que entendeu que a mineradora Braskem S.A. n\u00e3o deveria ser condenada por danos morais em raz\u00e3o do vazamento de g\u00e1s cloro, ocorrido em 21 de maio de 2011, no bairro do Trapiche. No parecer emitido em raz\u00e3o de apela\u00e7\u00e3o interposta por um grupo de moradores, a procuradora de justi\u00e7a Denise Guimar\u00e3es argumentou que a a\u00e7\u00e3o movida pela comunidade tramitou sem a participa\u00e7\u00e3o do MPAL em 1\u00ba grau, fato que, por si s\u00f3, j\u00e1 gera a nulidade do processo. Dentre os autores da peti\u00e7\u00e3o inicial, 70 eram menores de idade \u00e0 \u00e9poca e foram representados pelos seus pais.<\/span><\/p>\n<p style=\"text-align: justify;\" align=\"justify\" data-raofz=\"14\"><span style=\"font-size: 14pt;\">Segundo Denise Guimar\u00e3es, titular da 10\u00aa Procuradoria C\u00edvel, \u201chouve presen\u00e7a de nulidade insan\u00e1vel pela falta de intima\u00e7\u00e3o do Minist\u00e9rio P\u00fablico, fato este inobservado pela magistrada de piso, embora presentes interesses coletivo e de incapazes, de grande repercuss\u00e3o social\u201d.<\/span><\/p>\n<p style=\"text-align: justify;\" align=\"justify\" data-raofz=\"14\"><span style=\"font-size: 14pt;\">\u201cRelatam os autores sobre explos\u00e3o ocorrida nas instala\u00e7\u00f5es da empresa Braskem S.A. em 21 de maio de 2011, levando ao vazamento de g\u00e1s cloro e a inala\u00e7\u00e3o deste por centenas de moradores do bairro Trapiche, na maioria crian\u00e7as, sem nenhum aux\u00edlio da r\u00e9, ora apelada. Aduzem sobre o in\u00edcio da explos\u00e3o e do cheiro forte espalhado na regi\u00e3o, infligindo na vizinhan\u00e7a sintomas de v\u00f4mito, tosse, falta de ar, ard\u00eancia nos olhos e garganta e desmaios. Seguem informando sobre a falta de primeiros socorros, os quais foram prestados inicialmente pela pr\u00f3pria popula\u00e7\u00e3o e horas ap\u00f3s pelo Corpo de Bombeiros, bem como no caos que se instalou com a grande quantidade de v\u00edtimas, em grande parte menores de idade, atendidas no HGE. Nesse jaez, diante dos fatos expostos na inicial, com impacto significado no seio social, indubit\u00e1vel a presen\u00e7a de interesses difuso, coletivo e de incapazes a atrair o acompanhamento do Minist\u00e9rio P\u00fablico\u201d, diz um trecho do parecer emitido pela procuradora de justi\u00e7a.<\/span><\/p>\n<p style=\"text-align: justify;\" align=\"justify\" data-raofz=\"14\"><span style=\"font-size: 14pt;\"><strong>Desrespeito ao CPC<\/strong><\/span><\/p>\n<p style=\"text-align: justify;\" align=\"justify\" data-raofz=\"14\"><span style=\"font-size: 14pt;\">E para requerer essa nulidade, o Minist\u00e9rio P\u00fablico alegou que n\u00e3o foi obedecido o artigo 279 do C\u00f3digo de Processo Civil, que diz que \u00e9 \u201cnulo o processo quando o membro do Minist\u00e9rio P\u00fablico n\u00e3o for intimado a acompanhar o feito em que deva intervir\u201d.<\/span><\/p>\n<p style=\"text-align: justify;\" align=\"justify\" data-raofz=\"14\"><span style=\"font-size: 14pt;\">O mesmo dispositivo diz ainda que se o processo \u201ctiver tramitado sem conhecimento do membro do Minist\u00e9rio P\u00fablico, o juiz invalidar\u00e1 os atos praticados a partir do momento em que ele deveria ter sido intimado\u201d.<\/span><\/p>\n<p style=\"text-align: justify;\" align=\"justify\" data-raofz=\"14\"><span style=\"font-size: 14pt;\">Por fim, o mesmo artigo ainda fala que tal nulidade \u201cs\u00f3 pode ser decretada ap\u00f3s a intima\u00e7\u00e3o do Minist\u00e9rio P\u00fablico, que se manifestar\u00e1 sobre a exist\u00eancia ou a inexist\u00eancia de preju\u00edzo\u201d.<\/span><\/p>\n<p style=\"text-align: justify;\" align=\"justify\" data-raofz=\"14\"><span style=\"font-size: 14pt;\">Em sua senten\u00e7a, o Ju\u00edzo da 5\u00aa Vara C\u00edvel da Capital entendeu que, na a\u00e7\u00e3o ajuizada pelos moradores do Trapiche, faltaram elementos capazes de demonstrar o dano experimentado pela comunidade e a necessidade da devida repara\u00e7\u00e3o.<\/span><\/p>\n","protected":false},"excerpt":{"rendered":"<p> [&hellip;]<\/p>\n","protected":false},"author":4,"featured_media":8219,"comment_status":"closed","ping_status":"closed","sticky":false,"template":"","format":"standard","meta":{"om_disable_all_campaigns":false,"_monsterinsights_skip_tracking":false,"_monsterinsights_sitenote_active":false,"_monsterinsights_sitenote_note":"","_monsterinsights_sitenote_category":0,"_uf_show_specific_survey":0,"_uf_disable_surveys":false,"footnotes":""},"categories":[56,2],"tags":[],"class_list":["post-8218","post","type-post","status-publish","format-standard","has-post-thumbnail","hentry","category-not_braskem","category-not_mpal"],"aioseo_notices":[],"_links":{"self":[{"href":"https:\/\/www.mpal.mp.br\/index.php?rest_route=\/wp\/v2\/posts\/8218","targetHints":{"allow":["GET"]}}],"collection":[{"href":"https:\/\/www.mpal.mp.br\/index.php?rest_route=\/wp\/v2\/posts"}],"about":[{"href":"https:\/\/www.mpal.mp.br\/index.php?rest_route=\/wp\/v2\/types\/post"}],"author":[{"embeddable":true,"href":"https:\/\/www.mpal.mp.br\/index.php?rest_route=\/wp\/v2\/users\/4"}],"replies":[{"embeddable":true,"href":"https:\/\/www.mpal.mp.br\/index.php?rest_route=%2Fwp%2Fv2%2Fcomments&post=8218"}],"version-history":[{"count":1,"href":"https:\/\/www.mpal.mp.br\/index.php?rest_route=\/wp\/v2\/posts\/8218\/revisions"}],"predecessor-version":[{"id":8220,"href":"https:\/\/www.mpal.mp.br\/index.php?rest_route=\/wp\/v2\/posts\/8218\/revisions\/8220"}],"wp:featuredmedia":[{"embeddable":true,"href":"https:\/\/www.mpal.mp.br\/index.php?rest_route=\/wp\/v2\/media\/8219"}],"wp:attachment":[{"href":"https:\/\/www.mpal.mp.br\/index.php?rest_route=%2Fwp%2Fv2%2Fmedia&parent=8218"}],"wp:term":[{"taxonomy":"category","embeddable":true,"href":"https:\/\/www.mpal.mp.br\/index.php?rest_route=%2Fwp%2Fv2%2Fcategories&post=8218"},{"taxonomy":"post_tag","embeddable":true,"href":"https:\/\/www.mpal.mp.br\/index.php?rest_route=%2Fwp%2Fv2%2Ftags&post=8218"}],"curies":[{"name":"wp","href":"https:\/\/api.w.org\/{rel}","templated":true}]}}