{"id":8215,"date":"2019-07-09T08:37:49","date_gmt":"2019-07-09T11:37:49","guid":{"rendered":"https:\/\/www.mpal.mp.br\/?p=8215"},"modified":"2025-06-18T11:16:42","modified_gmt":"2025-06-18T14:16:42","slug":"fruto-proibido-em-operacao-gaesf-cumpre-18-mandados-de-prisao-contra-acusados-de-venda-clandestina-de-aparelhos-iphone","status":"publish","type":"post","link":"https:\/\/www.mpal.mp.br\/?p=8215","title":{"rendered":"Fruto proibido: em opera\u00e7\u00e3o, Gaesf cumpre 18 mandados de pris\u00e3o contra acusados de venda clandestina de aparelhos Iphone"},"content":{"rendered":"<p style=\"text-align: justify;\" data-raofz=\"14\"><span style=\"font-size: 14pt;\"><strong>Fruto Proibido<\/strong>. Este \u00e9 o nome da opera\u00e7\u00e3o, comandada pelo Grupo de Atua\u00e7\u00e3o Especial em Sonega\u00e7\u00e3o Fiscal e aos Crimes Contra a Ordem Tribut\u00e1ria, Econ\u00f4mica e Conexos (Gaesf) do Minist\u00e9rio P\u00fablico Estadual de Alagoas (MPAL) que foi \u00e0s ruas, na manh\u00e3 desta ter\u00e7a-feira (9), para combater uma organiza\u00e7\u00e3o criminosa especializada na venda clandestina de aparelhos Iphone. Ao todo, est\u00e3o sendo cumpridos 18 mandados de pris\u00e3o e 32 de busca e apreens\u00e3o em Alagoas e nos estados de S\u00e3o Paulo e Goi\u00e1s, todos expedidos pela 17\u00aa Vara Criminal da Capital.<\/span><\/p>\n<p style=\"text-align: justify;\" data-raofz=\"14\"><span style=\"font-size: 14pt;\">H\u00e1 mandados de pris\u00e3o, aqui em Macei\u00f3, contra Francisco Ol\u00edmpio da Rocha, Hugo Acioly de Melo, Pablo Dantas de Queiroz, Rodolfo Vilela Nunes, Fl\u00e1vio Sarmento de Morais, Rosiv\u00e2nia Martins da Silva, Jos\u00e9 D\u00eanis de Melo Bastos, Ana Paula da Rocha Dantas, Paulo S\u00e9rgio de Queiroz Silva, Taynnara Lucena Gama, Amerison Souza da Silva J\u00fanior, Eduardo Jorge Sim\u00f5es Pitta J\u00fanior, Daiane Martins da Silva, Igor Acioly de Melo, Eduardo Andr\u00e9 Ferreira e Maria Clara Barros de Melo. J\u00e1 em S\u00e3o Paulo foi preso Jo\u00e3o Rog\u00e9rio Alves de Melo e, em Goi\u00e1s, Pablo Henrique Costa.<\/span><\/p>\n<p style=\"text-align: justify;\" data-raofz=\"14\"><span style=\"font-size: 14pt;\">Na medida cautelar de busca e apreens\u00e3o, foram colhidas provas documentais, a exemplo de dispositivos eletr\u00f4nicos, que ser\u00e3o levados para an\u00e1lise pericial. Tal an\u00e1lise, ap\u00f3s ser conclu\u00edda, ser\u00e1 encaminhada \u00e0 justi\u00e7a.<\/span><\/p>\n<p style=\"text-align: justify;\" data-raofz=\"14\"><span style=\"font-size: 14pt;\"><strong>Modus operandi<\/strong><\/span><\/p>\n<p style=\"text-align: justify;\" data-raofz=\"14\"><span style=\"font-size: 14pt;\">De acordo com as investiga\u00e7\u00f5es do Gaesf, que come\u00e7aram h\u00e1 cerca de um ano, esse grupo se dividia em tarefas de aquisi\u00e7\u00e3o irregular dos aparelhos, venda por meio da rede social Instagram sem a devida autoriza\u00e7\u00e3o da fornecedora Apple, armazenamento clandestino dos celulares, venda desses equipamentos sem nota fiscal, libera\u00e7\u00e3o il\u00edcita de mercadoria quando esta era apreendida e lavagem do dinheiro oriundo desse com\u00e9rcio criminoso.<\/span><\/p>\n<p style=\"text-align: justify;\" data-raofz=\"14\"><span style=\"font-size: 14pt;\">Numa das atividades ilegais do bando, uma carga de mais de 500 aparelhos foi trazida para Macei\u00f3, em maio de 2018, com notas fiscais relativas a outros tipos de produtos, a maioria, acess\u00f3rios para telefone. Todo o material chegou em voo dom\u00e9stico e, ao desembarcar em Alagoas, foi recolhido pelos fiscais respons\u00e1veis.<\/span><\/p>\n<p style=\"text-align: justify;\" data-raofz=\"14\"><span style=\"font-size: 14pt;\">J\u00e1 em fevereiro deste ano, uma nova apreens\u00e3o foi realizada, desta vez, de uma carga de 230 Iphones. Eles estavam escondidos dentro de ve\u00edculo conduzido pelo investigado Francisco Ol\u00edmpio da Rocha.<\/span><\/p>\n<p style=\"text-align: justify;\" data-raofz=\"14\"><span style=\"font-size: 14pt;\">\u201cNas duas ocasi\u00f5es, os aparelhos destinavam-se \u00e0 venda aqui na capital, onde seriam colocados no mercado irregularmente e, claro, numa transa\u00e7\u00e3o que n\u00e3o emitia notas fiscais e, por consequ\u00eancia, que n\u00e3o fazia o recolhimento de impostos aos cofres estaduais\u201d, explicou o promotor de justi\u00e7a Cyro Blatter, coordenador do Gaesf.<\/span><\/p>\n<p style=\"text-align: justify;\" data-raofz=\"14\"><span style=\"font-size: 14pt;\"><strong>Os crimes praticados<\/strong><\/span><\/p>\n<p style=\"text-align: justify;\" data-raofz=\"14\"><span style=\"font-size: 14pt;\">Em raz\u00e3o da pr\u00e1tica delituosa, o Gaesf aponta o envolvimento dos acusados nos crimes de organiza\u00e7\u00e3o criminosa e lavagem de capitais, dentre outros.<\/span><\/p>\n<p style=\"text-align: justify;\" data-raofz=\"14\"><span style=\"font-size: 14pt;\">\u201cA gravidade das a\u00e7\u00f5es do grupo foi verificada, inclusive, pelo fato de seus integrantes monitorarem trechos de fiscaliza\u00e7\u00e3o para poder escapar da atua\u00e7\u00e3o dos \u00f3rg\u00e3os competentes. Al\u00e9m disso, eles se utilizavam de diversos artif\u00edcios para conseguir a libera\u00e7\u00e3o indevida de bens apreendidos\u201d, detalhou o promotor Kleber Valadares.<\/span><\/p>\n<p style=\"text-align: justify;\" data-raofz=\"14\"><span style=\"font-size: 14pt;\">Tamb\u00e9m participaram da opera\u00e7\u00e3o \u201cFruto Proibido\u201d o promotor de justi\u00e7a Guilherme Diamantaras, que \u00e9 integrante do Gaesf, e os promotores L\u00eddia Malta, Rodrigo Soares, Leonardo Novaes, Bruno Baptista, Paulo Henrique Prado, Paulo Roberto Alves, Thiago Chacon, Dennis Guimar\u00e3es, Elo\u00e1 de Carvalho e Carlos Davi Lopes. Estes dois \u00faltimos, membros do Gaeco \u2013 Grupo de Atua\u00e7\u00e3o Especial de Combate ao Crime Organizado.<\/span><\/p>\n<p style=\"text-align: justify;\" data-raofz=\"14\"><span style=\"font-size: 14pt;\">Ao lado do MPAL, nesta a\u00e7\u00e3o de hoje, estiveram a Secretaria Estadual da Fazenda, as Pol\u00edcia Militar e Civil de Alagoas, a Pol\u00edcia Rodovi\u00e1ria Federal, a Per\u00edcia Oficial, o Detran\/AL, a Secretaria de Estado de Ressocializa\u00e7\u00e3o e Inclus\u00e3o Social (Seris), o Minist\u00e9rio P\u00fablico de Goi\u00e1s e a Pol\u00edcia Civil de Goi\u00e1s.<\/span><\/p>\n<p style=\"text-align: justify;\" data-raofz=\"14\"><span style=\"font-size: 14pt;\"><strong>Fruto proibido<\/strong><\/span><\/p>\n<p style=\"text-align: justify;\" data-raofz=\"14\"><span style=\"font-size: 14pt;\">O nome da opera\u00e7\u00e3o faz uma alus\u00e3o a fruta que \u00e9 o s\u00edmbolo da Apple: a ma\u00e7\u00e3. J\u00e1 a palavra \u201cproibido\u201d remete ao fato de a organiza\u00e7\u00e3o criminosa vender os aparelhos sem nota fiscal, ou seja, de forma ilegal, deixando de recolher os devidos impostos ao estado de Alagoas.<\/span><\/p>\n<p style=\"text-align: justify;\" data-raofz=\"14\"><span style=\"font-size: 14pt;\"><strong>O Gaesf<\/strong><\/span><\/p>\n<p style=\"text-align: justify;\" data-raofz=\"14\"><span style=\"font-size: 14pt;\">Para recuperar recursos que foram sonegados por organiza\u00e7\u00f5es criminosas, o Minist\u00e9rio P\u00fablico Estadual de Alagoas criou em janeiro de 2017, o Grupo de Atua\u00e7\u00e3o Especial de Combate \u00e0 Sonega\u00e7\u00e3o Fiscal e aos Crimes Contra a Ordem Tribut\u00e1ria, Econ\u00f4mica e Conexos, o Gaesf, que tem atua\u00e7\u00e3o em todo o territ\u00f3rio alagoano.<\/span><\/p>\n<p style=\"text-align: justify;\" data-raofz=\"14\"><span style=\"font-size: 14pt;\">S\u00e3o atribui\u00e7\u00f5es do Gaesf realizar investiga\u00e7\u00f5es c\u00edveis e criminais e fazer uso de servi\u00e7os de intelig\u00eancia; acompanhar inqu\u00e9ritos policiais; instaurar procedimentos administrativos de investiga\u00e7\u00e3o na \u00e1rea de sua atua\u00e7\u00e3o, decretando, quando justificado, e por despacho fundamentado, o sigilo respectivo; expedir notifica\u00e7\u00f5es para colher depoimentos, esclarecimentos e, em caso de aus\u00eancia injustificada, requisitar a condu\u00e7\u00e3o coercitiva, por interm\u00e9dio das pol\u00edcias civil e militar, nos termos da Lei; e receber representa\u00e7\u00f5es de qualquer pessoa ou entidade, assim como not\u00edcia de fato criminoso atrav\u00e9s de servi\u00e7o disque den\u00fancia, institu\u00eddo por \u00f3rg\u00e3os p\u00fablicos<\/span><\/p>\n","protected":false},"excerpt":{"rendered":"<p> [&hellip;]<\/p>\n","protected":false},"author":4,"featured_media":8216,"comment_status":"closed","ping_status":"closed","sticky":false,"template":"","format":"standard","meta":{"om_disable_all_campaigns":false,"_monsterinsights_skip_tracking":false,"_monsterinsights_sitenote_active":false,"_monsterinsights_sitenote_note":"","_monsterinsights_sitenote_category":0,"_uf_show_specific_survey":0,"_uf_disable_surveys":false,"footnotes":""},"categories":[24],"tags":[],"class_list":["post-8215","post","type-post","status-publish","format-standard","has-post-thumbnail","hentry","category-not_gaesf"],"aioseo_notices":[],"_links":{"self":[{"href":"https:\/\/www.mpal.mp.br\/index.php?rest_route=\/wp\/v2\/posts\/8215","targetHints":{"allow":["GET"]}}],"collection":[{"href":"https:\/\/www.mpal.mp.br\/index.php?rest_route=\/wp\/v2\/posts"}],"about":[{"href":"https:\/\/www.mpal.mp.br\/index.php?rest_route=\/wp\/v2\/types\/post"}],"author":[{"embeddable":true,"href":"https:\/\/www.mpal.mp.br\/index.php?rest_route=\/wp\/v2\/users\/4"}],"replies":[{"embeddable":true,"href":"https:\/\/www.mpal.mp.br\/index.php?rest_route=%2Fwp%2Fv2%2Fcomments&post=8215"}],"version-history":[{"count":1,"href":"https:\/\/www.mpal.mp.br\/index.php?rest_route=\/wp\/v2\/posts\/8215\/revisions"}],"predecessor-version":[{"id":8217,"href":"https:\/\/www.mpal.mp.br\/index.php?rest_route=\/wp\/v2\/posts\/8215\/revisions\/8217"}],"wp:featuredmedia":[{"embeddable":true,"href":"https:\/\/www.mpal.mp.br\/index.php?rest_route=\/wp\/v2\/media\/8216"}],"wp:attachment":[{"href":"https:\/\/www.mpal.mp.br\/index.php?rest_route=%2Fwp%2Fv2%2Fmedia&parent=8215"}],"wp:term":[{"taxonomy":"category","embeddable":true,"href":"https:\/\/www.mpal.mp.br\/index.php?rest_route=%2Fwp%2Fv2%2Fcategories&post=8215"},{"taxonomy":"post_tag","embeddable":true,"href":"https:\/\/www.mpal.mp.br\/index.php?rest_route=%2Fwp%2Fv2%2Ftags&post=8215"}],"curies":[{"name":"wp","href":"https:\/\/api.w.org\/{rel}","templated":true}]}}