{"id":8206,"date":"2019-07-11T08:25:56","date_gmt":"2019-07-11T11:25:56","guid":{"rendered":"https:\/\/www.mpal.mp.br\/?p=8206"},"modified":"2025-06-18T11:17:02","modified_gmt":"2025-06-18T14:17:02","slug":"mpal-passara-por-reformas-no-seu-predio-sede-no-gaesf-e-na-pj-de-sao-miguel-dos-campos","status":"publish","type":"post","link":"https:\/\/www.mpal.mp.br\/?p=8206","title":{"rendered":"MPAL passar\u00e1 por reformas no seu pr\u00e9dio-sede, no Gaesf e na PJ de S\u00e3o Miguel dos Campos"},"content":{"rendered":"<p style=\"text-align: justify;\" align=\"justify\" data-raofz=\"14\"><span style=\"font-size: 14pt;\" data-raofz=\"14\">O Minist\u00e9rio P\u00fablico Estadual de Alagoas (MPE\/AL) vai passar por reformas em seu pr\u00e9dio-sede e nos espa\u00e7os que abrigam o Grupo de Atua\u00e7\u00e3o Especial em Sonega\u00e7\u00e3o Fiscal e aos Crimes Contra a Ordem Tribut\u00e1ria, Econ\u00f4mica e Conexos (Gaesf) e a Promotoria de Justi\u00e7a de S\u00e3o Miguel dos Campos. Nessa quarta-feira (10), o procurador-geral de justi\u00e7a em exerc\u00edcio, M\u00e1rcio Roberto Ten\u00f3rio de Albuquerque, assinou toda a documenta\u00e7\u00e3o necess\u00e1ria que autoriza a confec\u00e7\u00e3o dos projetos que servir\u00e3o de base para o in\u00edcio das obras.<\/span><\/p>\n<p style=\"text-align: justify;\" align=\"justify\" data-raofz=\"14\"><span style=\"font-size: 14pt;\" data-raofz=\"14\">As ordens de execu\u00e7\u00e3o de servi\u00e7o para a elabora\u00e7\u00e3o dos projetos t\u00e9cnicos est\u00e3o relacionadas aos pavimentos t\u00e9rreo, sala da Ouvidoria e o 5\u00ba andar do pr\u00e9dio central do MPAL, e em parte da s estruturas do Gaesf e das promotorias de S\u00e3o Miguel.<\/span><\/p>\n<p style=\"text-align: justify;\" align=\"justify\" data-raofz=\"14\"><span style=\"font-size: 14pt;\" data-raofz=\"14\">Para cada uma das obras futuras ser\u00e3o realizados o levantamento cadastral, a confec\u00e7\u00e3o dos projetos e a elabora\u00e7\u00e3o de planilhas. Nestas \u00faltimas, estar\u00e3o os valores de quanto custar\u00e3o as reformas j\u00e1 referidas.<\/span><\/p>\n<p style=\"text-align: justify;\" align=\"justify\" data-raofz=\"14\"><span style=\"font-size: 14pt;\" data-raofz=\"14\">\u201cNosso objetivo \u00e9 oferecer a membros, servidores, estagi\u00e1rios e colaboradores espa\u00e7os com mais conforto e seguran\u00e7a, de modo que todos eles possam desenvolver melhor as suas atividades e dar mais comodidade \u00e0 popula\u00e7\u00e3o que, por ventura, procurar o Minist\u00e9rio P\u00fablico nessas unidades da nossa institui\u00e7\u00e3o\u201d, afirmou M\u00e1rcio Roberto Ten\u00f3rio de Albuquerque.<\/span><\/p>\n<p style=\"text-align: justify;\" align=\"justify\" data-raofz=\"14\"><span style=\"font-size: 14pt;\" data-raofz=\"14\"><b>Detalhes dos projetos<\/b><\/span><\/p>\n<p style=\"text-align: justify;\" align=\"justify\" data-raofz=\"14\"><span style=\"font-size: 14pt;\" data-raofz=\"14\">As obras, que dever\u00e3o come\u00e7ar no segundo semestre, envolver\u00e3o, dentre outras coisas, servi\u00e7os de engenharia para moderniza\u00e7\u00e3o, recupera\u00e7\u00e3o e manuten\u00e7\u00e3o dos espa\u00e7os. No t\u00e9rreo do pr\u00e9dio-sede, por exemplo, haver\u00e1 adequa\u00e7\u00e3o \u00e0s normas do Corpo de Bombeiros para as escadas e a troca da ilumina\u00e7\u00e3o, al\u00e9m de pintura e mudan\u00e7a na bancada de recep\u00e7\u00e3o ao p\u00fablico.<\/span><\/p>\n<p style=\"text-align: justify;\" align=\"justify\" data-raofz=\"14\"><span style=\"font-size: 14pt;\" data-raofz=\"14\">J\u00e1 a sala da Ouvidoria ser\u00e1 completamente reformada, com mudan\u00e7a de piso, pitura e ilumina\u00e7\u00e3o e coloca\u00e7\u00e3o de novos aparelhos de ar condicionado. O 5\u00ba andar tamb\u00e9m sofrer\u00e1 grandes interven\u00e7\u00f5es, com a reforma em seis salas.<\/span><\/p>\n<p style=\"text-align: justify;\" align=\"justify\" data-raofz=\"14\"><span style=\"font-size: 14pt;\" data-raofz=\"14\">O pr\u00e9dio das promotorias de justi\u00e7a de S\u00e3o Miguel dos Campos vai receber uma subesta\u00e7\u00e3o de energia el\u00e9trica. O objetivo \u00e9 acabar com as constantes quedas de energia que ocorrem por l\u00e1. Tamb\u00e9m ser\u00e1 feita a extens\u00e3o na rede de energia de alta tens\u00e3o.<\/span><\/p>\n<p style=\"text-align: justify;\" align=\"justify\" data-raofz=\"14\"><span style=\"font-size: 14pt;\" data-raofz=\"14\">Por fim, o Gaesf receber\u00e1 obras em tr\u00eas de suas salas, de modo que as adequa\u00e7\u00f5es possam facilitar o trabalho dos membros e servidores que l\u00e1 exercem suas atribui\u00e7\u00f5es.<\/span><\/p>\n","protected":false},"excerpt":{"rendered":"<p> [&hellip;]<\/p>\n","protected":false},"author":4,"featured_media":8207,"comment_status":"closed","ping_status":"closed","sticky":false,"template":"","format":"standard","meta":{"om_disable_all_campaigns":false,"_monsterinsights_skip_tracking":false,"_monsterinsights_sitenote_active":false,"_monsterinsights_sitenote_note":"","_monsterinsights_sitenote_category":0,"_uf_show_specific_survey":0,"_uf_disable_surveys":false,"footnotes":""},"categories":[24],"tags":[],"class_list":["post-8206","post","type-post","status-publish","format-standard","has-post-thumbnail","hentry","category-not_gaesf"],"aioseo_notices":[],"_links":{"self":[{"href":"https:\/\/www.mpal.mp.br\/index.php?rest_route=\/wp\/v2\/posts\/8206","targetHints":{"allow":["GET"]}}],"collection":[{"href":"https:\/\/www.mpal.mp.br\/index.php?rest_route=\/wp\/v2\/posts"}],"about":[{"href":"https:\/\/www.mpal.mp.br\/index.php?rest_route=\/wp\/v2\/types\/post"}],"author":[{"embeddable":true,"href":"https:\/\/www.mpal.mp.br\/index.php?rest_route=\/wp\/v2\/users\/4"}],"replies":[{"embeddable":true,"href":"https:\/\/www.mpal.mp.br\/index.php?rest_route=%2Fwp%2Fv2%2Fcomments&post=8206"}],"version-history":[{"count":1,"href":"https:\/\/www.mpal.mp.br\/index.php?rest_route=\/wp\/v2\/posts\/8206\/revisions"}],"predecessor-version":[{"id":8208,"href":"https:\/\/www.mpal.mp.br\/index.php?rest_route=\/wp\/v2\/posts\/8206\/revisions\/8208"}],"wp:featuredmedia":[{"embeddable":true,"href":"https:\/\/www.mpal.mp.br\/index.php?rest_route=\/wp\/v2\/media\/8207"}],"wp:attachment":[{"href":"https:\/\/www.mpal.mp.br\/index.php?rest_route=%2Fwp%2Fv2%2Fmedia&parent=8206"}],"wp:term":[{"taxonomy":"category","embeddable":true,"href":"https:\/\/www.mpal.mp.br\/index.php?rest_route=%2Fwp%2Fv2%2Fcategories&post=8206"},{"taxonomy":"post_tag","embeddable":true,"href":"https:\/\/www.mpal.mp.br\/index.php?rest_route=%2Fwp%2Fv2%2Ftags&post=8206"}],"curies":[{"name":"wp","href":"https:\/\/api.w.org\/{rel}","templated":true}]}}