{"id":8085,"date":"2019-07-25T09:11:21","date_gmt":"2019-07-25T12:11:21","guid":{"rendered":"https:\/\/www.mpal.mp.br\/?p=8085"},"modified":"2023-12-06T13:49:59","modified_gmt":"2023-12-06T16:49:59","slug":"apos-recurso-interposto-pela-braskem-mpe-e-defensoria-garantem-no-tribunal-de-justica-bloqueio-de-contas-da-mineradora-no-valor-de-r-100-mi","status":"publish","type":"post","link":"https:\/\/www.mpal.mp.br\/?p=8085","title":{"rendered":"Ap\u00f3s recurso interposto pela Braskem, MPE e Defensoria garantem, no Tribunal de Justi\u00e7a, bloqueio de contas da mineradora no valor de R$ 100 mi"},"content":{"rendered":"<p style=\"text-align: justify;\" data-raofz=\"14\"><span style=\"font-size: 14pt;\" data-raofz=\"16\">O Minist\u00e9rio P\u00fablico Estadual de Alagoas e a Defensoria P\u00fablica do Estado de Alagoas conquistaram uma importante vit\u00f3ria nesta quinta-feira (25), ap\u00f3s a 3\u00aa C\u00e2mara C\u00edvel do Tribunal de Justi\u00e7a de Alagoas (TJAL) negar, por unanimidade, o recurso interposto pela Braskem e manter o bloqueio no valor de R$ 100 milh\u00f5es das contas da mineradora, concedido no \u00faltimo m\u00eas de abril, em 1\u00ba grau. A decis\u00e3o que motivou o referido bloqueio e que foi alvo do agravo de instrumento da empresa foi proferida com base na a\u00e7\u00e3o cautelar movida pelo MPAL e pela DPE. Na peti\u00e7\u00e3o, as duas institui\u00e7\u00f5es requereram\u00a0a indisponibilidade dos ativos financeiros e bens\u00a0da Baskem\u00a0no valor inicial de R$ 6,7\u00a0bilh\u00f5es,\u00a0estendendo a a\u00e7\u00f5es em bolsas de valores no Brasil, Madri, Nova York e Paris.<\/span><\/p>\n<p style=\"text-align: justify;\" data-raofz=\"14\"><span style=\"font-size: 14pt;\" data-raofz=\"16\">Durante a sustenta\u00e7\u00e3o oral, os representantes do Minist\u00e9rio P\u00fablico Estadual e da Defensoria P\u00fablica do Estado, procurador de justi\u00e7a Denis Calheiros e subdefensor p\u00fablico-geral Carlos Eduardo de Paula Monteiro, refor\u00e7aram a necessidade de garantir os valores para benef\u00edcio da popula\u00e7\u00e3o, que ter\u00e1 que deixar seus lares em raz\u00e3o da cat\u00e1strofe ambiental gerada pela minera\u00e7\u00e3o.<\/span><\/p>\n<p style=\"text-align: justify;\" data-raofz=\"14\"><span style=\"font-size: 14pt;\" data-raofz=\"16\">\u201cO que o Minist\u00e9rio P\u00fablico e a Defensoria pleitearam foi o respeito aos direitos fundamentais dos cidad\u00e3os afetados, que foram prejudicados pela explora\u00e7\u00e3o das jazidas de sal-gema. A popula\u00e7\u00e3o cobra pela ado\u00e7\u00e3o de medidas. E todos n\u00f3s sabemos que h\u00e1 diversas evid\u00eancias de que h\u00e1 rela\u00e7\u00e3o entre os problemas geol\u00f3gicos causados e a atividade de minera\u00e7\u00e3o que ocorreu nos bairros do Pinheiro, Mutange e Bebedouro. Portanto, a Braskem \u00e9 a respons\u00e1vel por essa extra\u00e7\u00e3o\u201d, argumentou o procurador de justi\u00e7a Denis Calheiros.<\/span><\/p>\n<p style=\"text-align: justify;\" data-raofz=\"14\"><span style=\"font-size: 14pt;\" data-raofz=\"16\">\u201cEstamos diante de um processo at\u00edpico, que foge \u00e0 normalidade que aporta, diariamente, no Poder Judici\u00e1rio. N\u00e3o tratamos aqui, apenas, de quest\u00f5es judiciais, temos quest\u00f5es sociais, que envolvem a vida de mais de 40 mil pessoas afetadas por essa trag\u00e9dia provocada pela Braskem. A partir de agora, trataremos de garantir as efetivas indeniza\u00e7\u00f5es dos moradores, momento em que ser\u00e3o utilizados valores para o pagamento do dano material e, posteriormente, o dano moral\u201d, ressaltou o subdefensor p\u00fablico-geral, Carlos Eduardo Monteiro.<\/span><\/p>\n<p style=\"text-align: justify;\" data-raofz=\"14\"><span style=\"font-size: 14pt;\" data-raofz=\"16\"><strong>R$ 15 milh\u00f5es para aluguel social<\/strong><\/span><\/p>\n<p style=\"text-align: justify;\" data-raofz=\"14\"><span style=\"font-size: 14pt;\" data-raofz=\"16\">Com a manuten\u00e7\u00e3o da decis\u00e3o, permanece, tamb\u00e9m, a libera\u00e7\u00e3o de R$ 15 milh\u00f5es do valor bloqueado destinado ao pagamento de aux\u00edlio-moradia para 2,5 mil fam\u00edlias que moram, atualmente, em \u00e1reas de risco no bairro do Mutange. Esta quantia ser\u00e1 destinada aos moradores, atrav\u00e9s do aluguel social, durante seis meses, podendo ser prorrogado pelo mesmo per\u00edodo.<\/span><\/p>\n<p style=\"text-align: justify;\" data-raofz=\"14\"><span style=\"font-size: 14pt;\" data-raofz=\"16\">Para as institui\u00e7\u00f5es p\u00fablicas, manter o bloqueio representa uma vit\u00f3ria parcial, j\u00e1 que ir\u00e1 garantir o pagamento do aluguel social aos moradores dos bairros que precisam ser evacuados, bem como para urg\u00eancias de infraestrutura que surgirem nestas localidades.<\/span><\/p>\n<p style=\"text-align: justify;\" data-raofz=\"14\"><span style=\"font-size: 14pt;\" data-raofz=\"16\">Mas, a batalha n\u00e3o termina agora, explicaram os representantes. De acordo com o Minist\u00e9rio P\u00fablico e a Defensoria P\u00fablica, agora \u00e9 o momento de focar na efetiva indeniza\u00e7\u00e3o dos moradores dos bairros do Pinheiro, Mutange e Bebedouro. Segundo eles, o c\u00e1lculo dessa indeniza\u00e7\u00e3o por danos materiais fica em torno de R$ 3 milh\u00f5es, j\u00e1 os danos morais alcan\u00e7aria mais de R$ 2 bilh\u00f5es.<\/span><\/p>\n<p style=\"text-align: justify;\" data-raofz=\"14\"><span style=\"font-size: 14pt;\" data-raofz=\"16\">Fotos de Claudemir Mota (MPAL) e Caio Loureiro (TJAL).\u00a0<\/span><\/p>\n","protected":false},"excerpt":{"rendered":"<p> [&hellip;]<\/p>\n","protected":false},"author":4,"featured_media":8089,"comment_status":"closed","ping_status":"closed","sticky":false,"template":"","format":"standard","meta":{"om_disable_all_campaigns":false,"_monsterinsights_skip_tracking":false,"_monsterinsights_sitenote_active":false,"_monsterinsights_sitenote_note":"","_monsterinsights_sitenote_category":0,"_uf_show_specific_survey":0,"_uf_disable_surveys":false,"footnotes":""},"categories":[56,2],"tags":[],"class_list":["post-8085","post","type-post","status-publish","format-standard","has-post-thumbnail","hentry","category-not_braskem","category-not_mpal"],"aioseo_notices":[],"_links":{"self":[{"href":"https:\/\/www.mpal.mp.br\/index.php?rest_route=\/wp\/v2\/posts\/8085","targetHints":{"allow":["GET"]}}],"collection":[{"href":"https:\/\/www.mpal.mp.br\/index.php?rest_route=\/wp\/v2\/posts"}],"about":[{"href":"https:\/\/www.mpal.mp.br\/index.php?rest_route=\/wp\/v2\/types\/post"}],"author":[{"embeddable":true,"href":"https:\/\/www.mpal.mp.br\/index.php?rest_route=\/wp\/v2\/users\/4"}],"replies":[{"embeddable":true,"href":"https:\/\/www.mpal.mp.br\/index.php?rest_route=%2Fwp%2Fv2%2Fcomments&post=8085"}],"version-history":[{"count":1,"href":"https:\/\/www.mpal.mp.br\/index.php?rest_route=\/wp\/v2\/posts\/8085\/revisions"}],"predecessor-version":[{"id":8092,"href":"https:\/\/www.mpal.mp.br\/index.php?rest_route=\/wp\/v2\/posts\/8085\/revisions\/8092"}],"wp:featuredmedia":[{"embeddable":true,"href":"https:\/\/www.mpal.mp.br\/index.php?rest_route=\/wp\/v2\/media\/8089"}],"wp:attachment":[{"href":"https:\/\/www.mpal.mp.br\/index.php?rest_route=%2Fwp%2Fv2%2Fmedia&parent=8085"}],"wp:term":[{"taxonomy":"category","embeddable":true,"href":"https:\/\/www.mpal.mp.br\/index.php?rest_route=%2Fwp%2Fv2%2Fcategories&post=8085"},{"taxonomy":"post_tag","embeddable":true,"href":"https:\/\/www.mpal.mp.br\/index.php?rest_route=%2Fwp%2Fv2%2Ftags&post=8085"}],"curies":[{"name":"wp","href":"https:\/\/api.w.org\/{rel}","templated":true}]}}