{"id":7950,"date":"2017-01-19T11:31:20","date_gmt":"2017-01-19T13:31:20","guid":{"rendered":"https:\/\/www.mpal.mp.br\/?p=7950"},"modified":"2022-06-08T10:11:53","modified_gmt":"2022-06-08T13:11:53","slug":"operacao-do-gecoc-cumpre-mandados-de-busca-e-apreensao-em-prefeituras-suspeitas-de-crimes-contra-a-administracao-publica","status":"publish","type":"post","link":"https:\/\/www.mpal.mp.br\/?p=7950","title":{"rendered":"Opera\u00e7\u00e3o do Gecoc cumpre mandados de busca e apreens\u00e3o em prefeituras suspeitas de crimes contra a administra\u00e7\u00e3o p\u00fablica"},"content":{"rendered":"<p style=\"text-align: justify;\"><span style=\"font-size: 14pt;\">O Grupo Estadual de Combate \u00e0s Organiza\u00e7\u00f5es Criminosas (Gecoc) do Minist\u00e9rio P\u00fablico Estadual de Alagoas (MPE\/AL) deflagrou, na manh\u00e3 desta quinta-feira (19), em parceria com a Secretaria de Estado da Seguran\u00e7a P\u00fablica (SSP) e a Pol\u00edcia Militar (PM), uma opera\u00e7\u00e3o que tem o objetivo de investigar prefeituras sertanejas suspeitas de desviar recursos p\u00fablicos por meio de contratos fraudulentos. O esquema seria comandado pelos ex-prefeitos Jorge Dantas e Carlos Luiz Martins Marques, de P\u00e3o de A\u00e7\u00facar e Maravilha, respectivamente.<\/span><\/p>\n<p style=\"text-align: justify;\"><span style=\"font-size: 14pt;\">Ao todo, est\u00e3o sendo cumpridos 12 mandados de busca e apreens\u00e3o nas Secretarias Municipais de Finan\u00e7as, Administra\u00e7\u00e3o e Cultura, nas Comiss\u00f5es Permanentes de Licita\u00e7\u00e3o (CPL) e nos setores de contratos.<\/span><\/p>\n<p style=\"text-align: justify;\"><span style=\"font-size: 14pt;\">As casas dos dois ex-gestores tamb\u00e9m foram alvo das medidas cautelares. Como n\u00e3o houve resist\u00eancia, nem nos \u00f3rg\u00e3os p\u00fablicos, nem nas resid\u00eancias de Jorge Dantas e Carlos Luiz Martins Marques, n\u00e3o houve pris\u00f5es.<\/span><\/p>\n<p style=\"text-align: justify;\"><span style=\"font-size: 14pt;\">De acordo com o Gecoc, o objetivo \u00e9 apreender documentos que possam comprovar a pr\u00e1tica de peculato por parte dos ex-prefeitos e supostos funcion\u00e1rios que tenham contribu\u00eddo para o dano ao er\u00e1rio durante os anos de 2013 a 2016.<\/span><\/p>\n<p style=\"text-align: justify;\"><span style=\"font-size: 14pt;\">Peculato \u00e9 crime previsto no artigo 312 do C\u00f3digo Penal Brasileiro: \u201cApropriar-se o funcion\u00e1rio p\u00fablico de dinheiro, valor ou qualquer outro bem m\u00f3vel, p\u00fablico ou particular, de quem tem a posse em raz\u00e3o do cargo, ou desvi\u00e1-lo, em proveito pr\u00f3prio ou alheio\u201d. A pena prevista para essa pr\u00e1tica delituosa \u00e9 de reclus\u00e3o de dois a 12 anos, e multa\u201d.<\/span><\/p>\n<p style=\"text-align: justify;\"><span style=\"font-size: 14pt;\"><strong>Apoio da 17\u00aa Vara e documentos apreendidos<\/strong><\/span><\/p>\n<p style=\"text-align: justify;\"><span style=\"font-size: 14pt;\">Os 12 mandados de busca e apreens\u00e3o solicitados pelo Gecoc e pelo procurador-geral de Justi\u00e7a, Alfredo Gaspar de Mendon\u00e7a Neto, foram expedidos pela 17\u00aa Vara Criminal da Capital, que tamb\u00e9m deu apoio \u00e0 opera\u00e7\u00e3o.<\/span><\/p>\n<p style=\"text-align: justify;\"><span style=\"font-size: 14pt;\">No cumprimento das medidas, foram apreendidos documentos relativos a processos de licita\u00e7\u00e3o, dispensa de licita\u00e7\u00e3o, contratos e processos de pagamento. Tudo isso referente a loca\u00e7\u00e3o de estruturas de palco, som, ilumina\u00e7\u00e3o, aparelhos de proje\u00e7\u00e3o e geradores de energia.<\/span><\/p>\n<p style=\"text-align: justify;\"><span style=\"font-size: 14pt;\">Tamb\u00e9m foi recolhida documenta\u00e7\u00e3o relativa a contratos de aluguel de ve\u00edculos, uma fraude, segundo os promotores do Gecoc, muito comum em prefeituras do interior de Alagoas.<\/span><\/p>\n<p style=\"text-align: justify;\"><span style=\"font-size: 14pt;\">Todo o material apreendido durante a a\u00e7\u00e3o desta quinta-feira servir\u00e1 para dar continua\u00e7\u00e3o as investiga\u00e7\u00f5es iniciadas pelo Gecoc e pelas promotorias de P\u00e3o de A\u00e7\u00facar e Maravilha nos primeiros dias de janeiro de 2017.<\/span><\/p>\n<p style=\"text-align: justify;\"><span style=\"font-size: 14pt;\">O Minist\u00e9rio P\u00fablico ainda n\u00e3o consegue precisar o valor do preju\u00edzo causado aos cofres p\u00fablicos, mas estima que as cifras ultrapassam a casa dos milh\u00f5es de reais. Essa foi a segunda opera\u00e7\u00e3o do Gecoc este ano que contou com o apoio do novo chefe do MPE\/AL, Alfredo Gaspar de Mendon\u00e7a Neto.<\/span><\/p>\n<p style=\"text-align: justify;\"><span style=\"font-size: 14pt;\">Al\u00e9m do Gecoc, participaram da opera\u00e7\u00e3o a Secretaria Estadual de Seguran\u00e7a P\u00fablica e PMs do 9\u00ba Batalh\u00f5es, do Pelopes e do Ciopac \u2013 Companhia Independente de Opera\u00e7\u00f5es Policiais em \u00c1rea de Caatinga.<\/span><\/p>\n","protected":false},"excerpt":{"rendered":"<p> [&hellip;]<\/p>\n","protected":false},"author":2,"featured_media":7951,"comment_status":"open","ping_status":"open","sticky":false,"template":"","format":"standard","meta":{"om_disable_all_campaigns":false,"_monsterinsights_skip_tracking":false,"_monsterinsights_sitenote_active":false,"_monsterinsights_sitenote_note":"","_monsterinsights_sitenote_category":0,"_uf_show_specific_survey":0,"_uf_disable_surveys":false,"footnotes":""},"categories":[23],"tags":[],"class_list":["post-7950","post","type-post","status-publish","format-standard","has-post-thumbnail","hentry","category-not_gaeco"],"aioseo_notices":[],"_links":{"self":[{"href":"https:\/\/www.mpal.mp.br\/index.php?rest_route=\/wp\/v2\/posts\/7950","targetHints":{"allow":["GET"]}}],"collection":[{"href":"https:\/\/www.mpal.mp.br\/index.php?rest_route=\/wp\/v2\/posts"}],"about":[{"href":"https:\/\/www.mpal.mp.br\/index.php?rest_route=\/wp\/v2\/types\/post"}],"author":[{"embeddable":true,"href":"https:\/\/www.mpal.mp.br\/index.php?rest_route=\/wp\/v2\/users\/2"}],"replies":[{"embeddable":true,"href":"https:\/\/www.mpal.mp.br\/index.php?rest_route=%2Fwp%2Fv2%2Fcomments&post=7950"}],"version-history":[{"count":1,"href":"https:\/\/www.mpal.mp.br\/index.php?rest_route=\/wp\/v2\/posts\/7950\/revisions"}],"predecessor-version":[{"id":7952,"href":"https:\/\/www.mpal.mp.br\/index.php?rest_route=\/wp\/v2\/posts\/7950\/revisions\/7952"}],"wp:featuredmedia":[{"embeddable":true,"href":"https:\/\/www.mpal.mp.br\/index.php?rest_route=\/wp\/v2\/media\/7951"}],"wp:attachment":[{"href":"https:\/\/www.mpal.mp.br\/index.php?rest_route=%2Fwp%2Fv2%2Fmedia&parent=7950"}],"wp:term":[{"taxonomy":"category","embeddable":true,"href":"https:\/\/www.mpal.mp.br\/index.php?rest_route=%2Fwp%2Fv2%2Fcategories&post=7950"},{"taxonomy":"post_tag","embeddable":true,"href":"https:\/\/www.mpal.mp.br\/index.php?rest_route=%2Fwp%2Fv2%2Ftags&post=7950"}],"curies":[{"name":"wp","href":"https:\/\/api.w.org\/{rel}","templated":true}]}}