{"id":7944,"date":"2017-01-24T11:28:06","date_gmt":"2017-01-24T13:28:06","guid":{"rendered":"https:\/\/www.mpal.mp.br\/?p=7944"},"modified":"2022-06-02T11:29:02","modified_gmt":"2022-06-02T14:29:02","slug":"gecoc-e-ssp-al-fazem-operacao-conjunta-e-desbaratam-quadrilha-que-comercializava-fumo-com-embalagens-falsificadas","status":"publish","type":"post","link":"https:\/\/www.mpal.mp.br\/?p=7944","title":{"rendered":"Gecoc e SSP\/AL fazem opera\u00e7\u00e3o conjunta e desbaratam quadrilha que comercializava fumo com embalagens falsificadas"},"content":{"rendered":"<p style=\"text-align: justify;\" align=\"justify\"><span style=\"font-size: 14pt;\">Um grupo criminoso que comercializava fumo de corda com embalagens falsificadas foi desbaratado, na noite dessa segunda-feira (23), ap\u00f3s uma opera\u00e7\u00e3o deflagrada pelo Grupo Estadual de Combate \u00e0s Organiza\u00e7\u00f5es Criminosas (Gecoc) do Minist\u00e9rio P\u00fablico Estadual de Alagoas (MPE\/AL), em parceria com a Secretaria de Estado da Seguran\u00e7a P\u00fablica (SSP\/AL). A a\u00e7\u00e3o, que aconteceu nas zonas urbana e rural do munic\u00edpio de Arapiraca, culminou com a pris\u00e3o de tr\u00eas homens e a apreens\u00e3o de quatro toneladas de fumo, duas armas de fogo e v\u00e1rias prensas utilizadas para embalar o produto.<\/span><\/p>\n<p style=\"text-align: justify;\" align=\"justify\"><span style=\"font-size: 14pt;\">Esse trabalho operacional foi resultado de dois meses de investiga\u00e7\u00f5es do Gecoc, que descobriu uma organiza\u00e7\u00e3o criminosa, ap\u00f3s den\u00fancia an\u00f4nima, que comprava o fumo de agricultores da regi\u00e3o e, depois, usava as embalagens da marca Marat\u00e1, uma das mais famosas no mercado, para vender a mercadoria como se ela tivesse passado por todo o processo de qualidade, antes de chegar ao consumidor.<\/span><\/p>\n<p style=\"text-align: justify;\" align=\"justify\"><span style=\"font-size: 14pt;\">Durante a opera\u00e7\u00e3o, que contou com a participa\u00e7\u00e3o da 4\u00aa Delegacia Regional de Arapiraca, do Grupamento T\u00e1tico A\u00e9reo da SSP\/AL &#8211; com o uso do helic\u00f3ptero Falc\u00e3o 04 -, do Pelot\u00e3o de Opera\u00e7\u00f5es Policiais Especiais (Pelopes), e da For\u00e7a T\u00e1tica do 3\u00ba Batalh\u00e3o da Pol\u00edcia Militar (BPM), tr\u00eas homens foram presos e, com eles, foram encontradas duas armas, uma espingarda calibre 12 e um rev\u00f3lver.<\/span><\/p>\n<p style=\"text-align: justify;\" align=\"justify\"><span style=\"font-size: 14pt;\">Adailso Janu\u00e1rio de Brito, de 45 anos, Genival Aristides Costa, de 56 anos, e Ivanildo Rodrigues dos Santos, de 52 anos, s\u00e3o os homens detidos durante a opera\u00e7\u00e3o e que, no momento da pris\u00e3o, estavam nos galp\u00f5es onde o fumo e as falsas embalagens estavam armazenados.<\/span><\/p>\n<p style=\"text-align: justify;\" align=\"justify\"><span style=\"font-size: 14pt;\">O material apreendido e os homens presos foram encaminhados \u00e0 Delegacia Regional de Arapiraca.<\/span><\/p>\n","protected":false},"excerpt":{"rendered":"<p> [&hellip;]<\/p>\n","protected":false},"author":2,"featured_media":7945,"comment_status":"open","ping_status":"open","sticky":false,"template":"","format":"standard","meta":{"om_disable_all_campaigns":false,"_monsterinsights_skip_tracking":false,"_monsterinsights_sitenote_active":false,"_monsterinsights_sitenote_note":"","_monsterinsights_sitenote_category":0,"_uf_show_specific_survey":0,"_uf_disable_surveys":false,"footnotes":""},"categories":[23],"tags":[],"class_list":["post-7944","post","type-post","status-publish","format-standard","has-post-thumbnail","hentry","category-not_gaeco"],"aioseo_notices":[],"_links":{"self":[{"href":"https:\/\/www.mpal.mp.br\/index.php?rest_route=\/wp\/v2\/posts\/7944","targetHints":{"allow":["GET"]}}],"collection":[{"href":"https:\/\/www.mpal.mp.br\/index.php?rest_route=\/wp\/v2\/posts"}],"about":[{"href":"https:\/\/www.mpal.mp.br\/index.php?rest_route=\/wp\/v2\/types\/post"}],"author":[{"embeddable":true,"href":"https:\/\/www.mpal.mp.br\/index.php?rest_route=\/wp\/v2\/users\/2"}],"replies":[{"embeddable":true,"href":"https:\/\/www.mpal.mp.br\/index.php?rest_route=%2Fwp%2Fv2%2Fcomments&post=7944"}],"version-history":[{"count":1,"href":"https:\/\/www.mpal.mp.br\/index.php?rest_route=\/wp\/v2\/posts\/7944\/revisions"}],"predecessor-version":[{"id":7946,"href":"https:\/\/www.mpal.mp.br\/index.php?rest_route=\/wp\/v2\/posts\/7944\/revisions\/7946"}],"wp:featuredmedia":[{"embeddable":true,"href":"https:\/\/www.mpal.mp.br\/index.php?rest_route=\/wp\/v2\/media\/7945"}],"wp:attachment":[{"href":"https:\/\/www.mpal.mp.br\/index.php?rest_route=%2Fwp%2Fv2%2Fmedia&parent=7944"}],"wp:term":[{"taxonomy":"category","embeddable":true,"href":"https:\/\/www.mpal.mp.br\/index.php?rest_route=%2Fwp%2Fv2%2Fcategories&post=7944"},{"taxonomy":"post_tag","embeddable":true,"href":"https:\/\/www.mpal.mp.br\/index.php?rest_route=%2Fwp%2Fv2%2Ftags&post=7944"}],"curies":[{"name":"wp","href":"https:\/\/api.w.org\/{rel}","templated":true}]}}