{"id":7941,"date":"2017-01-26T11:26:42","date_gmt":"2017-01-26T13:26:42","guid":{"rendered":"https:\/\/www.mpal.mp.br\/?p=7941"},"modified":"2022-06-02T11:27:21","modified_gmt":"2022-06-02T14:27:21","slug":"forca-tarefa-comandada-pelo-gecoc-realiza-operacao-nos-municipios-de-agua-branca-e-mata-grande","status":"publish","type":"post","link":"https:\/\/www.mpal.mp.br\/?p=7941","title":{"rendered":"For\u00e7a-tarefa comandada pelo Gecoc realiza opera\u00e7\u00e3o nos munic\u00edpios de \u00c1gua Branca e Mata Grande"},"content":{"rendered":"<p style=\"text-align: justify;\"><span style=\"font-size: 14pt;\">O Grupo Estadual de Combate \u00e0s Organiza\u00e7\u00f5es Criminosas (Gecoc) do Minist\u00e9rio P\u00fablico do Estado de Alagosa (MPE\/AL) voltou, nesta quinta-feira (26), ao Sert\u00e3o alagoano para cumprir 12 mandados de busca e apreens\u00e3o nas Prefeituras de \u00c1gua Branca e Mata Grande e nas resid\u00eancias dos respectivos ex-prefeitos Albani Sandes Gomes e Jos\u00e9 Jacob Gomes Brand\u00e3o. Tamb\u00e9m fazem parte da opera\u00e7\u00e3o a Secretaria de Seguran\u00e7a P\u00fablica e a Pol\u00edcia Militar.<\/span><\/p>\n<p style=\"text-align: justify;\"><span style=\"font-size: 14pt;\">Devem ser apreendidos documentos relativos a processos de licita\u00e7\u00e3o, dispensa de licita\u00e7\u00e3o, contratos e processos de pagamento que tratam da loca\u00e7\u00e3o de estruturas de palco, som, ilumina\u00e7\u00e3o, aparelhos de proje\u00e7\u00e3o e geradores de energia, al\u00e9m de irregularidades no aluguel de ve\u00edculos. A for\u00e7a-tarefa busca o material em arquivos da Secretarias Municipais de Finan\u00e7as, Administra\u00e7\u00e3o e Cultura, das Comiss\u00f5es Permanentes de Licita\u00e7\u00e3o (CPL) e dos setores de contratos.<\/span><\/p>\n<p style=\"text-align: justify;\"><span style=\"font-size: 14pt;\">Participam da opera\u00e7\u00e3o promotores de Justi\u00e7a e servidores do Gecoc e da Secretaria Estadual de Seguran\u00e7a P\u00fablica e policiais militares do 9\u00ba Batalh\u00e3o, do Pelopes e do Ciopac \u2013 Companhia Independente de Opera\u00e7\u00f5es Policiais em \u00c1rea de Caatinga. Os mandados foram expedidos pela 17\u00aa Vara Criminal da Capital.<\/span><\/p>\n<p style=\"text-align: justify;\"><span style=\"font-size: 14pt;\"><strong>Investiga\u00e7\u00e3o<\/strong><\/span><\/p>\n<p style=\"text-align: justify;\"><span style=\"font-size: 14pt;\">Todo o material que for apreendido durante a a\u00e7\u00e3o desta quinta-feira servir\u00e1 para dar continua\u00e7\u00e3o \u00e0s investiga\u00e7\u00f5es iniciadas pelo Gecoc e pelas Promotorias de Justi\u00e7a de \u00c1gua Branca e Mata Grande em 2017.<\/span><\/p>\n<p style=\"text-align: justify;\"><span style=\"font-size: 14pt;\">Segundo o Gecoc, os documentos podem comprovar a pr\u00e1tica de peculato por parte dos ex-prefeitos e, possivelmente, de funcion\u00e1rios p\u00fablicos que tenham contribu\u00eddo para um preju\u00edzo milion\u00e1rio dos cofres p\u00fablicos durante os anos de 2013 a 2016. Albani Sandes e Jacob Brand\u00e3o s\u00e3o suspeitos de comandar esquemas fraudulentos quando estiveram \u00e0 frente das prefeituras municipais no per\u00edodo.<\/span><\/p>\n<p style=\"text-align: justify;\"><span style=\"font-size: 14pt;\">Essa \u00e9 a quinta opera\u00e7\u00e3o do grupo estadual s\u00f3 neste ano, sendo a terceira no Sert\u00e3o de Alagoas para combater crimes contra a administra\u00e7\u00e3o p\u00fablica. Nas semanas anteriores, a\u00e7\u00f5es semelhantes passaram pelas cidades de Santana do Ipanema, P\u00e3o de A\u00e7\u00facar, Maravilha, Po\u00e7o das Trincheiras e Ouro Branco. Mais uma vez, ela contou com o apoio do novo procurador-geral de Justi\u00e7a, Alfredo Gaspar de Mendon\u00e7a Neto.<\/span><\/p>\n<p style=\"text-align: justify;\"><span style=\"font-size: 14pt;\"><strong>Peculato<\/strong><\/span><\/p>\n<p style=\"text-align: justify;\"><span style=\"font-size: 14pt;\">Peculato \u00e9 crime previsto no artigo 312 do C\u00f3digo Penal Brasileiro: \u201cApropriar-se o funcion\u00e1rio p\u00fablico de dinheiro, valor ou qualquer outro bem m\u00f3vel, p\u00fablico ou particular, de quem tem a posse em raz\u00e3o do cargo, ou desvi\u00e1-lo, em proveito pr\u00f3prio ou alheio\u201d. A pena prevista para essa pr\u00e1tica delituosa \u00e9 de reclus\u00e3o de dois a 12 anos, e multa.<\/span><\/p>\n","protected":false},"excerpt":{"rendered":"<p> [&hellip;]<\/p>\n","protected":false},"author":2,"featured_media":7942,"comment_status":"open","ping_status":"open","sticky":false,"template":"","format":"standard","meta":{"om_disable_all_campaigns":false,"_monsterinsights_skip_tracking":false,"_monsterinsights_sitenote_active":false,"_monsterinsights_sitenote_note":"","_monsterinsights_sitenote_category":0,"_uf_show_specific_survey":0,"_uf_disable_surveys":false,"footnotes":""},"categories":[23],"tags":[],"class_list":["post-7941","post","type-post","status-publish","format-standard","has-post-thumbnail","hentry","category-not_gaeco"],"aioseo_notices":[],"_links":{"self":[{"href":"https:\/\/www.mpal.mp.br\/index.php?rest_route=\/wp\/v2\/posts\/7941","targetHints":{"allow":["GET"]}}],"collection":[{"href":"https:\/\/www.mpal.mp.br\/index.php?rest_route=\/wp\/v2\/posts"}],"about":[{"href":"https:\/\/www.mpal.mp.br\/index.php?rest_route=\/wp\/v2\/types\/post"}],"author":[{"embeddable":true,"href":"https:\/\/www.mpal.mp.br\/index.php?rest_route=\/wp\/v2\/users\/2"}],"replies":[{"embeddable":true,"href":"https:\/\/www.mpal.mp.br\/index.php?rest_route=%2Fwp%2Fv2%2Fcomments&post=7941"}],"version-history":[{"count":1,"href":"https:\/\/www.mpal.mp.br\/index.php?rest_route=\/wp\/v2\/posts\/7941\/revisions"}],"predecessor-version":[{"id":7943,"href":"https:\/\/www.mpal.mp.br\/index.php?rest_route=\/wp\/v2\/posts\/7941\/revisions\/7943"}],"wp:featuredmedia":[{"embeddable":true,"href":"https:\/\/www.mpal.mp.br\/index.php?rest_route=\/wp\/v2\/media\/7942"}],"wp:attachment":[{"href":"https:\/\/www.mpal.mp.br\/index.php?rest_route=%2Fwp%2Fv2%2Fmedia&parent=7941"}],"wp:term":[{"taxonomy":"category","embeddable":true,"href":"https:\/\/www.mpal.mp.br\/index.php?rest_route=%2Fwp%2Fv2%2Fcategories&post=7941"},{"taxonomy":"post_tag","embeddable":true,"href":"https:\/\/www.mpal.mp.br\/index.php?rest_route=%2Fwp%2Fv2%2Ftags&post=7941"}],"curies":[{"name":"wp","href":"https:\/\/api.w.org\/{rel}","templated":true}]}}