{"id":7938,"date":"2017-03-22T11:25:38","date_gmt":"2017-03-22T14:25:38","guid":{"rendered":"https:\/\/www.mpal.mp.br\/?p=7938"},"modified":"2022-06-02T11:25:58","modified_gmt":"2022-06-02T14:25:58","slug":"apos-operacao-do-gecoc-mpe-al-ajuiza-acao-penal-contra-ex-prefeito-de-poco-das-trincheiras-servidores-publicos-e-empresarios-tambem-sao-alvos-da-denuncia","status":"publish","type":"post","link":"https:\/\/www.mpal.mp.br\/?p=7938","title":{"rendered":"Ap\u00f3s opera\u00e7\u00e3o do Gecoc, MPE\/AL aju\u00edza a\u00e7\u00e3o penal contra ex-prefeito de Po\u00e7o das Trincheiras; servidores p\u00fablicos e empres\u00e1rios tamb\u00e9m s\u00e3o alvos da den\u00fancia"},"content":{"rendered":"<p style=\"text-align: justify;\"><span style=\"font-size: 14pt;\">Com base no material apreendido durante opera\u00e7\u00e3o do Grupo Estadual de Combate \u00e0s Organiza\u00e7\u00f5es Criminosas (Gecoc) na Prefeitura de Po\u00e7os das Trincheiras, realizada em janeiro deste ano, o Minist\u00e9rio P\u00fablico do Estado de Alagoas (MPE\/AL) denunciou o ex-prefeito do Munic\u00edpio, Jos\u00e9 Gildo Rodrigues Silva, e mais 16 pessoas. Pesam contra eles crimes de peculato, peculato furto, falsidade ideol\u00f3gica, falsidade ideol\u00f3gica majorada, uso de documentos falsos, fraude em licita\u00e7\u00e3o e forma\u00e7\u00e3o de organiza\u00e7\u00e3o criminosa no per\u00edodo de 2013 a 2016, o que levou o \u00f3rg\u00e3o ministerial a pedir a condena\u00e7\u00e3o de todos.<\/span><\/p>\n<p style=\"text-align: justify;\"><span style=\"font-size: 14pt;\">Na peti\u00e7\u00e3o, o ex-prefeito \u00e9 acusado de comandar a organiza\u00e7\u00e3o criminosa que manipulou e fraudou o procedimento licitat\u00f3rio para contrata\u00e7\u00e3o de uma empresa de engenharia respons\u00e1vel pelos servi\u00e7os de manuten\u00e7\u00e3o preventiva e corretiva em edifica\u00e7\u00f5es, pra\u00e7as e vias p\u00fablicas de Po\u00e7o das Trincheiras. Os denunciados tamb\u00e9m se beneficiaram do processo de pagamento relacionado \u00e0s obras de constru\u00e7\u00e3o do passeio localizado \u00e0s margens da Rodovia AL 130 e de um trecho da BR 316, que \u00e9 o local conhecido como Rodovia Prefeito Jos\u00e9 Medeiros, em territ\u00f3rio do Munic\u00edpio.<\/span><\/p>\n<p style=\"text-align: justify;\"><span style=\"font-size: 14pt;\">A a\u00e7\u00e3o da organiza\u00e7\u00e3o criminosa causou um preju\u00edzo de R$ 542.692,63 aos cofres p\u00fablicos de Po\u00e7o das Trincheiras. Segundo o MPE\/AL, \u201ctudo em benef\u00edcio dos fraudadores e em desrespeito aos princ\u00edpios constitucionais reitores da administra\u00e7\u00e3o p\u00fablica e \u00e0 popula\u00e7\u00e3o daquele ente federativo, a qual, em consequ\u00eancia, v\u00ea-se privada de a\u00e7\u00f5es destinadas \u00e0 melhoria da qualidade de vida daqueles que a integram\u201d.<\/span><\/p>\n<p style=\"text-align: justify;\"><span style=\"font-size: 14pt;\">Junto ao procurador-geral de Justi\u00e7a, Alfredo Gaspar de Mendon\u00e7a Neto, assinam a den\u00fancia os promotores de Justi\u00e7a Ant\u00f4nio Luiz dos Santos Filho, Luiz Ten\u00f3rio Oliveira de Almeida, Hamilton Carneiro J\u00fanior, Carlos Davi Lopes Correia Lima, El\u00edsio da Silva Maia J\u00fanior e Elo\u00e1 de Melo Carvalho, todos do Grupo Estadual de Combate \u00e0s Organiza\u00e7\u00f5es Criminosas, mais o promotor de Justi\u00e7a de Po\u00e7o de Trincheiras, F\u00e1bio Vasconcelos Barbosa.<\/span><\/p>\n<p style=\"text-align: justify;\"><span style=\"font-size: 14pt;\"><strong>Acusados<\/strong><\/span><\/p>\n<p style=\"text-align: justify;\"><span style=\"font-size: 14pt;\">Entre os acusados, encontram-se os servidores p\u00fablicos do Munic\u00edpio que ocupavam, \u00e0 \u00e9poca, os cargos de secret\u00e1rio de Administra\u00e7\u00e3o e de Obras, Pl\u00ednio Soares dos Prazeres J\u00fanior; secret\u00e1ria de Finan\u00e7as do Munic\u00edpio, Marili Rodrigues de Oliveira Silva; assessor t\u00e9cnico Artur Lopes da Silva Filho; o controlador interno Jos\u00e9 Ronaldo Ara\u00fajo de Siqueira; o pregoeiro oficial, Bruno Teles Vanderlei; e os integrantes da equipe de apoio do pregoeiro oficial, Rudneide Rodrigues Rocha e Alexandra Maria Alves Santos.<\/span><\/p>\n<p style=\"text-align: justify;\"><span style=\"font-size: 14pt;\">Para todos acusados, o Minist\u00e9rio P\u00fablico do Estado de Alagoas pediu uma s\u00e9rie de medidas cautelares.<\/span><\/p>\n<p style=\"text-align: justify;\"><span style=\"font-size: 14pt;\">Das empresas investigadas, s\u00e3o alvos da a\u00e7\u00e3o penal os respons\u00e1veis pela Nativa Construtora Ltda., Gabriela Maria Figueiredo Souto, Paulo Jorge Silva, Jos\u00e9 Ant\u00f4nio Figueiredo Souto e Anderson C\u00e9sar Farias de Melo. J\u00e1 o empres\u00e1rio Marcos Douglas Medeiros dos Santos responde pela empresa M D M dos Santos Engenharia Eireli \u2013 EPP, enquanto Jos\u00e9 Severino Cordeiro de Souza, Carla Geanny Barros Ferreira da Silva e Emerson Pereira da Silva pela Construtora Silcon \u2013 EPP. O 17\u00ba acusado \u00e9 Edson Pereira da Silva, s\u00f3cio-propriet\u00e1rio da Construtora Colibrir Ltda \u2013 ME.<\/span><\/p>\n<p style=\"text-align: justify;\"><span style=\"font-size: 14pt;\">Ainda na den\u00fancia, os membros do MPE\/AL destacam que Po\u00e7o das Trincheiras \u00e9 considerado um dos munic\u00edpios mais pobres do Estado de Alagoas, com sua popula\u00e7\u00e3o \u201camargando os dissabores de uma pol\u00edtica lastreada, ao que tudo indica, em forte esquema de corrup\u00e7\u00e3o e desvios de bens e valores p\u00fablicos, que se mant\u00e9m no poder j\u00e1 h\u00e1 mais de 20 anos\u201d.<\/span><\/p>\n","protected":false},"excerpt":{"rendered":"<p> [&hellip;]<\/p>\n","protected":false},"author":2,"featured_media":7939,"comment_status":"open","ping_status":"open","sticky":false,"template":"","format":"standard","meta":{"om_disable_all_campaigns":false,"_monsterinsights_skip_tracking":false,"_monsterinsights_sitenote_active":false,"_monsterinsights_sitenote_note":"","_monsterinsights_sitenote_category":0,"_uf_show_specific_survey":0,"_uf_disable_surveys":false,"footnotes":""},"categories":[23],"tags":[],"class_list":["post-7938","post","type-post","status-publish","format-standard","has-post-thumbnail","hentry","category-not_gaeco"],"aioseo_notices":[],"_links":{"self":[{"href":"https:\/\/www.mpal.mp.br\/index.php?rest_route=\/wp\/v2\/posts\/7938","targetHints":{"allow":["GET"]}}],"collection":[{"href":"https:\/\/www.mpal.mp.br\/index.php?rest_route=\/wp\/v2\/posts"}],"about":[{"href":"https:\/\/www.mpal.mp.br\/index.php?rest_route=\/wp\/v2\/types\/post"}],"author":[{"embeddable":true,"href":"https:\/\/www.mpal.mp.br\/index.php?rest_route=\/wp\/v2\/users\/2"}],"replies":[{"embeddable":true,"href":"https:\/\/www.mpal.mp.br\/index.php?rest_route=%2Fwp%2Fv2%2Fcomments&post=7938"}],"version-history":[{"count":1,"href":"https:\/\/www.mpal.mp.br\/index.php?rest_route=\/wp\/v2\/posts\/7938\/revisions"}],"predecessor-version":[{"id":7940,"href":"https:\/\/www.mpal.mp.br\/index.php?rest_route=\/wp\/v2\/posts\/7938\/revisions\/7940"}],"wp:featuredmedia":[{"embeddable":true,"href":"https:\/\/www.mpal.mp.br\/index.php?rest_route=\/wp\/v2\/media\/7939"}],"wp:attachment":[{"href":"https:\/\/www.mpal.mp.br\/index.php?rest_route=%2Fwp%2Fv2%2Fmedia&parent=7938"}],"wp:term":[{"taxonomy":"category","embeddable":true,"href":"https:\/\/www.mpal.mp.br\/index.php?rest_route=%2Fwp%2Fv2%2Fcategories&post=7938"},{"taxonomy":"post_tag","embeddable":true,"href":"https:\/\/www.mpal.mp.br\/index.php?rest_route=%2Fwp%2Fv2%2Ftags&post=7938"}],"curies":[{"name":"wp","href":"https:\/\/api.w.org\/{rel}","templated":true}]}}