{"id":7932,"date":"2017-04-25T11:22:36","date_gmt":"2017-04-25T14:22:36","guid":{"rendered":"https:\/\/www.mpal.mp.br\/?p=7932"},"modified":"2022-06-02T11:24:25","modified_gmt":"2022-06-02T14:24:25","slug":"operacao-arca-de-noe-gecoc-e-policia-civil-cumprem-mandados-de-prisao-em-murici-servidores-publicos-sao-acusados-de-comercializar-casas-de-conjuntos-habitacionais","status":"publish","type":"post","link":"https:\/\/www.mpal.mp.br\/?p=7932","title":{"rendered":"Opera\u00e7\u00e3o Arca de No\u00e9: Gecoc e Pol\u00edcia Civil cumprem mandados de pris\u00e3o em Murici; servidores p\u00fablicos s\u00e3o acusados de comercializar casas de conjuntos habitacionais"},"content":{"rendered":"<p style=\"text-align: justify;\"><span style=\"font-size: 14pt;\">O Minist\u00e9rio P\u00fablico do Estado de Alagoas, por meio da Grupo Estadual de Combate \u00e0s Organiza\u00e7\u00f5es Criminosas (Gecoc), e a Pol\u00edcia Civil, por meio do 116\u00ba Distrito Policial de Murici, deflagaram, no in\u00edcio da manh\u00e3 desta ter\u00e7a-feira (24), a Opera\u00e7\u00e3o Arca de No\u00e9, naquele Munic\u00edpio. A a\u00e7\u00e3o da for\u00e7a-tarefa visa combater uma organiza\u00e7\u00e3o criminosa respons\u00e1vel por comercializar casas em conjuntos habitacionais populares oriundos de dinheiro p\u00fablico.<\/span><\/p>\n<p style=\"text-align: justify;\"><span style=\"font-size: 14pt;\">Mediante pagamento, o grupo prometia entregar resid\u00eancias no \u201cConjunto Portelinha\u201d, que foram constru\u00eddas para contemplar moradores de barracas de lona nas proximidades do Conjunto Olavo Calheiros, em Murici. No entanto, mesmo ap\u00f3s receber o dinheiro, a organiza\u00e7\u00e3o criminosa nunca entregou unidade alguma aos pagadores, que passaram a exigir o valor de volta.<\/span><\/p>\n<p style=\"text-align: justify;\"><span style=\"font-size: 14pt;\">Na Opera\u00e7\u00e3o Arca No\u00e9, promotores de Justi\u00e7a do Gecoc e policiais civis cumpriram tr\u00eas mandados de pris\u00e3o tempor\u00e1ria, tr\u00eas mandados de busca e apreens\u00e3o e quatro mandados de condu\u00e7\u00e3o coercitiva. Todas essas medidas cautelares foram deferidas pela 17a Vara Criminal da Capital.<\/span><\/p>\n<p style=\"text-align: justify;\"><span style=\"font-size: 14pt;\">Principais alvos da for\u00e7a-tarefa, Rosineide Gomes dos Santos, servidora da Secretaria de Rela\u00e7\u00f5es Institucionais da Prefeitura de Murici; Roberto Carlos Ara\u00fajo Rocha, chefe da Guarda Civil Municipal; e Ronaldo Pedro Lima, analista de Controle Interno da Secretaria de Administra\u00e7\u00e3o do Quadro de Pessoal da Prefeitura de Murici, foram presos. Rocha foi o \u00fanico detido em Macei\u00f3, j\u00e1 que tamb\u00e9m trabalha como agente penitenci\u00e1rio e estava de plant\u00e3o. Todos eles ser\u00e3o encaminhados ao Gecoc para prestar depoimento.<\/span><\/p>\n<p style=\"text-align: justify;\"><span style=\"font-size: 14pt;\">\u201cA decreta\u00e7\u00e3o da pris\u00e3o tempor\u00e1ria revela-se imprescind\u00edvel \u00e0s investiga\u00e7\u00f5es em curso, a fim de impedir que os agentes p\u00fablicos investigados perturbem ou dificultem a produ\u00e7\u00e3o de provas, orientando testemunhas, apagando vest\u00edgios do crime, destruindo documentos etc\u201d, afirmam os promotores de Justi\u00e7a Hamilton Carneiro J\u00fanior, Carlos Davi Lopes Correia Lima e Elo\u00e1 de Carvalho Melo, mais o delegado de Pol\u00edcia Cayo Rodrigues Silva.<\/span><\/p>\n<p style=\"text-align: justify;\"><span style=\"font-size: 14pt;\">Os mandados de busca e apreens\u00e3o tamb\u00e9m foram cumpridos na resid\u00eancia dos tr\u00eas agentes p\u00fablicos, com objetivo de recolher computadores e dispositivos de armazenamento de m\u00eddia, bem como documentos e eventuais objetos com interesse investigativo ou mesmo il\u00edcitos.<\/span><\/p>\n<p style=\"text-align: justify;\"><span style=\"font-size: 14pt;\"><strong>Condu\u00e7\u00f5es coercitivas<\/strong><\/span><\/p>\n<p style=\"text-align: justify;\"><span style=\"font-size: 14pt;\">Em rela\u00e7\u00e3o ao cumprimento dos mandados de condu\u00e7\u00e3o coercitiva, o Minist\u00e9rio P\u00fablico Estadual e a Pol\u00edcia Civil tiveram como alvos Geraldo An\u00edzio de Amorim, secret\u00e1rio de Rela\u00e7\u00f5es Institucionais da Prefeitura de Murici; Jos\u00e9 Renato Firmino da Silva, conselheiro tutelar e assessor t\u00e9cnico do programa Bolsa-Fam\u00edlia na Prefeitura; uma mulher conhecida como Adriana, que trabalha como agente comunit\u00e1ria pelo Munic\u00edpio; e um homem conhecido como Evil\u00e1sio.<\/span><\/p>\n<p style=\"text-align: justify;\"><span style=\"font-size: 14pt;\">\u201cNo caso dos autos, em raz\u00e3o do grande n\u00famero de envolvidos nos crimes ora investigados, bem como da constata\u00e7\u00e3o de que h\u00e1 indiv\u00edduos orientando qual deve ser a postura dos interrogados diante dos questionamentos decorrentes do procedimento investigativo, evidencia-se a necessidade de promover a colheita concomitante de suspeitos, valendo-se do elemento surpresa, de modo a dificultar o interc\u00e2mbio de informa\u00e7\u00f5es que possa prejudicar os trabalhos\u201d, explicam os promotores de Justi\u00e7a e o delegado da Pol\u00edcia Civil.<\/span><\/p>\n<p style=\"text-align: justify;\"><span style=\"font-size: 14pt;\">Pesam contra os suspeitos, acusa\u00e7\u00f5es de crimes como o de organiza\u00e7\u00e3o criminosa (art. 2\u00ba da lei 12.850\/13), corrup\u00e7\u00e3o ativa (art. 333 do C\u00f3digo Penal), corrup\u00e7\u00e3o passiva (art. 317 do C\u00f3digo Penal) e inser\u00e7\u00e3o de dados falsos em sistema de informa\u00e7\u00e3o (313-A do C\u00f3digo Penal).<\/span><\/p>\n<p style=\"text-align: justify;\"><span style=\"font-size: 14pt;\"><strong>Arca de No\u00e9<\/strong><\/span><\/p>\n<p style=\"text-align: justify;\"><span style=\"font-size: 14pt;\">O nome Arca de No\u00e9 foi escolhido porque o munic\u00edpio de Murici foi acometido, em 2010, por uma enchente que destruiu centenas de casas e deixou uma grande quantidade de fam\u00edlias desabrigadas. Apesar dos im\u00f3veis terem sido constru\u00eddos com dinheiro p\u00fablico nos \u00faltimos anos, poucas pessoas foram beneficiadas e, parte delas, chegou a pagar ilegalmente R$ 2,5 mil para ter direito as resid\u00eancias. No entanto, elas jamais receberam as casas.<\/span><\/p>\n","protected":false},"excerpt":{"rendered":"<p> [&hellip;]<\/p>\n","protected":false},"author":2,"featured_media":7933,"comment_status":"closed","ping_status":"closed","sticky":false,"template":"","format":"standard","meta":{"om_disable_all_campaigns":false,"_monsterinsights_skip_tracking":false,"_monsterinsights_sitenote_active":false,"_monsterinsights_sitenote_note":"","_monsterinsights_sitenote_category":0,"_uf_show_specific_survey":0,"_uf_disable_surveys":false,"footnotes":""},"categories":[23],"tags":[],"class_list":["post-7932","post","type-post","status-publish","format-standard","has-post-thumbnail","hentry","category-not_gaeco"],"aioseo_notices":[],"_links":{"self":[{"href":"https:\/\/www.mpal.mp.br\/index.php?rest_route=\/wp\/v2\/posts\/7932","targetHints":{"allow":["GET"]}}],"collection":[{"href":"https:\/\/www.mpal.mp.br\/index.php?rest_route=\/wp\/v2\/posts"}],"about":[{"href":"https:\/\/www.mpal.mp.br\/index.php?rest_route=\/wp\/v2\/types\/post"}],"author":[{"embeddable":true,"href":"https:\/\/www.mpal.mp.br\/index.php?rest_route=\/wp\/v2\/users\/2"}],"replies":[{"embeddable":true,"href":"https:\/\/www.mpal.mp.br\/index.php?rest_route=%2Fwp%2Fv2%2Fcomments&post=7932"}],"version-history":[{"count":1,"href":"https:\/\/www.mpal.mp.br\/index.php?rest_route=\/wp\/v2\/posts\/7932\/revisions"}],"predecessor-version":[{"id":7934,"href":"https:\/\/www.mpal.mp.br\/index.php?rest_route=\/wp\/v2\/posts\/7932\/revisions\/7934"}],"wp:featuredmedia":[{"embeddable":true,"href":"https:\/\/www.mpal.mp.br\/index.php?rest_route=\/wp\/v2\/media\/7933"}],"wp:attachment":[{"href":"https:\/\/www.mpal.mp.br\/index.php?rest_route=%2Fwp%2Fv2%2Fmedia&parent=7932"}],"wp:term":[{"taxonomy":"category","embeddable":true,"href":"https:\/\/www.mpal.mp.br\/index.php?rest_route=%2Fwp%2Fv2%2Fcategories&post=7932"},{"taxonomy":"post_tag","embeddable":true,"href":"https:\/\/www.mpal.mp.br\/index.php?rest_route=%2Fwp%2Fv2%2Ftags&post=7932"}],"curies":[{"name":"wp","href":"https:\/\/api.w.org\/{rel}","templated":true}]}}