{"id":7928,"date":"2017-06-08T11:16:43","date_gmt":"2017-06-08T14:16:43","guid":{"rendered":"https:\/\/www.mpal.mp.br\/?p=7928"},"modified":"2022-06-02T11:19:04","modified_gmt":"2022-06-02T14:19:04","slug":"operacao-inoculacao-do-gecoc-e-da-deic-desarticula-quadrilha-de-roubo-a-banco","status":"publish","type":"post","link":"https:\/\/www.mpal.mp.br\/?p=7928","title":{"rendered":"Opera\u00e7\u00e3o &#8220;Inocula\u00e7\u00e3o&#8221; do Gecoc e da Deic desarticula quadrilha de roubo a banco"},"content":{"rendered":"<p style=\"text-align: justify;\"><span style=\"font-size: 14pt;\">A Opera\u00e7\u00e3o &#8216;Inocula\u00e7\u00e3o&#8217;, desencadeada pelo Grupo Estadual de Combate \u00e0s Organiza\u00e7\u00f5es Criminosas (Gecoc) do Minist\u00e9rio P\u00fablico Estadual de Alagoas (MPE\/AL), com a Divis\u00e3o Especial de Investiga\u00e7\u00e3o e Capturas (Deic) da Pol\u00edcia Civil, na noite dessa ter\u00e7a-feira (6), em Arapiraca, resultou no complemento da desarticula\u00e7\u00e3o de uma quadrilha envolvida com roubo a banco aqui no Estado. Ao todo, foram presas tr\u00eas pessoas em cumprimento de mandados expedidos pela 17\u00aa Vara Criminal da Capital. Os investigadores tamb\u00e9m apreenderam 10 armas de fogo, dinheiro e farta muni\u00e7\u00e3o, al\u00e9m de um ve\u00edculo.<\/span><\/p>\n<p style=\"text-align: justify;\"><span style=\"font-size: 14pt;\">O combate \u00e0s organiza\u00e7\u00f5es criminosas (Orcrim) tem sido uma das principais atua\u00e7\u00f5es do Minist\u00e9rio Publico que, em parceria com as for\u00e7as policiais, consegue fazer com que mentores e executores de planos criminosos, dentro e fora do Estado, sejam presos e comecem a pagar pelos il\u00edcitos cometidos. Em Arapiraca, a opera\u00e7\u00e3o aconteceu ap\u00f3s cinco meses de investiga\u00e7\u00e3o conjunta entre o Gecoc e a Deic.<\/span><\/p>\n<p style=\"text-align: justify;\"><span style=\"font-size: 14pt;\">Os presos Everaldo Nunes Pereira, 45 anos, Taciano Batista dos Santos, 49, e Jadson Pereira Costa, de 29, pertencem, segundo as autoridades, a um bando especializado em explos\u00f5es e roubo a ag\u00eancias banc\u00e1rias nas cidades de \u00c1gua Branca, Feira Grande, Igaci e Major Izidoro.<\/span><\/p>\n<p style=\"text-align: justify;\"><span style=\"font-size: 14pt;\">Taciano Batista dos Santos, que \u00e9 2\u00b0 sargento da reserva da Pol\u00edcia Militar, seria o respons\u00e1vel por avisar aos criminosos quando o momento estaria prop\u00edcio para praticar o crime. Ele tamb\u00e9m dava cobertura \u00e0 quadrilha.<\/span><\/p>\n<p style=\"text-align: justify;\"><span style=\"font-size: 14pt;\"><strong>As apreens\u00f5es<\/strong><\/span><\/p>\n<p style=\"text-align: justify;\"><span style=\"font-size: 14pt;\">Com a Orcrim, os policiais encontraram quatro espingardas, quatro rev\u00f3lveres de calibre 38, uma pistola 9mm (de uso restrito das For\u00e7as Armadas), uma garruncha e farta muni\u00e7\u00e3o que estava guardava em caixas. As balas s\u00e3o de diversos calibres, como 12 e 20 para espingardas; calibres .40 e .45; e de calibre 22 para rifles, inclusive de fuzil 762. Ainda foram apreendidos um ve\u00edculo modelo Fiat Uno, de cor vermelha, explosivos e uma quantidade de dinheiro em c\u00e9dulas.<\/span><\/p>\n<p style=\"text-align: justify;\"><span style=\"font-size: 14pt;\">Os policiais tamb\u00e9m localizaram um silenciador de armas e um equipamento de mira a laser.<\/span><\/p>\n<p style=\"text-align: justify;\"><span style=\"font-size: 14pt;\">Durante a tentativa de cumprimento de mandados, dois alvos, identificados como Jos\u00e9 Edson Calixto da Silva, de 22 anos, e F\u00e1bio J\u00fanior F\u00e9lix Luduvico, de 37, atiraram na dire\u00e7\u00e3o dos policiais e foram feridos, n\u00e3o resistindo logo em seguida. Na casa de Edson F\u00e9lix, que era o explosivista do grupo, foram encontrados R$ 6.020,00 em c\u00e9dulas de R$ 50 e R$ 100.<\/span><\/p>\n<p style=\"text-align: justify;\"><span style=\"font-size: 14pt;\">Todos os presos ser\u00e3o levados para a sede da Deic, em Macei\u00f3, e posteriormente, v\u00e3o ser transferidos para o sistema prisional.<\/span><\/p>\n<p style=\"text-align: justify;\"><span style=\"font-size: 14pt;\"><strong>Inocula\u00e7\u00e3o<\/strong><\/span><\/p>\n<p style=\"text-align: justify;\"><span style=\"font-size: 14pt;\">O nome da opera\u00e7\u00e3o faz refer\u00eancia a aplica\u00e7\u00e3o de vacina no ser humano, que tem o objetivo de cura. No sentido figurado, \u00e9 uma alus\u00e3o ao combate \u00e0s organiza\u00e7\u00f5es criminosas, com o Gecoc e a Deic trabalhando para imunizar Alagoas contra esses grupos que praticam il\u00edcitos penais.<\/span><\/p>\n","protected":false},"excerpt":{"rendered":"<p> [&hellip;]<\/p>\n","protected":false},"author":2,"featured_media":7929,"comment_status":"open","ping_status":"open","sticky":false,"template":"","format":"standard","meta":{"om_disable_all_campaigns":false,"_monsterinsights_skip_tracking":false,"_monsterinsights_sitenote_active":false,"_monsterinsights_sitenote_note":"","_monsterinsights_sitenote_category":0,"_uf_show_specific_survey":0,"_uf_disable_surveys":false,"footnotes":""},"categories":[23],"tags":[],"class_list":["post-7928","post","type-post","status-publish","format-standard","has-post-thumbnail","hentry","category-not_gaeco"],"aioseo_notices":[],"_links":{"self":[{"href":"https:\/\/www.mpal.mp.br\/index.php?rest_route=\/wp\/v2\/posts\/7928","targetHints":{"allow":["GET"]}}],"collection":[{"href":"https:\/\/www.mpal.mp.br\/index.php?rest_route=\/wp\/v2\/posts"}],"about":[{"href":"https:\/\/www.mpal.mp.br\/index.php?rest_route=\/wp\/v2\/types\/post"}],"author":[{"embeddable":true,"href":"https:\/\/www.mpal.mp.br\/index.php?rest_route=\/wp\/v2\/users\/2"}],"replies":[{"embeddable":true,"href":"https:\/\/www.mpal.mp.br\/index.php?rest_route=%2Fwp%2Fv2%2Fcomments&post=7928"}],"version-history":[{"count":2,"href":"https:\/\/www.mpal.mp.br\/index.php?rest_route=\/wp\/v2\/posts\/7928\/revisions"}],"predecessor-version":[{"id":7931,"href":"https:\/\/www.mpal.mp.br\/index.php?rest_route=\/wp\/v2\/posts\/7928\/revisions\/7931"}],"wp:featuredmedia":[{"embeddable":true,"href":"https:\/\/www.mpal.mp.br\/index.php?rest_route=\/wp\/v2\/media\/7929"}],"wp:attachment":[{"href":"https:\/\/www.mpal.mp.br\/index.php?rest_route=%2Fwp%2Fv2%2Fmedia&parent=7928"}],"wp:term":[{"taxonomy":"category","embeddable":true,"href":"https:\/\/www.mpal.mp.br\/index.php?rest_route=%2Fwp%2Fv2%2Fcategories&post=7928"},{"taxonomy":"post_tag","embeddable":true,"href":"https:\/\/www.mpal.mp.br\/index.php?rest_route=%2Fwp%2Fv2%2Ftags&post=7928"}],"curies":[{"name":"wp","href":"https:\/\/api.w.org\/{rel}","templated":true}]}}