{"id":7914,"date":"2017-07-21T11:05:18","date_gmt":"2017-07-21T14:05:18","guid":{"rendered":"https:\/\/www.mpal.mp.br\/?p=7914"},"modified":"2022-06-02T11:06:40","modified_gmt":"2022-06-02T14:06:40","slug":"operacao-do-gecoc-e-da-secretaria-de-seguranca-publica-prende-tres-pessoas-e-apreende-droga-armas-e-municao","status":"publish","type":"post","link":"https:\/\/www.mpal.mp.br\/?p=7914","title":{"rendered":"Opera\u00e7\u00e3o do Gecoc e da Secretaria de Seguran\u00e7a P\u00fablica prende tr\u00eas pessoas e apreende droga, armas e muni\u00e7\u00e3o"},"content":{"rendered":"<p style=\"text-align: justify;\"><span style=\"font-size: 14pt;\">Nas primeiras horas desta manh\u00e3 de sexta-feira (21), o Grupo Estadual de Combate \u00e0s Organiza\u00e7\u00f5es Criminosas (Gecoc) do Minist\u00e9rio P\u00fablico Estadual de Alagoas (MPE\/AL) e a Secretaria de Estado da Seguran\u00e7a P\u00fablica (SSP), desarticularam uma quadrilha acusada de envolvimento com os crimes de tr\u00e1fico de drogas e homic\u00eddios na capital alagoana. Tr\u00eas pessoas foram presas e armas e drogas apreendidas.\u00a0<\/span><\/p>\n<p><span style=\"font-size: 14pt;\">Ao todo, foram cumpridos 14 mandados de busca e apreens\u00e3o nos bairros da Ponta Grossa, Prado, Trapiche, Cana\u00e3 e Farol. As medidas foram deferidas pela 17\u00aa Vara Criminal da Capital ap\u00f3s representa\u00e7\u00e3o feita pelo Gecoc.\u00a0<\/span><\/p>\n<p><span style=\"font-size: 14pt;\">Durante a opera\u00e7\u00e3o, que foi desencadeada a partir de levantamentos feitos pelo servi\u00e7o de intelig\u00eancia da Secretaria de Estado da Seguran\u00e7a P\u00fablica e da Pol\u00edcia Militar, foram apreendidos 15 tabletes de maconha prensada pesando 10,5 kg, uma pistola HC plus, dois rev\u00f3lveres calibres 38 e 33 e muni\u00e7\u00f5es calibre 38.\u00a0<\/span><\/p>\n<p><span style=\"font-size: 14pt;\">Foram detidos Jos\u00e9 Carlos Cordeiro da Paz, 26 anos, Jos\u00e9 Marcelo dos Santos, 44 anos, e uma mulher ainda n\u00e3o identificada.\u00a0<\/span><\/p>\n<p><span style=\"font-size: 14pt;\">Participaram da opera\u00e7\u00e3o a 2\u00aa se\u00e7\u00e3o do Estado Maior, O Batalh\u00e3o de Pol\u00edcia Tr\u00e2nsito, o Batalh\u00e3o de Radiopatrulha, o Batalh\u00e3o de Opera\u00e7\u00f5es Policiais Especiais e o Grupamento A\u00e9reo. Os presos foram conduzidos para o Complexo de Delegacias Especializadas (Code).<\/span><\/p>\n","protected":false},"excerpt":{"rendered":"<p> [&hellip;]<\/p>\n","protected":false},"author":2,"featured_media":7915,"comment_status":"open","ping_status":"open","sticky":false,"template":"","format":"standard","meta":{"om_disable_all_campaigns":false,"_monsterinsights_skip_tracking":false,"_monsterinsights_sitenote_active":false,"_monsterinsights_sitenote_note":"","_monsterinsights_sitenote_category":0,"_uf_show_specific_survey":0,"_uf_disable_surveys":false,"footnotes":""},"categories":[23],"tags":[],"class_list":["post-7914","post","type-post","status-publish","format-standard","has-post-thumbnail","hentry","category-not_gaeco"],"aioseo_notices":[],"_links":{"self":[{"href":"https:\/\/www.mpal.mp.br\/index.php?rest_route=\/wp\/v2\/posts\/7914","targetHints":{"allow":["GET"]}}],"collection":[{"href":"https:\/\/www.mpal.mp.br\/index.php?rest_route=\/wp\/v2\/posts"}],"about":[{"href":"https:\/\/www.mpal.mp.br\/index.php?rest_route=\/wp\/v2\/types\/post"}],"author":[{"embeddable":true,"href":"https:\/\/www.mpal.mp.br\/index.php?rest_route=\/wp\/v2\/users\/2"}],"replies":[{"embeddable":true,"href":"https:\/\/www.mpal.mp.br\/index.php?rest_route=%2Fwp%2Fv2%2Fcomments&post=7914"}],"version-history":[{"count":2,"href":"https:\/\/www.mpal.mp.br\/index.php?rest_route=\/wp\/v2\/posts\/7914\/revisions"}],"predecessor-version":[{"id":7917,"href":"https:\/\/www.mpal.mp.br\/index.php?rest_route=\/wp\/v2\/posts\/7914\/revisions\/7917"}],"wp:featuredmedia":[{"embeddable":true,"href":"https:\/\/www.mpal.mp.br\/index.php?rest_route=\/wp\/v2\/media\/7915"}],"wp:attachment":[{"href":"https:\/\/www.mpal.mp.br\/index.php?rest_route=%2Fwp%2Fv2%2Fmedia&parent=7914"}],"wp:term":[{"taxonomy":"category","embeddable":true,"href":"https:\/\/www.mpal.mp.br\/index.php?rest_route=%2Fwp%2Fv2%2Fcategories&post=7914"},{"taxonomy":"post_tag","embeddable":true,"href":"https:\/\/www.mpal.mp.br\/index.php?rest_route=%2Fwp%2Fv2%2Ftags&post=7914"}],"curies":[{"name":"wp","href":"https:\/\/api.w.org\/{rel}","templated":true}]}}