{"id":7911,"date":"2017-08-02T11:02:48","date_gmt":"2017-08-02T14:02:48","guid":{"rendered":"https:\/\/www.mpal.mp.br\/?p=7911"},"modified":"2022-06-02T11:03:47","modified_gmt":"2022-06-02T14:03:47","slug":"promotora-de-justica-gilcele-damaso-sera-homenageada-pela-camara-municipal-de-coruripe-em-funcao-do-trabalho-prestado-aquele-municipio","status":"publish","type":"post","link":"https:\/\/www.mpal.mp.br\/?p=7911","title":{"rendered":"Promotora de Justi\u00e7a Gilcele D\u00e2maso ser\u00e1 homenageada pela C\u00e2mara Municipal de Coruripe em fun\u00e7\u00e3o do trabalho prestado aquele munic\u00edpio"},"content":{"rendered":"<div class=\"content-wrapper-1\">\n<div class=\"content-wrapper-2\">\n<div id=\"mainmiddle\">\n<div id=\"mainmiddle-expand\">\n<div id=\"content\">\n<div id=\"content-shift\">\n<div class=\"floatbox\">\n<div class=\"joomla \">\n<div class=\"article\">\n<div id=\"articlepxfontsize1\">\n<p style=\"text-align: justify;\"><span style=\"font-size: 14pt;\">A dedica\u00e7\u00e3o da promotora de Justi\u00e7a Gilcele D\u00e2maso de Almeida Lima, na 2\u00aa Promotoria de Justi\u00e7a de Coruripe, rendeu-lhe reconhecimento na C\u00e2mara de Vereadores daquele munic\u00edpio que lhe conceder\u00e1, nesta sexta-feira (04), em sess\u00e3o solene, a Comenda Comendador T\u00e9rcio Wanderley. O t\u00edtulo foi aprovado por unanimidade no ano passado. A representante do Minist\u00e9rio P\u00fablico do Estado de Alagoas (MPE\/AL) tem atua\u00e7\u00e3o em diversas \u00e1reas, dentre elas, trabalha em defesa do idoso, da sa\u00fade, da pessoa com defici\u00eancia e do meio ambiente.<\/span><\/p>\n<p style=\"text-align: justify;\"><span style=\"font-size: 14pt;\">Gilcele D\u00e2maso recebeu a not\u00edcia sobre a comenda com alegria e afirmou estar honrada com a homenagem. \u201cA felicidade foi imensa quando o presidente da C\u00e2mara de Vereadores foi ao meu gabinete para me comunicar que sua proposi\u00e7\u00e3o tinha sido aprovada por todos os parlamentares. Gosto muito da cidade e me identifico bastante com os moradores de Coruripe. Apesar do of\u00edcio de ser promotora de Justi\u00e7a n\u00e3o ser uma tarefa f\u00e1cil, procuro desenvolver o meu trabalho em prol da cidadania e tenho orgulho do que fa\u00e7o\u201d, disse ela.<\/span><\/p>\n<p style=\"text-align: justify;\"><span style=\"font-size: 14pt;\">Trabalhando na 2\u00aa Promotoria de Justi\u00e7a de Coruripe, Gilcele D\u00e2maso tem diversas \u00e1reas de atua\u00e7\u00e3o e, uma delas, \u00e9 a que lida com a pessoa idosa. \u201cH\u00e1 um projeto que gosto muito, que vejo nele um poder de transforma\u00e7\u00e3o grande. Chama-se \u2018Farol da Gera\u00e7\u00e3o\u2019 e \u00e9 uma parceria entre um banco privado e a prefeitura. Como fiscalizo os recursos que s\u00e3o empregados nele, acompanho de perto os resultados. L\u00e1, jovens e idosos fazem atividades juntos, interagem e essa troca de energia e experi\u00eancia propicia \u00f3timos resultados\u201d, comentou a promotora.<\/span><\/p>\n<p style=\"text-align: justify;\"><span style=\"font-size: 14pt;\">\u201cO projeto tem uma vis\u00e3o de vanguarda e prova \u00e0 sociedade que h\u00e1 a possibilidade de um conv\u00edvio e de uma constru\u00e7\u00e3o integrada. L\u00e1, n\u00e3o h\u00e1 o velho e o novo, existem, sim, pessoas que t\u00eam hist\u00f3rias de vida que podem ser transformadas para melhor. \u00c9 preciso que se entenda que velho \u00e9 atributo para coisa, objeto, n\u00e3o para gente\u201d, completou.<\/span><\/p>\n<p style=\"text-align: justify;\"><span style=\"font-size: 14pt;\">Na 2\u00aa Promotoria de Justi\u00e7a de Coruripe h\u00e1 tr\u00eas anos, a promotora tamb\u00e9m atua em defesa do meio ambiente, do patrim\u00f4nio p\u00fablico, no combate \u00e0 viol\u00eancia dom\u00e9stica e nas \u00e1reas criminal e da fam\u00edlia. \u201cEstamos preparados para cumprir a miss\u00e3o em todas as \u00e1reas, \u00e9 nosso dever cuidar dos direitos do cidad\u00e3o e agir para que eles sejam assegurados. Esse \u00e9 o compromisso do Minist\u00e9rio P\u00fablico\u201d, resumiu a titular da 2\u00aa Promotoria de Coruripe.<\/span><\/p>\n<p style=\"text-align: justify;\"><span style=\"font-size: 14pt;\">Unanimidade<\/span><\/p>\n<p style=\"text-align: justify;\"><span style=\"font-size: 14pt;\">A comenda Comenda Comendador T\u00e9rcio Wanderley, concedida \u00e0 promotora de Justi\u00e7a Gilcele D\u00e2maso de Almeida Lima, foi proposta pelo presidente da C\u00e2mara de Vereadores de Coruripe, Mesque da Silva Padilha, e aprovada por todos os vereadores daquela Casa. A solenidade ocorrer\u00e1 no plen\u00e1rio Djalma Barros Siqueira, na sede do Legislativo de Coruripe, \u00e0s 16 horas, com a presen\u00e7a de autoridades da regi\u00e3o, membros do MPE\/AL, familiares e amigos da homenageada.<\/span><\/p>\n<\/div>\n<\/div>\n<\/div>\n<\/div>\n<\/div>\n<\/div>\n<\/div>\n<\/div>\n<\/div>\n<\/div>\n<div class=\"content-wrapper-b1\">\n<div class=\"content-wrapper-b2\" style=\"text-align: justify;\"><\/div>\n<\/div>\n","protected":false},"excerpt":{"rendered":"<p> [&hellip;]<\/p>\n","protected":false},"author":2,"featured_media":7912,"comment_status":"open","ping_status":"open","sticky":false,"template":"","format":"standard","meta":{"om_disable_all_campaigns":false,"_monsterinsights_skip_tracking":false,"_monsterinsights_sitenote_active":false,"_monsterinsights_sitenote_note":"","_monsterinsights_sitenote_category":0,"_uf_show_specific_survey":0,"_uf_disable_surveys":false,"footnotes":""},"categories":[23],"tags":[],"class_list":["post-7911","post","type-post","status-publish","format-standard","has-post-thumbnail","hentry","category-not_gaeco"],"aioseo_notices":[],"_links":{"self":[{"href":"https:\/\/www.mpal.mp.br\/index.php?rest_route=\/wp\/v2\/posts\/7911","targetHints":{"allow":["GET"]}}],"collection":[{"href":"https:\/\/www.mpal.mp.br\/index.php?rest_route=\/wp\/v2\/posts"}],"about":[{"href":"https:\/\/www.mpal.mp.br\/index.php?rest_route=\/wp\/v2\/types\/post"}],"author":[{"embeddable":true,"href":"https:\/\/www.mpal.mp.br\/index.php?rest_route=\/wp\/v2\/users\/2"}],"replies":[{"embeddable":true,"href":"https:\/\/www.mpal.mp.br\/index.php?rest_route=%2Fwp%2Fv2%2Fcomments&post=7911"}],"version-history":[{"count":1,"href":"https:\/\/www.mpal.mp.br\/index.php?rest_route=\/wp\/v2\/posts\/7911\/revisions"}],"predecessor-version":[{"id":7913,"href":"https:\/\/www.mpal.mp.br\/index.php?rest_route=\/wp\/v2\/posts\/7911\/revisions\/7913"}],"wp:featuredmedia":[{"embeddable":true,"href":"https:\/\/www.mpal.mp.br\/index.php?rest_route=\/wp\/v2\/media\/7912"}],"wp:attachment":[{"href":"https:\/\/www.mpal.mp.br\/index.php?rest_route=%2Fwp%2Fv2%2Fmedia&parent=7911"}],"wp:term":[{"taxonomy":"category","embeddable":true,"href":"https:\/\/www.mpal.mp.br\/index.php?rest_route=%2Fwp%2Fv2%2Fcategories&post=7911"},{"taxonomy":"post_tag","embeddable":true,"href":"https:\/\/www.mpal.mp.br\/index.php?rest_route=%2Fwp%2Fv2%2Ftags&post=7911"}],"curies":[{"name":"wp","href":"https:\/\/api.w.org\/{rel}","templated":true}]}}