{"id":7908,"date":"2017-08-21T11:00:08","date_gmt":"2017-08-21T14:00:08","guid":{"rendered":"https:\/\/www.mpal.mp.br\/?p=7908"},"modified":"2022-06-02T11:01:02","modified_gmt":"2022-06-02T14:01:02","slug":"operacao-do-gecoc-e-da-deic-apreende-mais-de-50-kg-de-maconha-na-forene-droga-estava-enterrada","status":"publish","type":"post","link":"https:\/\/www.mpal.mp.br\/?p=7908","title":{"rendered":"Opera\u00e7\u00e3o do Gecoc e da Deic apreende mais de 50 kg de maconha na Forene; droga estava enterrada"},"content":{"rendered":"<p style=\"text-align: justify;\"><span style=\"font-size: 14pt;\">O combate ao tr\u00e1fico de drogas levou equipes do Grupo Estadual de Combate \u00e0s Organiza\u00e7\u00f5es Criminosas (Gecoc) do Minist\u00e9rio P\u00fablico Estadual de Alagoas \u00a0(MPE\/AL) e a Divis\u00e3o Especial de Investiga\u00e7\u00e3o e Capturas (Deic), no in\u00edcio da tarde desta segunda-feira (21), ao bairro Forene, em Macei\u00f3, o \u00a0que resultou na apreens\u00e3o de 50kg de maconha prensada. Um ex-reeducando, apontado como o dono do entorpecente, foi preso.<\/span><\/p>\n<p style=\"text-align: justify;\"><span style=\"font-size: 14pt;\">O levantamento das intelig\u00eancias acontecia de forma conjunta h\u00e1 cerca de um m\u00eas e tinha como alvo uma organiza\u00e7\u00e3o criminosa respons\u00e1vel pelo tr\u00e1fico naquela regi\u00e3o. Nesta segunda, ap\u00f3s os levantamentos, foi descoberto um terreno baldio onde havia sido enterrada uma grande quantidade de drogas, que estava escondida em sacos pl\u00e1sticos.O material foi recolhido e, ap\u00f3s a pesagem, oficializou-se a apreens\u00e3o de mais de 50kg maconha.<\/span><\/p>\n<p style=\"text-align: justify;\"><span style=\"font-size: 14pt;\">O dono do entorpecente, identificado como Daniel Teot\u00f4nio Viela, mais conhecido como Daniel, tem uma ficha criminosa extensa e v\u00e1rias passagens pelo sistema prisional. O primeiro crime dele foi um furto, em 2002. Em 2004, foi preso por les\u00e3o corporal e, dois anos depois, em 2006, praticou roubo contra uma casa lot\u00e9rica. No ano de 2008 ele assaltou um coletivo na capital.<\/span><\/p>\n<p style=\"text-align: justify;\"><span style=\"font-size: 14pt;\">Tamb\u00e9m consta no hist\u00f3rico de crimes contra Daniel Teotonio Vilela duas pris\u00f5es em flagrante delito nos anos de 2011 e 2015, por roubo. Ap\u00f3s receber voz de pris\u00e3o, ele foi conduzido para a Deic para interrogat\u00f3rio e autua\u00e7\u00e3o. Um ex-reeducando, apontado como o dono do entorpecente,<\/span><\/p>\n","protected":false},"excerpt":{"rendered":"<p> [&hellip;]<\/p>\n","protected":false},"author":2,"featured_media":7909,"comment_status":"open","ping_status":"open","sticky":false,"template":"","format":"standard","meta":{"om_disable_all_campaigns":false,"_monsterinsights_skip_tracking":false,"_monsterinsights_sitenote_active":false,"_monsterinsights_sitenote_note":"","_monsterinsights_sitenote_category":0,"_uf_show_specific_survey":0,"_uf_disable_surveys":false,"footnotes":""},"categories":[23],"tags":[],"class_list":["post-7908","post","type-post","status-publish","format-standard","has-post-thumbnail","hentry","category-not_gaeco"],"aioseo_notices":[],"_links":{"self":[{"href":"https:\/\/www.mpal.mp.br\/index.php?rest_route=\/wp\/v2\/posts\/7908","targetHints":{"allow":["GET"]}}],"collection":[{"href":"https:\/\/www.mpal.mp.br\/index.php?rest_route=\/wp\/v2\/posts"}],"about":[{"href":"https:\/\/www.mpal.mp.br\/index.php?rest_route=\/wp\/v2\/types\/post"}],"author":[{"embeddable":true,"href":"https:\/\/www.mpal.mp.br\/index.php?rest_route=\/wp\/v2\/users\/2"}],"replies":[{"embeddable":true,"href":"https:\/\/www.mpal.mp.br\/index.php?rest_route=%2Fwp%2Fv2%2Fcomments&post=7908"}],"version-history":[{"count":1,"href":"https:\/\/www.mpal.mp.br\/index.php?rest_route=\/wp\/v2\/posts\/7908\/revisions"}],"predecessor-version":[{"id":7910,"href":"https:\/\/www.mpal.mp.br\/index.php?rest_route=\/wp\/v2\/posts\/7908\/revisions\/7910"}],"wp:featuredmedia":[{"embeddable":true,"href":"https:\/\/www.mpal.mp.br\/index.php?rest_route=\/wp\/v2\/media\/7909"}],"wp:attachment":[{"href":"https:\/\/www.mpal.mp.br\/index.php?rest_route=%2Fwp%2Fv2%2Fmedia&parent=7908"}],"wp:term":[{"taxonomy":"category","embeddable":true,"href":"https:\/\/www.mpal.mp.br\/index.php?rest_route=%2Fwp%2Fv2%2Fcategories&post=7908"},{"taxonomy":"post_tag","embeddable":true,"href":"https:\/\/www.mpal.mp.br\/index.php?rest_route=%2Fwp%2Fv2%2Ftags&post=7908"}],"curies":[{"name":"wp","href":"https:\/\/api.w.org\/{rel}","templated":true}]}}