{"id":7894,"date":"2017-12-28T10:50:36","date_gmt":"2017-12-28T12:50:36","guid":{"rendered":"https:\/\/www.mpal.mp.br\/?p=7894"},"modified":"2022-06-02T10:51:17","modified_gmt":"2022-06-02T13:51:17","slug":"em-operacao-gecoc-e-policias-civil-e-militar-prendem-acusados-de-integrar-grupo-de-exterminio-em-alagoas","status":"publish","type":"post","link":"https:\/\/www.mpal.mp.br\/?p=7894","title":{"rendered":"Em opera\u00e7\u00e3o, Gecoc e Pol\u00edcias Civil e Militar prendem acusados de integrar grupo de exterm\u00ednio em Alagoas"},"content":{"rendered":"<p style=\"text-align: justify;\"><span style=\"font-size: 14pt;\">O Minist\u00e9rio P\u00fablico Estadual de Alagoas (MPE\/AL) e as Pol\u00edcias Civil e Militar cumpriram, na manh\u00e3 desta quinta-feira (28), oito mandados de pris\u00e3o e busca e apreens\u00e3o contra pessoas acusadas de integrar um grupo de exterm\u00ednio no munic\u00edpio de Uni\u00e3o dos Palmares. Dentre os presos est\u00e3o dois policiais militares. Um deles foi detido em Branquinha, dentro da companhia militar em que trabalha.<\/span><\/p>\n<p style=\"text-align: justify;\"><span style=\"font-size: 14pt;\">As investiga\u00e7\u00f5es no Minist\u00e9rio P\u00fablico, que contaram com o apoio do procurador-geral de justi\u00e7a, Alfredo Gaspar de Mendon\u00e7a Neto, come\u00e7aram no segundo semestre deste ano, ap\u00f3s o Grupo Estadual de Combate \u00e0s Organiza\u00e7\u00f5es Criminosas (Gecoc) receber informa\u00e7\u00f5es a partir de inqu\u00e9rito instaurado pela Pol\u00edcia Civil sobre a atua\u00e7\u00e3o de um bando que estaria matando em troca de recompensa financeira. Ap\u00f3s a apura\u00e7\u00e3o, descobriu-se que os acusados s\u00e3o uma ramifica\u00e7\u00e3o dos antigos \u2018ninjas\u2019, apelido dado a um grupo que, no passado, adotava a pr\u00e1tica de delitos semelhantes.<\/span><\/p>\n<p style=\"text-align: justify;\"><span style=\"font-size: 14pt;\">Os mandados foram cumpridos em Macei\u00f3, Uni\u00e3o dos Palmares e numa cidade do interior de Pernambuco. O homem preso em Macei\u00f3, Francisco Eduardo da Silva, \u00e9 apontado como um dos chefes da quadrilha e tinha seis endere\u00e7os. Era uma estrat\u00e9gia para despistar os investigadores. Ele foi detido no S\u00edtio S\u00e3o Jorge.<\/span><\/p>\n<p style=\"text-align: justify;\"><span style=\"font-size: 14pt;\">Foram presos tamb\u00e9m Wellington Monteiro da Silva Gomes, Carlos Eduardo Soares, Joelison da Silva Oliveira, M\u00e1rcio Rog\u00e9rio da Silva Lima, C\u00edcero Vasconcelos de Lima J\u00fanior e Fernando Gomes de Lima Filho. Este \u00faltimo j\u00e1 foi, inclusive, processado por ser integrante do grupo de exterm\u00ednio conhecido como &#8220;Ninjas&#8221;.<\/span><\/p>\n<p style=\"text-align: justify;\"><span style=\"font-size: 14pt;\">Quase todas as pris\u00f5es cumpridas s\u00e3o preventivas, apenas uma \u00e9 tempor\u00e1ria, de cinco dias, podendo ser prorrogada por igual per\u00edodo. \u201cSabe-se que o grupo criminoso \u00e9 de alta periculosidade, havendo fortes ind\u00edcios do envolvimento das pessoas em crimes de pistolagem na cidade de Uni\u00e3o dos Palmares e regi\u00f5es circunvizinhas, sendo imperiosa a necessidade do cerceamento das liberdades dos envolvidos\u201d, alegaram os promotores de justi\u00e7a Paulo Barbosa de Almeida Filho, da 3\u00aa Promotoria de Justi\u00e7a de Uni\u00e3o dos Palmares; Ant\u00f4nio Luiz dos Santos Filho, Hamilton Carneiro J\u00fanior, Luiz Ten\u00f3rio Oliveira de Almeida, Carlos Davi Lopes Correia Lima, El\u00edsio da Silva Maia J\u00fanior e Elo\u00e1 de Carvalho Melo, todos do Gecoc; e os delegados Carlos Alberto Rocha Fernandes Reis e Valter do Nascimento Rocha, na representa\u00e7\u00e3o encaminhada ao Poder Judici\u00e1rio que pedia a pris\u00e3o dos suspeitos.<\/span><\/p>\n<p style=\"text-align: justify;\"><span style=\"font-size: 14pt;\"><strong>Inqu\u00e9rito investiga a morte de Alysson Cavalcante<\/strong><\/span><\/p>\n<p style=\"text-align: justify;\"><span style=\"font-size: 14pt;\">Uma das mortes em investiga\u00e7\u00e3o \u00e9 de Jos\u00e9 Alyson da Silva Cavalcante, assassinado na noite do dia 22 de outubro de 2016, na Rua Dem\u00f3crito Gracindo, no Centro de Uni\u00e3o dos Palmares. O inqu\u00e9rito policial em andamento, comandando pelo delegado Valter do Nascimento Rocha, j\u00e1 apurou at\u00e9 agora que a v\u00edtima teria sido morta por causa de uma discuss\u00e3o com o ex-namorado de sua companheira \u00e0 \u00e9poca, Bruna Bezerra do Nascimento.<\/span><\/p>\n<p style=\"text-align: justify;\"><span style=\"font-size: 14pt;\">No dia do crime, Alyson estaria indo para uma festa de anivers\u00e1rio quando foi emboscado por uma dupla numa motocicleta. O homem que estava no banco do carona efetuou os disparos e os tiros atingiram o pesco\u00e7o da v\u00edtima, que morreu antes mesmo de receber os primeiros socorros. Com o desenrolar das investiga\u00e7\u00f5es, foi descoberto que o crime teve o envolvimento de Carlos Eduardo Soares, o \u2018Dudinha\u2019, que trabalha como mototaxista, e o policial militar Fernando Gomes de Lima Filho, apelidado de \u2018Fernandinho\u2019.<\/span><\/p>\n<p style=\"text-align: justify;\"><span style=\"font-size: 14pt;\">Ainda segundo o que foi apurado, os dois teriam sido contratados por um homem chamado \u2018M\u00e1rcio Rog\u00e9rio\u2019, que j\u00e1 havia se desentendido com Alyson por causa de uma ex-namorada, que passou a ser companheira da v\u00edtima.<\/span><\/p>\n<p style=\"text-align: justify;\"><span style=\"font-size: 14pt;\"><strong>Crime do educador f\u00edsico Luan Douglas<\/strong><\/span><\/p>\n<p style=\"text-align: justify;\"><span style=\"font-size: 14pt;\">O professor de educa\u00e7\u00e3o f\u00edsica Luan Douglas dos Santos Porto foi assassinado no dia 18 de abril deste ano, na porta da casa onde morava, em Uni\u00e3o dos Palmares. Ele tinha acabado de entrar em sua resid\u00eancia quando foi chamado para o lado de fora. Ao chegar na cal\u00e7ada, foi atingido pelos disparos. Sua morte tamb\u00e9m \u00e9 atribu\u00edda ao mesmo grupo.<\/span><\/p>\n<p style=\"text-align: justify;\"><span style=\"font-size: 14pt;\">As investiga\u00e7\u00f5es, coordenadas pela comiss\u00e3o de delegados Carlos Reis, Fabr\u00edcio Lima e F\u00e1bio Costa, apontaram que a v\u00edtima fora assassinada porque teria se envolvido com a ex-namorada do policial militar C\u00edcero Vasconcelos de Lima J\u00fanior, conhecido como \u2018cabo J\u00fanior\u2019. O PM chegou a procurar um homem cujo apelido \u00e9 \u2018Thor\u2019 e prop\u00f4s a ele a recompensa de R$ 4 mil para matar o educador f\u00edsico. Diante da recusa, o PM procurou outro pistoleiro para executar o crime, fato ocorrido alguns dias depois.<\/span><\/p>\n<p style=\"text-align: justify;\"><span style=\"font-size: 14pt;\">Todos os presos ser\u00e3o ouvidos pelo Gecoc e Pol\u00edcia Civil ainda nesta quinta-feira. Em seguida, eles ser\u00e3o encaminhados ao sistema penitenci\u00e1rio.<\/span><\/p>\n","protected":false},"excerpt":{"rendered":"<p> [&hellip;]<\/p>\n","protected":false},"author":2,"featured_media":7895,"comment_status":"open","ping_status":"open","sticky":false,"template":"","format":"standard","meta":{"om_disable_all_campaigns":false,"_monsterinsights_skip_tracking":false,"_monsterinsights_sitenote_active":false,"_monsterinsights_sitenote_note":"","_monsterinsights_sitenote_category":0,"_uf_show_specific_survey":0,"_uf_disable_surveys":false,"footnotes":""},"categories":[23],"tags":[],"class_list":["post-7894","post","type-post","status-publish","format-standard","has-post-thumbnail","hentry","category-not_gaeco"],"aioseo_notices":[],"_links":{"self":[{"href":"https:\/\/www.mpal.mp.br\/index.php?rest_route=\/wp\/v2\/posts\/7894","targetHints":{"allow":["GET"]}}],"collection":[{"href":"https:\/\/www.mpal.mp.br\/index.php?rest_route=\/wp\/v2\/posts"}],"about":[{"href":"https:\/\/www.mpal.mp.br\/index.php?rest_route=\/wp\/v2\/types\/post"}],"author":[{"embeddable":true,"href":"https:\/\/www.mpal.mp.br\/index.php?rest_route=\/wp\/v2\/users\/2"}],"replies":[{"embeddable":true,"href":"https:\/\/www.mpal.mp.br\/index.php?rest_route=%2Fwp%2Fv2%2Fcomments&post=7894"}],"version-history":[{"count":1,"href":"https:\/\/www.mpal.mp.br\/index.php?rest_route=\/wp\/v2\/posts\/7894\/revisions"}],"predecessor-version":[{"id":7896,"href":"https:\/\/www.mpal.mp.br\/index.php?rest_route=\/wp\/v2\/posts\/7894\/revisions\/7896"}],"wp:featuredmedia":[{"embeddable":true,"href":"https:\/\/www.mpal.mp.br\/index.php?rest_route=\/wp\/v2\/media\/7895"}],"wp:attachment":[{"href":"https:\/\/www.mpal.mp.br\/index.php?rest_route=%2Fwp%2Fv2%2Fmedia&parent=7894"}],"wp:term":[{"taxonomy":"category","embeddable":true,"href":"https:\/\/www.mpal.mp.br\/index.php?rest_route=%2Fwp%2Fv2%2Fcategories&post=7894"},{"taxonomy":"post_tag","embeddable":true,"href":"https:\/\/www.mpal.mp.br\/index.php?rest_route=%2Fwp%2Fv2%2Ftags&post=7894"}],"curies":[{"name":"wp","href":"https:\/\/api.w.org\/{rel}","templated":true}]}}