{"id":7891,"date":"2018-02-01T10:49:01","date_gmt":"2018-02-01T12:49:01","guid":{"rendered":"https:\/\/www.mpal.mp.br\/?p=7891"},"modified":"2022-06-02T10:49:33","modified_gmt":"2022-06-02T13:49:33","slug":"gecoc-denuncia-acusados-de-integrar-grupo-de-exterminio-em-uniao-dos-palmares","status":"publish","type":"post","link":"https:\/\/www.mpal.mp.br\/?p=7891","title":{"rendered":"Gecoc denuncia acusados de integrar grupo de exterm\u00ednio em Uni\u00e3o dos Palmares"},"content":{"rendered":"<p style=\"text-align: justify;\" align=\"justify\"><span style=\"font-size: 14pt;\">Promotores do Grupo Estadual de Combate \u00e0s Organiza\u00e7\u00f5es Criminosas (Gecoc), denunciaram, nesta quinta-feira (01), acusados de integrar um grupo de exterm\u00ednio em Uni\u00e3o dos Palmares, presos durante opera\u00e7\u00e3o do Minist\u00e9rio P\u00fablico do Estado de Alagoas (MPE\/AL) com as pol\u00edcias Civil e Militar, no dia 28 de dezembro de 2017. Dois deles s\u00e3o policiais militares. Para o Gecoc n\u00e3o restam d\u00favidas sobre as autorias dos crimes de homic\u00eddio praticados pelos investigados.<\/span><\/p>\n<p style=\"text-align: justify;\" align=\"justify\"><span style=\"font-size: 14pt;\">Na den\u00fancia, os promotores de Justi\u00e7a do Gecoc pedem a manuten\u00e7\u00e3o da pris\u00e3o preventiva de todos os envolvidos nas mortes de Jos\u00e9 Alysson da Silva Cavalcante e do educador f\u00edsico Luan Douglas dos Santos Porto e tentativa de homic\u00eddio contra Bruna Bezerra Nascimento. O intuito \u00e9 o de evitar novas a\u00e7\u00f5es criminosas, inclusive preservar a integridade f\u00edsica e a vida de familiares das v\u00edtimas e testemunhas.<\/span><br \/>\n<span style=\"font-size: 14pt;\">Os denunciados s\u00e3o: os policiais militares cabos Fernando Gomes de Lima Filho e Francisco Eduardo de Vasconcelos Lima Junior (cabo J\u00fanior), Wellington Monteiro da Silva Gomes, Carlos Eduardo Soares, M\u00e1rcio Rog\u00e9rio da Silva Lima e Jo\u00e9lison da Silva Oliveira.<\/span><\/p>\n<p style=\"text-align: justify;\" align=\"justify\"><span style=\"font-size: 14pt;\">&#8220;H\u00e1 elementos suficientes acerca das autorias dos crimes cometidos pelos investigados. Eles integram, de fato, grupo de exterm\u00ednio cuja finalidade \u00e9 a execu\u00e7\u00e3o encomendada de seres humanos. Al\u00e9m disso, aterrorizam n\u00e3o somente a popula\u00e7\u00e3o de Uni\u00e3o dos Palmares, mas das adjac\u00eancias&#8221;, afirma o Gecoc.<\/span><\/p>\n<p style=\"text-align: justify;\" align=\"justify\"><span style=\"font-size: 14pt;\"><strong>Crimes<\/strong><\/span><\/p>\n<p><span style=\"font-size: 14pt;\">Na morte de Jos\u00e9 Alysson tentativa de homic\u00eddio contra Bruna Bezerra, o Gecoc denuncia o policial militar Fernando Gomes como autor dos disparos e ainda pro amea\u00e7a de morte a familiares da v\u00edtima;<\/span><\/p>\n<p style=\"text-align: justify;\" align=\"justify\"><span style=\"font-size: 14pt;\">Carlos Eduardo Soares foi o piloto da motocicleta que conduzia Fernando e propriet\u00e1rio da arma usada no crime.<\/span><\/p>\n<p style=\"text-align: justify;\" align=\"justify\"><span style=\"font-size: 14pt;\">M\u00e1rcio Rog\u00e9rio da Silva Lima o acusado de contratar o assassinato por ci\u00fame da ex-companheira;<\/span><\/p>\n<p style=\"text-align: justify;\" align=\"justify\"><span style=\"font-size: 14pt;\">Wellington Monteiro e Jo\u00e9lison Oliveira s\u00e3o denunciados como os apontadores que abasteciam o grupo com informa\u00e7\u00f5es das v\u00edtimas e deram cobertura na execu\u00e7\u00e3o;<\/span><\/p>\n<p style=\"text-align: justify;\" align=\"justify\"><span style=\"font-size: 14pt;\">J\u00e1 na morte do educador f\u00edsico Luan Douglas, executado dentro de casa, o cabo Junior, conforme o Gecoc, \u00e9 o respons\u00e1vel pela autoria intelectual e teria encomendado o crime por n\u00e3o aceitar o novo relacionamento da ex-namorada;<\/span><\/p>\n<p style=\"text-align: justify;\" align=\"justify\"><span style=\"font-size: 14pt;\">Carlos Eduardo Soares e Francisco Eduardo, os executores, chegaram \u00e1 casa de Luan numa motocicleta e, enquanto cometiam o crime recebiam suporte de Fernando Gomes e Wellington Monteiro que estavam dentro de um carro;<\/span><\/p>\n<p style=\"text-align: justify;\" align=\"justify\"><span style=\"font-size: 14pt;\">O policial Fernando Gomes j\u00e1 foi acusado de integrar os &#8220;Ninjas&#8221;, grupo de exterm\u00ednio que atuava na Zona da Mata desde a d\u00e9cada de 1990, mas que teria sido investigado a partir de 2002.<\/span><\/p>\n<p style=\"text-align: justify;\" align=\"justify\"><span style=\"font-size: 14pt;\">Os &#8220;Ninjas&#8221; foram presos pela primeira vez em 2006 e, \u00e1 \u00e9poca, segundo o Minist\u00e9rio P\u00fablico e a pol\u00edcia podiam estar envolvidos em 75 homic\u00eddios registrados somente em Uni\u00e3o dos Palmares.<\/span><\/p>\n<p style=\"text-align: justify;\" align=\"justify\"><span style=\"font-size: 14pt;\">&#8220;Desde o limiar das investiga\u00e7\u00f4es, as suspeitas da autoria do crime do Luan Douglas reca\u00edram sobre o cabo J\u00fanior&#8221;, afirma a den\u00fancia.<\/span><\/p>\n","protected":false},"excerpt":{"rendered":"<p> [&hellip;]<\/p>\n","protected":false},"author":2,"featured_media":2611,"comment_status":"open","ping_status":"open","sticky":false,"template":"","format":"standard","meta":{"om_disable_all_campaigns":false,"_monsterinsights_skip_tracking":false,"_monsterinsights_sitenote_active":false,"_monsterinsights_sitenote_note":"","_monsterinsights_sitenote_category":0,"_uf_show_specific_survey":0,"_uf_disable_surveys":false,"footnotes":""},"categories":[23],"tags":[],"class_list":["post-7891","post","type-post","status-publish","format-standard","has-post-thumbnail","hentry","category-not_gaeco"],"aioseo_notices":[],"_links":{"self":[{"href":"https:\/\/www.mpal.mp.br\/index.php?rest_route=\/wp\/v2\/posts\/7891","targetHints":{"allow":["GET"]}}],"collection":[{"href":"https:\/\/www.mpal.mp.br\/index.php?rest_route=\/wp\/v2\/posts"}],"about":[{"href":"https:\/\/www.mpal.mp.br\/index.php?rest_route=\/wp\/v2\/types\/post"}],"author":[{"embeddable":true,"href":"https:\/\/www.mpal.mp.br\/index.php?rest_route=\/wp\/v2\/users\/2"}],"replies":[{"embeddable":true,"href":"https:\/\/www.mpal.mp.br\/index.php?rest_route=%2Fwp%2Fv2%2Fcomments&post=7891"}],"version-history":[{"count":2,"href":"https:\/\/www.mpal.mp.br\/index.php?rest_route=\/wp\/v2\/posts\/7891\/revisions"}],"predecessor-version":[{"id":7893,"href":"https:\/\/www.mpal.mp.br\/index.php?rest_route=\/wp\/v2\/posts\/7891\/revisions\/7893"}],"wp:featuredmedia":[{"embeddable":true,"href":"https:\/\/www.mpal.mp.br\/index.php?rest_route=\/wp\/v2\/media\/2611"}],"wp:attachment":[{"href":"https:\/\/www.mpal.mp.br\/index.php?rest_route=%2Fwp%2Fv2%2Fmedia&parent=7891"}],"wp:term":[{"taxonomy":"category","embeddable":true,"href":"https:\/\/www.mpal.mp.br\/index.php?rest_route=%2Fwp%2Fv2%2Fcategories&post=7891"},{"taxonomy":"post_tag","embeddable":true,"href":"https:\/\/www.mpal.mp.br\/index.php?rest_route=%2Fwp%2Fv2%2Ftags&post=7891"}],"curies":[{"name":"wp","href":"https:\/\/api.w.org\/{rel}","templated":true}]}}