{"id":7881,"date":"2018-12-09T10:44:09","date_gmt":"2018-12-09T12:44:09","guid":{"rendered":"https:\/\/www.mpal.mp.br\/?p=7881"},"modified":"2022-06-02T10:46:10","modified_gmt":"2022-06-02T13:46:10","slug":"nota-oficial","status":"publish","type":"post","link":"https:\/\/www.mpal.mp.br\/?p=7881","title":{"rendered":"Nota Oficial"},"content":{"rendered":"<p style=\"text-align: justify;\"><span style=\"font-size: 14pt;\">Indignados com a aud\u00e1cia de criminosos que amea\u00e7aram, em raz\u00e3o do cumprimento de sua fun\u00e7\u00e3o, retaliar o honrado e destemido promotor de justi\u00e7a Lincoln Gakiya, que integra os quadros do Minist\u00e9rio P\u00fablico de S\u00e3o Paulo, os membros do Grupo Nacional de Combate \u00e0s Organiza\u00e7\u00f5es Criminosas (GNCOC) v\u00eam prestar total e irrestrito apoio ao valoroso colega.<\/span><\/p>\n<p style=\"text-align: justify;\"><span style=\"font-size: 14pt;\">Nos dias atuais, \u00e9 inconceb\u00edvel componentes de organiza\u00e7\u00f5es criminosas fazerem frente ao Estado brasileiro, com demonstra\u00e7\u00e3o de t\u00e1ticas terroristas, sem que haja uma dura e imediata resposta das institui\u00e7\u00f5es. A transfer\u00eancia imediata desses fac\u00ednoras para um pres\u00eddio de seguran\u00e7a m\u00e1xima em regime de RDD (Regime Disciplinar Diferenciado) \u00e9 medida urgente e necess\u00e1ria. Que este grav\u00edssimo caso sirva de par\u00e2metro para mudan\u00e7as imediatas da legisla\u00e7\u00e3o, de modo que haja o endurecimento das penas e dos regimes.<\/span><\/p>\n<p style=\"text-align: justify;\"><span style=\"font-size: 14pt;\">O Brasil, por meio de seus poderes e institui\u00e7\u00f5es, tem a obriga\u00e7\u00e3o de zelar e preservar a vida desse aguerrido membro do Minist\u00e9rio P\u00fablico brasileiro, e mais ainda, tem o compromisso de velar pela soberania nacional, subjugando de forma clara e eficiente esses bandidos faccionados.<\/span><\/p>\n<p style=\"text-align: justify;\"><span style=\"font-size: 14pt;\">Centenas de promotores e procuradores do Minist\u00e9rio P\u00fablico, componentes do GNCOC, irmanados com o colega amea\u00e7ado, requerem a IMEDIATA transfer\u00eancia dos l\u00edderes criminosos, arquitetos desse plano covarde, para um pres\u00eddio federal.<\/span><\/p>\n<p style=\"text-align: justify;\"><span style=\"font-size: 14pt;\">Chega! A ousadia desses bandidos precisa ter um fim, e o Estado tem que ser maior e resolutivo.<\/span><\/p>\n<p style=\"text-align: justify;\"><span style=\"font-size: 14pt;\">Juntos estamos, juntos permaneceremos, juntos continuaremos a combater a criminalidade, venha ela de onde vier. E saibam, cada amea\u00e7a se tornar\u00e1 uma mola propulsora da concretiza\u00e7\u00e3o dos nossos ideais de justi\u00e7a.<\/span><\/p>\n<p style=\"text-align: justify;\"><span style=\"font-size: 14pt;\">A esses criminosos covardes, um recado: mexeu com um, atingiu a todos. Transfer\u00eancia j\u00e1.<\/span><\/p>\n<p style=\"text-align: center;\"><span style=\"font-size: 14pt;\"><strong>ALFREDO GASPAR DE MENDON\u00c7A NETO<\/strong><\/span><\/p>\n<p style=\"text-align: center;\"><span style=\"font-size: 14pt;\">Procurador-geral de justi\u00e7a de Alagoas<\/span><\/p>\n<p style=\"text-align: center;\"><span style=\"font-size: 14pt;\">Presidente do GNCOC<\/span><\/p>\n","protected":false},"excerpt":{"rendered":"<p> [&hellip;]<\/p>\n","protected":false},"author":2,"featured_media":2611,"comment_status":"open","ping_status":"open","sticky":false,"template":"","format":"standard","meta":{"om_disable_all_campaigns":false,"_monsterinsights_skip_tracking":false,"_monsterinsights_sitenote_active":false,"_monsterinsights_sitenote_note":"","_monsterinsights_sitenote_category":0,"_uf_show_specific_survey":0,"_uf_disable_surveys":false,"footnotes":""},"categories":[23],"tags":[],"class_list":["post-7881","post","type-post","status-publish","format-standard","has-post-thumbnail","hentry","category-not_gaeco"],"aioseo_notices":[],"_links":{"self":[{"href":"https:\/\/www.mpal.mp.br\/index.php?rest_route=\/wp\/v2\/posts\/7881","targetHints":{"allow":["GET"]}}],"collection":[{"href":"https:\/\/www.mpal.mp.br\/index.php?rest_route=\/wp\/v2\/posts"}],"about":[{"href":"https:\/\/www.mpal.mp.br\/index.php?rest_route=\/wp\/v2\/types\/post"}],"author":[{"embeddable":true,"href":"https:\/\/www.mpal.mp.br\/index.php?rest_route=\/wp\/v2\/users\/2"}],"replies":[{"embeddable":true,"href":"https:\/\/www.mpal.mp.br\/index.php?rest_route=%2Fwp%2Fv2%2Fcomments&post=7881"}],"version-history":[{"count":2,"href":"https:\/\/www.mpal.mp.br\/index.php?rest_route=\/wp\/v2\/posts\/7881\/revisions"}],"predecessor-version":[{"id":7883,"href":"https:\/\/www.mpal.mp.br\/index.php?rest_route=\/wp\/v2\/posts\/7881\/revisions\/7883"}],"wp:featuredmedia":[{"embeddable":true,"href":"https:\/\/www.mpal.mp.br\/index.php?rest_route=\/wp\/v2\/media\/2611"}],"wp:attachment":[{"href":"https:\/\/www.mpal.mp.br\/index.php?rest_route=%2Fwp%2Fv2%2Fmedia&parent=7881"}],"wp:term":[{"taxonomy":"category","embeddable":true,"href":"https:\/\/www.mpal.mp.br\/index.php?rest_route=%2Fwp%2Fv2%2Fcategories&post=7881"},{"taxonomy":"post_tag","embeddable":true,"href":"https:\/\/www.mpal.mp.br\/index.php?rest_route=%2Fwp%2Fv2%2Ftags&post=7881"}],"curies":[{"name":"wp","href":"https:\/\/api.w.org\/{rel}","templated":true}]}}