{"id":7878,"date":"2018-12-13T10:42:56","date_gmt":"2018-12-13T12:42:56","guid":{"rendered":"https:\/\/www.mpal.mp.br\/?p=7878"},"modified":"2022-06-02T10:43:28","modified_gmt":"2022-06-02T13:43:28","slug":"operacao-perfidia-fase-2-gaesf-cumpre-nove-mandados-de-busca-e-apreensao-em-alagoas-e-pernambuco-2","status":"publish","type":"post","link":"https:\/\/www.mpal.mp.br\/?p=7878","title":{"rendered":"Opera\u00e7\u00e3o Perf\u00eddia fase 2: Gaesf cumpre nove mandados de busca e apreens\u00e3o em Alagoas e Pernambuco"},"content":{"rendered":"<p style=\"text-align: justify;\"><span style=\"font-size: 14pt;\">O Grupo de Atua\u00e7\u00e3o Especial em Sonega\u00e7\u00e3o Fiscal e Lavagem de Bens (Gaesf) do Minist\u00e9rio P\u00fablico Estadual de Alagoas (MPE\/AL), desencadeou, na manh\u00e3 desta quinta-feira (13), a segunda fase da \u201cOpera\u00e7\u00e3o Perf\u00eddia\u201d, que continua com o objetivo de desarticular uma organiza\u00e7\u00e3o criminosa (Orcrim) especializada nos crimes de fraude \u00e0 licita\u00e7\u00f5es, falsidade ideol\u00f3gica, simula\u00e7\u00e3o de opera\u00e7\u00f5es tribut\u00e1rias e lavagem de bens. Foram cumpridos nove mandados de busca e apreens\u00e3o nos estados de Alagoas e Pernambuco.<\/span><\/p>\n<p style=\"text-align: justify;\"><span style=\"font-size: 14pt;\">A opera\u00e7\u00e3o foi deflagrada nos munic\u00edpios de Macei\u00f3 (AL), Garanhus e Caet\u00e9s (PE), por volta das 6h da manh\u00e3. Aqui na capital, foram cumpridos sete mandados de busca e apreens\u00e3o em resid\u00eancias e empresas. J\u00e1 no interior de Pernambuco, deu-se cumprimento \u00e0s outras duas medidas cautelares, todas expedidas pela 17\u00aa Vara Criminal da Capital.<\/span><\/p>\n<p style=\"text-align: justify;\"><span style=\"font-size: 14pt;\">De acordo com o coordenador do Gaesf, promotor de justi\u00e7a Cyro Blatter, essa segunda fase da \u201cPerf\u00eddia\u201d acontece para dar continuidade \u00e0s investiga\u00e7\u00f5es iniciadas em julho \u00faltimo contra a Orcrim comandada pelo empres\u00e1rio Victor Pontes de Mendon\u00e7a Melo, acusado de ter fraudado licita\u00e7\u00f5es que geraram um preju\u00edzo de mais de R$ 12 milh\u00f5es aos cofres do tesouro estadual.<\/span><\/p>\n<p style=\"text-align: justify;\"><span style=\"font-size: 14pt;\">\u201cQueremos coletar e aprofundar provas referentes as a\u00e7\u00f5es il\u00edcitas perpetradas pela organiza\u00e7\u00e3o criminosa chefiada por Victor Pontes e que acarretaram preju\u00edzos de milh\u00f5es de reais ao er\u00e1rio p\u00fablico, recursos que s\u00e3o de propriedade do povo alagoano\u201d, argumentou Blatter.<\/span><\/p>\n<p style=\"text-align: justify;\"><span style=\"font-size: 14pt;\">O promotor de justi\u00e7a Kleber Valadares, tamb\u00e9m integrante do Gaesf, informou que, em Garanhuns e Caet\u00e9s, houve mandados porque, l\u00e1, um empres\u00e1rio se envolveu em reiterados pagamentos de propina com a pessoa de Victor Pontes. \u201cRecolhemos documentos tanto na casa, quanto na empresa do senhor Fl\u00e1vio Hugo Ferreira de Moraes. Tudo ser\u00e1 analisado minuciosamente pelo Gaesf. Queremos saber qual o grau de envolvimento dele com os esquemas ilegais montados pelo Victor Pontes\u201d, explicou ele.<\/span><\/p>\n<p style=\"text-align: justify;\"><span style=\"font-size: 14pt;\"><strong>Primeira fase da Perf\u00eddia<\/strong><\/span><\/p>\n<p style=\"text-align: justify;\"><span style=\"font-size: 14pt;\">Em setembro deste ano, o Gaesf deflagrou a 1a fase da \u201cOpera\u00e7\u00e3o Perf\u00eddia\u201d, que cumpriu dois mandados de pris\u00e3o preventiva e 22 de busca e apreens\u00e3o nos munic\u00edpios de Macei\u00f3, Arapiraca, Coqueiro Seco e Satuba.<\/span><br \/>\n<span style=\"font-size: 14pt;\">Na ocasi\u00e3o, o Gaesf informou que a organiza\u00e7\u00e3o criminosa liderada por Victor Pontes era composta por pelo menos 11 pessoas f\u00edsicas. Parte delas era considerada \u201ctesta-de-ferro\u201d e \u201claranja\u201d. Al\u00e9m disso, o esquema tamb\u00e9m envolvia 17 empresas, com todas atuando de maneira fraudulenta contra o fisco de Alagoas.<\/span><\/p>\n<p style=\"text-align: justify;\"><span style=\"font-size: 14pt;\">A 1a fase resultou na apreens\u00e3o de computadores, cheques, aparelhos celulares, documentos como contratos e licita\u00e7\u00f5es e de 10 ve\u00edculos de passeio &#8211; com quatro pertencentes a Vitor Pontes -, um caminh\u00e3o e uma Fiorino &#8211; tamb\u00e9m de propriedade do principal acusado -, al\u00e9m de tr\u00eas motocicletas.<\/span><\/p>\n<p style=\"text-align: justify;\"><span style=\"font-size: 14pt;\">\u201cAquela primeira fase resultou num inqu\u00e9rito que j\u00e1 foi conclu\u00eddo. O resultado foi o indiciamento de alguns indiv\u00edduos pelos crimes de fraude \u00e0 licita\u00e7\u00e3o, lavagem de dinheiro e organiza\u00e7\u00e3o criminosa, dentre outros, envolvendo gestores do munic\u00edpio de Passo de Camaragibe e empres\u00e1rios. Inclusive, a pris\u00e3o do Victor Pontes se deu em raz\u00e3o disso. Agora, a segunda fase tem a inten\u00e7\u00e3o de recolher novos elementos de prova para subsidiar a pr\u00f3xima a\u00e7\u00e3o penal que ser\u00e1 proposta pelo Minist\u00e9rio P\u00fablico\u201d, detalhou o delegado Filipe Caldas.<\/span><\/p>\n<p style=\"text-align: justify;\"><span style=\"font-size: 14pt;\"><strong>O significado de \u201cPerf\u00eddia\u201d<\/strong><\/span><\/p>\n<p style=\"text-align: justify;\"><span style=\"font-size: 14pt;\">Segundo o Gaesf, o nome da \u201cPerf\u00eddia\u201d foi escolhido para a opera\u00e7\u00e3o porque ele significa \u201caquele ou aqueles que enganam e\/ou s\u00e3o desleais\u201d, o que faz uma alus\u00e3o \u00e0 trai\u00e7\u00e3o para com a coisa p\u00fablica.<\/span><\/p>\n<p style=\"text-align: justify;\"><span style=\"font-size: 14pt;\"><strong>O Gaesf<\/strong><\/span><\/p>\n<p style=\"text-align: justify;\"><span style=\"font-size: 14pt;\">O Gaesf \u00e9 o Grupo de Atua\u00e7\u00e3o Especial de Combate \u00e0 Sonega\u00e7\u00e3o Fiscal e Lavagem de Bens e tem em sua composi\u00e7\u00e3o, al\u00e9m do Minist\u00e9rio P\u00fablico, a Secretaria Estadual da Fazenda, a Procuradoria-Geral do Estado, a Pol\u00edcia Civil e a Pol\u00edcia Militar de Alagoas.<\/span><\/p>\n","protected":false},"excerpt":{"rendered":"<p> [&hellip;]<\/p>\n","protected":false},"author":2,"featured_media":7879,"comment_status":"open","ping_status":"open","sticky":false,"template":"","format":"standard","meta":{"om_disable_all_campaigns":false,"_monsterinsights_skip_tracking":false,"_monsterinsights_sitenote_active":false,"_monsterinsights_sitenote_note":"","_monsterinsights_sitenote_category":0,"_uf_show_specific_survey":0,"_uf_disable_surveys":false,"footnotes":""},"categories":[23],"tags":[],"class_list":["post-7878","post","type-post","status-publish","format-standard","has-post-thumbnail","hentry","category-not_gaeco"],"aioseo_notices":[],"_links":{"self":[{"href":"https:\/\/www.mpal.mp.br\/index.php?rest_route=\/wp\/v2\/posts\/7878","targetHints":{"allow":["GET"]}}],"collection":[{"href":"https:\/\/www.mpal.mp.br\/index.php?rest_route=\/wp\/v2\/posts"}],"about":[{"href":"https:\/\/www.mpal.mp.br\/index.php?rest_route=\/wp\/v2\/types\/post"}],"author":[{"embeddable":true,"href":"https:\/\/www.mpal.mp.br\/index.php?rest_route=\/wp\/v2\/users\/2"}],"replies":[{"embeddable":true,"href":"https:\/\/www.mpal.mp.br\/index.php?rest_route=%2Fwp%2Fv2%2Fcomments&post=7878"}],"version-history":[{"count":1,"href":"https:\/\/www.mpal.mp.br\/index.php?rest_route=\/wp\/v2\/posts\/7878\/revisions"}],"predecessor-version":[{"id":7880,"href":"https:\/\/www.mpal.mp.br\/index.php?rest_route=\/wp\/v2\/posts\/7878\/revisions\/7880"}],"wp:featuredmedia":[{"embeddable":true,"href":"https:\/\/www.mpal.mp.br\/index.php?rest_route=\/wp\/v2\/media\/7879"}],"wp:attachment":[{"href":"https:\/\/www.mpal.mp.br\/index.php?rest_route=%2Fwp%2Fv2%2Fmedia&parent=7878"}],"wp:term":[{"taxonomy":"category","embeddable":true,"href":"https:\/\/www.mpal.mp.br\/index.php?rest_route=%2Fwp%2Fv2%2Fcategories&post=7878"},{"taxonomy":"post_tag","embeddable":true,"href":"https:\/\/www.mpal.mp.br\/index.php?rest_route=%2Fwp%2Fv2%2Ftags&post=7878"}],"curies":[{"name":"wp","href":"https:\/\/api.w.org\/{rel}","templated":true}]}}