{"id":7875,"date":"2013-05-17T10:37:37","date_gmt":"2013-05-17T13:37:37","guid":{"rendered":"https:\/\/www.mpal.mp.br\/?p=7875"},"modified":"2022-06-02T10:38:24","modified_gmt":"2022-06-02T13:38:24","slug":"mpe-da-inicio-a-4a-etapa-do-concurso-para-promotor-de-justica-do-estado-de-alagoas","status":"publish","type":"post","link":"https:\/\/www.mpal.mp.br\/?p=7875","title":{"rendered":"MPE d\u00e1 in\u00edcio \u00e0 4\u00aa etapa do concurso para promotor de Justi\u00e7a do estado de Alagoas"},"content":{"rendered":"<p class=\"western\" style=\"text-align: justify;\"><span style=\"font-size: 14pt;\">O Minist\u00e9rio P\u00fablico do Estado de Alagoas (MPE) deu in\u00edcio, nesta sexta-feira (17), \u00e0 4\u00aa etapa do concurso para promotor de Justi\u00e7a do Estado de Alagoas. Para a prova oral, que segue at\u00e9 o dia 20, foram convocados 148 candidatos, todos j\u00e1 submetidos ao exame psicot\u00e9cnico e \u00e0 fase de entrevistas, que ocorreram no \u00faltimo m\u00eas de abril. O procedimento ser\u00e1 coordenado pelo procurador-geral de Justi\u00e7a, S\u00e9rgio Juc\u00e1, que tamb\u00e9m preside a comiss\u00e3o organizadora do concurso. Quatro professores da Funda\u00e7\u00e3o Carlos Chagas vieram ao estado para compor banca.<\/span><\/p>\n<p style=\"text-align: justify;\"><span style=\"font-size: 14pt;\">A prova oral est\u00e1 sendo gravada em sistema de \u00e1udio, identificada e, em seguida, armazenada para posterior reprodu\u00e7\u00e3o. O MPE informa que n\u00e3o ser\u00e1 fornecida, em hip\u00f3tese alguma, c\u00f3pia e\/ou transcri\u00e7\u00e3o do conte\u00fado da m\u00eddia, cujos arquivos ficar\u00e3o, exclusivamente, sob a posse da institui\u00e7\u00e3o.<\/span><\/p>\n<p style=\"text-align: justify;\"><span style=\"font-size: 14pt;\"><strong>Normas<\/strong><\/span><\/p>\n<p style=\"text-align: justify;\"><span style=\"font-size: 14pt;\">Os 148 postulantes ao cargo de promotor de Justi\u00e7a foram divididos em grupos de seis ou sete pessoas para se submeterem \u00e0 avalia\u00e7\u00e3o sempre no endere\u00e7o da sede do MPE, situado na Rua Doutor Pedro Jorge Melo e Silva, n\u00b0 79, 5\u00b0 andar, sala 001, bairro do Po\u00e7o.<\/span><\/p>\n<p style=\"text-align: justify;\"><span style=\"font-size: 14pt;\">De acordo com o referido edital, \u00e9 proibido portar ou utilizar quaisquer aparelhos eletro\/eletr\u00f4nicos, inclusive celulares, calculadoras, m\u00e1quinas fotogr\u00e1ficas, gravadores e filmadoras. Tais objetos dever\u00e3o ser acondicionados em embalagem espec\u00edfica a ser fornecida pela Funda\u00e7\u00e3o Carlos Chagas, entidade respons\u00e1vel pelo certame.<\/span><\/p>\n<p style=\"text-align: justify;\"><span style=\"font-size: 14pt;\"><strong>A identifica\u00e7\u00e3o do candidato<\/strong><\/span><\/p>\n<p style=\"text-align: justify;\"><span style=\"font-size: 14pt;\">Somente ser\u00e1 admitido \u00e0 prova oral o candidato que estiver portando documento de identidade original. E, com o objetivo de garantir a lisura e a idoneidade do concurso p\u00fablico, ser\u00e1 solicitada, quando da aplica\u00e7\u00e3o da avalia\u00e7\u00e3o, a autentica\u00e7\u00e3o digital na folha de identifica\u00e7\u00e3o personalizada. Se, por qualquer motivo, n\u00e3o for poss\u00edvel essa forma de identifica\u00e7\u00e3o, o candidato dever\u00e1 por sua assinatura, em campo espec\u00edfico, por tr\u00eas vezes.<\/span><\/p>\n<p style=\"text-align: justify;\"><span style=\"font-size: 14pt;\">Ser\u00e1 eliminado do concurso o candidato que n\u00e3o comparecer no local, dia e hor\u00e1rio indicados. O resultado da prova oral ser\u00e1 publicado em Di\u00e1rio Oficial.<\/span><\/p>\n<p style=\"text-align: justify;\"><span style=\"font-size: 14pt;\"><strong>O concurso<\/strong><\/span><\/p>\n<p style=\"text-align: justify;\"><span style=\"font-size: 14pt;\">O certame para o preenchimento de 28 vagas para a Procuradoria-Geral de Justi\u00e7a do Estado de Alagoas teve in\u00edcio ainda em 2011, passou por duas etapas no ano passado e, agora em 2013, os novos membros do MPE dever\u00e3o ser nomeados e, posteriormente, empossados no cargo.<\/span><\/p>\n<p style=\"text-align: justify;\"><span style=\"font-size: 14pt;\">O concurso exige n\u00edvel superior em Direito, em institui\u00e7\u00e3o reconhecida pelo Minist\u00e9rio da Educa\u00e7\u00e3o, al\u00e9m de comprova\u00e7\u00e3o de, no m\u00ednimo, tr\u00eas anos de atividade jur\u00eddica. A organiza\u00e7\u00e3o do certame est\u00e1 a cargo da Funda\u00e7\u00e3o Carlos Chagas e o sal\u00e1rio inicial ser\u00e1 de R$ 17.581,75. O edital destinou 5% das vagas para pessoas com defici\u00eancia.<\/span><\/p>\n<p style=\"text-align: justify;\"><span style=\"font-size: 14pt;\">As tr\u00eas primeiras etapas do concurso j\u00e1 foram realizadas: prova preambular, de car\u00e1ter eliminat\u00f3rio; prova discursiva, de car\u00e1ter eliminat\u00f3rio e classificat\u00f3ria e a entrevista e o exame psicot\u00e9cnico. As pr\u00f3ximas fases do concurso consistem na prova de tribuna e, por \u00faltimo, a avalia\u00e7\u00e3o de t\u00edtulos.<\/span><\/p>\n<p style=\"text-align: justify;\"><span style=\"font-size: 14pt;\">O concurso ter\u00e1 validade de dois anos a partir da data da homologa\u00e7\u00e3o do resultado final, podendo ser prorrogado uma vez por igual per\u00edodo, a crit\u00e9rio da Procuradoria Geral de Justi\u00e7a.<\/span><\/p>\n","protected":false},"excerpt":{"rendered":"<p> [&hellip;]<\/p>\n","protected":false},"author":2,"featured_media":7876,"comment_status":"open","ping_status":"open","sticky":false,"template":"","format":"standard","meta":{"om_disable_all_campaigns":false,"_monsterinsights_skip_tracking":false,"_monsterinsights_sitenote_active":false,"_monsterinsights_sitenote_note":"","_monsterinsights_sitenote_category":0,"_uf_show_specific_survey":0,"_uf_disable_surveys":false,"footnotes":""},"categories":[18],"tags":[],"class_list":["post-7875","post","type-post","status-publish","format-standard","has-post-thumbnail","hentry","category-not_concursos"],"aioseo_notices":[],"_links":{"self":[{"href":"https:\/\/www.mpal.mp.br\/index.php?rest_route=\/wp\/v2\/posts\/7875","targetHints":{"allow":["GET"]}}],"collection":[{"href":"https:\/\/www.mpal.mp.br\/index.php?rest_route=\/wp\/v2\/posts"}],"about":[{"href":"https:\/\/www.mpal.mp.br\/index.php?rest_route=\/wp\/v2\/types\/post"}],"author":[{"embeddable":true,"href":"https:\/\/www.mpal.mp.br\/index.php?rest_route=\/wp\/v2\/users\/2"}],"replies":[{"embeddable":true,"href":"https:\/\/www.mpal.mp.br\/index.php?rest_route=%2Fwp%2Fv2%2Fcomments&post=7875"}],"version-history":[{"count":1,"href":"https:\/\/www.mpal.mp.br\/index.php?rest_route=\/wp\/v2\/posts\/7875\/revisions"}],"predecessor-version":[{"id":7877,"href":"https:\/\/www.mpal.mp.br\/index.php?rest_route=\/wp\/v2\/posts\/7875\/revisions\/7877"}],"wp:featuredmedia":[{"embeddable":true,"href":"https:\/\/www.mpal.mp.br\/index.php?rest_route=\/wp\/v2\/media\/7876"}],"wp:attachment":[{"href":"https:\/\/www.mpal.mp.br\/index.php?rest_route=%2Fwp%2Fv2%2Fmedia&parent=7875"}],"wp:term":[{"taxonomy":"category","embeddable":true,"href":"https:\/\/www.mpal.mp.br\/index.php?rest_route=%2Fwp%2Fv2%2Fcategories&post=7875"},{"taxonomy":"post_tag","embeddable":true,"href":"https:\/\/www.mpal.mp.br\/index.php?rest_route=%2Fwp%2Fv2%2Ftags&post=7875"}],"curies":[{"name":"wp","href":"https:\/\/api.w.org\/{rel}","templated":true}]}}