{"id":7873,"date":"2013-06-05T10:36:23","date_gmt":"2013-06-05T13:36:23","guid":{"rendered":"https:\/\/www.mpal.mp.br\/?p=7873"},"modified":"2022-06-02T10:37:03","modified_gmt":"2022-06-02T13:37:03","slug":"mpe-divulga-resultado-da-prova-oral-para-concurso-de-promotor-de-justica","status":"publish","type":"post","link":"https:\/\/www.mpal.mp.br\/?p=7873","title":{"rendered":"MPE divulga resultado da prova oral para concurso de promotor de Justi\u00e7a"},"content":{"rendered":"<p style=\"text-align: justify;\"><span style=\"font-size: 14pt;\">O Minist\u00e9rio P\u00fablico Estadual de Alagoas divulgou, nesta quarta-feira (05), os nomes dos 127 candidatos aprovados na prova oral do concurso para promotor de Justi\u00e7a do Estado de Alagoas. A lista completa foi publicada no Di\u00e1rio Eletr\u00f4nico Oficial do Estado de hoje. A rela\u00e7\u00e3o tamb\u00e9m est\u00e1 dispon\u00edvel no s\u00edtio eletr\u00f4nico do MPE, na sec\u00e7\u00e3o &#8216;D\u00e1rio Oficial&#8217;. O certame est\u00e1 sendo coordenado pelo procurador-geral de Justi\u00e7a, S\u00e9rgio Juc\u00e1, que tamb\u00e9m preside a comiss\u00e3o organizadora do concurso.<\/span><\/p>\n<p style=\"text-align: justify;\"><span style=\"font-size: 14pt;\">O exame oral &#8211; no qual os participantes tiveram que expressar uma ideia ou um conhecimento \u00e0 banca examinadora -, foi realizado entre os dias 17 e 20 de maio \u00faltimo e as vagas a serem preenchidas s\u00e3o para o cargo de promotor de Justi\u00e7a de 1\u00aa entr\u00e2ncia, de acordo com o Edital de Abertura de Inscri\u00e7\u00f5es publicado no Di\u00e1rio Oficial do Estado de Alagoas em agosto do ano passado.<\/span><\/p>\n<p style=\"text-align: justify;\"><span style=\"font-size: 14pt;\">A rela\u00e7\u00e3o nominal dos candidatos habilitados foi tornada p\u00fablica em ordem alfab\u00e9tica. E, para a pr\u00f3xima fase, 127 candidatos, incluindo, claro, os dois aprovados nas vagas para pessoa com defici\u00eancia, v\u00e3o se submeter a prova de tribuna e, por fim, a avalia\u00e7\u00e3o de t\u00edtulos.<\/span><\/p>\n<p style=\"text-align: justify;\"><span style=\"font-size: 14pt;\"><strong>Os recursos<\/strong><\/span><\/p>\n<p style=\"text-align: justify;\"><span style=\"font-size: 14pt;\">A Comiss\u00e3o do Concurso informa que est\u00e1 facultado ao candidato requerer, antes da interposi\u00e7\u00e3o de recurso quanto ao resultado das provas prais, a reprodu\u00e7\u00e3o do \u00e1udio de sua avalia\u00e7\u00e3o, devendo faz\u00ea-lo no prazo de dois dias subsequentes a publica\u00e7\u00e3o desta quarta-feira, exclusivamente por meio do site da Funda\u00e7\u00e3o Carlos Chagas<a href=\"https:\/\/farol.mpal.mp.br\/(www.concursosfcc.com.br).\">\u00a0(www.concursosfcc.com.br)<\/a>.<\/span><\/p>\n<p style=\"text-align: justify;\"><span style=\"font-size: 14pt;\">Somente ser\u00e3o apreciados os recursos interpostos \u00e0 Funda\u00e7\u00e3o Carlos Chagas, conforme disposto no item 4 do Cap\u00edtulo XVII do Edital de Abertura de Inscri\u00e7\u00f5es N\u00ba 2\/2012.<\/span><\/p>\n<p style=\"text-align: justify;\"><span style=\"font-size: 14pt;\">Os recursos decorrentes desta 4\u00aa etapa dever\u00e3o ser interpostos no prazo de dois dias \u00fateis ap\u00f3s \u00e0 reprodu\u00e7\u00e3o do \u00e1udio, a ser realizada na sede do Minist\u00e9rio P\u00fablico de Alagoas, localizada na Rua Dr. Pedro Jorge e Melo, n\u00ba 79, 5\u00aa andar \u2013 Sala da Comiss\u00e3o do Concurso, bairro do Po\u00e7o, em Macei\u00f3, em data e hor\u00e1rio que ser\u00e3o anunciados em edital de convoca\u00e7\u00e3o para a audi\u00e7\u00e3o da prova oral.<\/span><\/p>\n<p style=\"text-align: justify;\"><span style=\"font-size: 14pt;\">S\u00f3 ap\u00f3s esses procedimentos, em novo edital, o Minist\u00e9rio P\u00fablico vai informar a data da prova de tribuna.<\/span><\/p>\n<p style=\"text-align: justify;\"><span style=\"font-size: 14pt;\"><strong>O concurso<\/strong><\/span><\/p>\n<p style=\"text-align: justify;\"><span style=\"font-size: 14pt;\">O certame para o preenchimento de 28 vagas para a Procuradoria-Geral de Justi\u00e7a do Estado de Alagoas teve in\u00edcio ainda em 2011, passou por duas etapas no ano passado e, agora em 2013, os novos membros do MPE dever\u00e3o ser nomeados e, posteriormente, empossados no cargo.<\/span><\/p>\n<p style=\"text-align: justify;\"><span style=\"font-size: 14pt;\">O concurso exige n\u00edvel superior em Direito, em institui\u00e7\u00e3o reconhecida pelo Minist\u00e9rio da Educa\u00e7\u00e3o, al\u00e9m de comprova\u00e7\u00e3o de, no m\u00ednimo, tr\u00eas anos de atividade jur\u00eddica. A organiza\u00e7\u00e3o do certame est\u00e1 a cargo da Funda\u00e7\u00e3o Carlos Chagas e o sal\u00e1rio inicial ser\u00e1 de R$ 17.581,75. O edital destinou 5% das vagas para pessoas com defici\u00eancia.<\/span><\/p>\n<p style=\"text-align: justify;\"><span style=\"font-size: 14pt;\">As quatro primeiras etapas do concurso j\u00e1 foram realizadas: prova preambular, de car\u00e1ter eliminat\u00f3rio; prova discursiva, de car\u00e1ter eliminat\u00f3rio e classificat\u00f3ria; a entrevista e o exame psicot\u00e9cnico e, por \u00faltimo, a prova oral. As pr\u00f3ximas fases consistem na prova de tribuna e, por \u00faltimo, a avalia\u00e7\u00e3o de t\u00edtulos.<\/span><\/p>\n<p style=\"text-align: justify;\"><span style=\"font-size: 14pt;\">O concurso ter\u00e1 validade de dois anos a partir da data da homologa\u00e7\u00e3o do resultado final, podendo ser prorrogado uma vez por igual per\u00edodo, a crit\u00e9rio da Procuradoria Geral de Justi\u00e7a.<\/span><\/p>\n","protected":false},"excerpt":{"rendered":"<p> [&hellip;]<\/p>\n","protected":false},"author":2,"featured_media":3993,"comment_status":"open","ping_status":"open","sticky":false,"template":"","format":"standard","meta":{"om_disable_all_campaigns":false,"_monsterinsights_skip_tracking":false,"_monsterinsights_sitenote_active":false,"_monsterinsights_sitenote_note":"","_monsterinsights_sitenote_category":0,"_uf_show_specific_survey":0,"_uf_disable_surveys":false,"footnotes":""},"categories":[18],"tags":[],"class_list":["post-7873","post","type-post","status-publish","format-standard","has-post-thumbnail","hentry","category-not_concursos"],"aioseo_notices":[],"_links":{"self":[{"href":"https:\/\/www.mpal.mp.br\/index.php?rest_route=\/wp\/v2\/posts\/7873","targetHints":{"allow":["GET"]}}],"collection":[{"href":"https:\/\/www.mpal.mp.br\/index.php?rest_route=\/wp\/v2\/posts"}],"about":[{"href":"https:\/\/www.mpal.mp.br\/index.php?rest_route=\/wp\/v2\/types\/post"}],"author":[{"embeddable":true,"href":"https:\/\/www.mpal.mp.br\/index.php?rest_route=\/wp\/v2\/users\/2"}],"replies":[{"embeddable":true,"href":"https:\/\/www.mpal.mp.br\/index.php?rest_route=%2Fwp%2Fv2%2Fcomments&post=7873"}],"version-history":[{"count":1,"href":"https:\/\/www.mpal.mp.br\/index.php?rest_route=\/wp\/v2\/posts\/7873\/revisions"}],"predecessor-version":[{"id":7874,"href":"https:\/\/www.mpal.mp.br\/index.php?rest_route=\/wp\/v2\/posts\/7873\/revisions\/7874"}],"wp:featuredmedia":[{"embeddable":true,"href":"https:\/\/www.mpal.mp.br\/index.php?rest_route=\/wp\/v2\/media\/3993"}],"wp:attachment":[{"href":"https:\/\/www.mpal.mp.br\/index.php?rest_route=%2Fwp%2Fv2%2Fmedia&parent=7873"}],"wp:term":[{"taxonomy":"category","embeddable":true,"href":"https:\/\/www.mpal.mp.br\/index.php?rest_route=%2Fwp%2Fv2%2Fcategories&post=7873"},{"taxonomy":"post_tag","embeddable":true,"href":"https:\/\/www.mpal.mp.br\/index.php?rest_route=%2Fwp%2Fv2%2Ftags&post=7873"}],"curies":[{"name":"wp","href":"https:\/\/api.w.org\/{rel}","templated":true}]}}