{"id":7871,"date":"2013-08-20T10:35:33","date_gmt":"2013-08-20T13:35:33","guid":{"rendered":"https:\/\/www.mpal.mp.br\/?p=7871"},"modified":"2022-06-02T10:35:44","modified_gmt":"2022-06-02T13:35:44","slug":"mp-al-divulga-resultado-definitivo-da-prova-oral-de-concurso-para-promotor","status":"publish","type":"post","link":"https:\/\/www.mpal.mp.br\/?p=7871","title":{"rendered":"MP\/AL divulga resultado definitivo da prova oral de concurso para promotor"},"content":{"rendered":"<p style=\"text-align: justify;\"><span style=\"font-size: 14pt;\">A Comiss\u00e3o do Concurso para a Ingresso \u00e0 Carreira do Minist\u00e9rio P\u00fablico do Estado de Alagoas (MP\/AL), para provimento de cargos de Promotor de Justi\u00e7a de 1\u00aa Entr\u00e2ncia, julgou improcedentes os recursos contra o resultado da prova oral. Com isso, o resultado publicado no Di\u00e1rio Oficial do Estado (DOE), no dia 5 de junho, tornou-se definitivo. Confira\u00a0<a href=\"https:\/\/farol.mpal.mp.br\/images\/stories\/noticias\/2013\/08_ago\/doe_20_08_2013.pdf\">aqui<\/a>\u00a0o resultado final publicado na edi\u00e7\u00e3o do DOE nesta ter\u00e7a-feira.<\/span><\/p>\n<p class=\"western\" style=\"text-align: justify;\"><span style=\"font-size: 14pt;\">As respostas para cada recurso est\u00e3o dispon\u00edveis no site da Funda\u00e7\u00e3o Carlos Chagas pelo prazo de sete dias a contar da publica\u00e7\u00e3o de hoje. Os candidatos habilitados na prova oral ser\u00e3o, oportunamente, convocados para a prova de tribuna e entrega de t\u00edtulos, ap\u00f3s publica\u00e7\u00e3o de edital espec\u00edfico.<\/span><\/p>\n<p class=\"western\" style=\"text-align: justify;\"><span style=\"font-size: 14pt;\"><strong>Exame oral<\/strong><\/span><\/p>\n<p class=\"western\" style=\"text-align: justify;\"><span style=\"font-size: 14pt;\">O exame oral &#8211; no qual os participantes tiveram que expressar uma ideia ou um conhecimento \u00e0 banca examinadora -, foi realizado entre os dias 17 e 20 de maio deste ano e as vagas a serem preenchidas s\u00e3o para o cargo de promotor de Justi\u00e7a de 1\u00aa entr\u00e2ncia, de acordo com o Edital de Abertura de Inscri\u00e7\u00f5es publicado no Di\u00e1rio Oficial do Estado de Alagoas em agosto do ano passado.<\/span><\/p>\n<p class=\"western\" style=\"text-align: justify;\"><span style=\"font-size: 14pt;\">A rela\u00e7\u00e3o nominal dos candidatos habilitados foi tornada p\u00fablica em ordem alfab\u00e9tica. E, para a pr\u00f3xima fase, 127 candidatos, incluindo, claro, os dois aprovados nas vagas para pessoa com defici\u00eancia, v\u00e3o se submeter a prova de tribuna e, por fim, a avalia\u00e7\u00e3o de t\u00edtulos.<\/span><\/p>\n<p class=\"western\" style=\"text-align: justify;\"><span style=\"font-size: 14pt;\"><strong>O concurso<\/strong><\/span><\/p>\n<p class=\"western\" style=\"text-align: justify;\"><span style=\"font-size: 14pt;\">O certame para o preenchimento de 28 vagas para a Procuradoria-Geral de Justi\u00e7a do Estado de Alagoas teve in\u00edcio ainda em 2011, passou por duas etapas no ano passado e, agora em 2013, os novos membros do MPE dever\u00e3o ser nomeados e, posteriormente, empossados no cargo.<\/span><\/p>\n<p class=\"western\" style=\"text-align: justify;\"><span style=\"font-size: 14pt;\">O concurso exige n\u00edvel superior em Direito, em institui\u00e7\u00e3o reconhecida pelo Minist\u00e9rio da Educa\u00e7\u00e3o, al\u00e9m de comprova\u00e7\u00e3o de, no m\u00ednimo, tr\u00eas anos de atividade jur\u00eddica. A organiza\u00e7\u00e3o do certame est\u00e1 a cargo da Funda\u00e7\u00e3o Carlos Chagas e o sal\u00e1rio inicial ser\u00e1 de R$ 17.581,75. O edital destinou 5% das vagas para pessoas com defici\u00eancia.<\/span><\/p>\n<p class=\"western\" style=\"text-align: justify;\"><span style=\"font-size: 14pt;\">As quatro primeiras etapas do concurso j\u00e1 foram realizadas: prova preambular, de car\u00e1ter eliminat\u00f3rio; prova discursiva, de car\u00e1ter eliminat\u00f3rio e classificat\u00f3ria; a entrevista e o exame psicot\u00e9cnico e, por \u00faltimo, a prova oral. As pr\u00f3ximas fases consistem na prova de tribuna e, por \u00faltimo, a avalia\u00e7\u00e3o de t\u00edtulos.<\/span><\/p>\n<p class=\"western\" style=\"text-align: justify;\"><span style=\"font-size: 14pt;\">O concurso ter\u00e1 validade de dois anos a partir da data da homologa\u00e7\u00e3o do resultado final, podendo ser prorrogado uma vez por igual per\u00edodo, a crit\u00e9rio da Procuradoria Geral de Justi\u00e7a.<\/span><\/p>\n<p class=\"western\" style=\"text-align: justify;\">\n","protected":false},"excerpt":{"rendered":"<p> [&hellip;]<\/p>\n","protected":false},"author":2,"featured_media":3993,"comment_status":"open","ping_status":"open","sticky":false,"template":"","format":"standard","meta":{"om_disable_all_campaigns":false,"_monsterinsights_skip_tracking":false,"_monsterinsights_sitenote_active":false,"_monsterinsights_sitenote_note":"","_monsterinsights_sitenote_category":0,"_uf_show_specific_survey":0,"_uf_disable_surveys":false,"footnotes":""},"categories":[18],"tags":[],"class_list":["post-7871","post","type-post","status-publish","format-standard","has-post-thumbnail","hentry","category-not_concursos"],"aioseo_notices":[],"_links":{"self":[{"href":"https:\/\/www.mpal.mp.br\/index.php?rest_route=\/wp\/v2\/posts\/7871","targetHints":{"allow":["GET"]}}],"collection":[{"href":"https:\/\/www.mpal.mp.br\/index.php?rest_route=\/wp\/v2\/posts"}],"about":[{"href":"https:\/\/www.mpal.mp.br\/index.php?rest_route=\/wp\/v2\/types\/post"}],"author":[{"embeddable":true,"href":"https:\/\/www.mpal.mp.br\/index.php?rest_route=\/wp\/v2\/users\/2"}],"replies":[{"embeddable":true,"href":"https:\/\/www.mpal.mp.br\/index.php?rest_route=%2Fwp%2Fv2%2Fcomments&post=7871"}],"version-history":[{"count":1,"href":"https:\/\/www.mpal.mp.br\/index.php?rest_route=\/wp\/v2\/posts\/7871\/revisions"}],"predecessor-version":[{"id":7872,"href":"https:\/\/www.mpal.mp.br\/index.php?rest_route=\/wp\/v2\/posts\/7871\/revisions\/7872"}],"wp:featuredmedia":[{"embeddable":true,"href":"https:\/\/www.mpal.mp.br\/index.php?rest_route=\/wp\/v2\/media\/3993"}],"wp:attachment":[{"href":"https:\/\/www.mpal.mp.br\/index.php?rest_route=%2Fwp%2Fv2%2Fmedia&parent=7871"}],"wp:term":[{"taxonomy":"category","embeddable":true,"href":"https:\/\/www.mpal.mp.br\/index.php?rest_route=%2Fwp%2Fv2%2Fcategories&post=7871"},{"taxonomy":"post_tag","embeddable":true,"href":"https:\/\/www.mpal.mp.br\/index.php?rest_route=%2Fwp%2Fv2%2Ftags&post=7871"}],"curies":[{"name":"wp","href":"https:\/\/api.w.org\/{rel}","templated":true}]}}