{"id":7860,"date":"2012-01-20T10:30:01","date_gmt":"2012-01-20T12:30:01","guid":{"rendered":"https:\/\/www.mpal.mp.br\/?p=7860"},"modified":"2022-06-02T10:30:24","modified_gmt":"2022-06-02T13:30:24","slug":"tudo-pronto-para-aplicacao-de-provas-do-concurso-do-mpe","status":"publish","type":"post","link":"https:\/\/www.mpal.mp.br\/?p=7860","title":{"rendered":"Tudo pronto para aplica\u00e7\u00e3o de provas do Concurso do MPE"},"content":{"rendered":"<p style=\"text-align: justify;\"><span style=\"font-size: 14pt;\">Est\u00e1 tudo pronto para o primeiro dia de provas do concurso do Minist\u00e9rio P\u00fablico Estadual neste domingo (22). Os candidatos aos cargos de n\u00edvel superior fazem provas em Macei\u00f3, Arapiraca, Penedo, Delmiro Gouveia e Uni\u00e3o dos Palmares. J\u00e1 os inscritos para os cargos de n\u00edvel m\u00e9dio far\u00e3o no dia 29 de janeiro. Um esquema especial de seguran\u00e7a tamb\u00e9m foi elaborado para evitar tentativas de fraudes no dia do concurso \u2013 com port\u00f5es sendo fechados \u00e0s 12h40 (no hor\u00e1rio de Alagoas). Todo o processo \u00e9 desenvolvido pela Fundepes\/Ufal.<\/span><\/p>\n<p style=\"text-align: justify;\"><span style=\"font-size: 14pt;\">A remunera\u00e7\u00e3o inicial para os cursos que exigem n\u00edvel superior \u00e9 R$ 3 mil. Para analistas na \u00e1rea jur\u00eddica (17 vagas), exclusivamente, para bachar\u00e9is em Direito. Na \u00e1rea administrativa s\u00e3o ofertadas (11 vagas) para quem concluiu gradua\u00e7\u00e3o em qualquer curso superior, mas tamb\u00e9m h\u00e1 vagas destinadas para formados em Administra\u00e7\u00e3o P\u00fablica, Ci\u00eancias Cont\u00e1beis, Comunica\u00e7\u00e3o Social, Inform\u00e1tica, Direito e Economia. Tamb\u00e9m ser\u00e3o realizadas provas para o preenchimento de cadastros de reserva para os cursos de Biblioteconomia, Inform\u00e1tica, Psicologia e Servi\u00e7o Social. A jornada de trabalho \u00e9 de 40 horas semanais.<\/span><\/p>\n<p style=\"text-align: justify;\"><span style=\"font-size: 14pt;\">As provas contam com 100 quest\u00f5es, sendo 50 de conhecimento b\u00e1sico (Portugu\u00eas, racioc\u00ednio l\u00f3gico, Inform\u00e1tica, Fundamento da Administra\u00e7\u00e3o P\u00fablica e Legisla\u00e7\u00e3o aplicada ao MPE) e outras 50 de conhecimento espec\u00edfico para cada \u00e1rea. O gabarito do n\u00edvel superior ser\u00e1 divulgado no site da Copeve a partir das 21h do dia 24 de janeiro. O n\u00famero de inscritos por vaga tamb\u00e9m est\u00e1 dispon\u00edvel no link abaixo.<\/span><\/p>\n<h4 style=\"text-align: justify;\"><span style=\"font-size: 14pt;\">Convoca\u00e7\u00e3o<\/span><\/h4>\n<p style=\"text-align: justify;\"><span style=\"font-size: 14pt;\">De acordo com o procurador-geral de Justi\u00e7a, Eduardo Tavares, as vagas dispostas no edital ser\u00e3o imediatamente supridas em 2012. Durante a validade do concurso, que ser\u00e1 de 2 anos, prorrog\u00e1vel por igual per\u00edodo, devem surgir muitas outras vagas: hoje h\u00e1 mais de 120 claros, a serem preenchidos nos pr\u00f3ximos anos. A Comiss\u00e3o do Concurso \u00e9 presidida pelo procurador de Justi\u00e7a Afr\u00e2nio Roberto Pereira de Queiroz e conta ainda com os promotores de Justi\u00e7a Humberto Pimentel Costa e Carlos Omena Sim\u00f5es.<\/span><\/p>\n","protected":false},"excerpt":{"rendered":"<p> [&hellip;]<\/p>\n","protected":false},"author":2,"featured_media":7778,"comment_status":"open","ping_status":"open","sticky":false,"template":"","format":"standard","meta":{"om_disable_all_campaigns":false,"_monsterinsights_skip_tracking":false,"_monsterinsights_sitenote_active":false,"_monsterinsights_sitenote_note":"","_monsterinsights_sitenote_category":0,"_uf_show_specific_survey":0,"_uf_disable_surveys":false,"footnotes":""},"categories":[18],"tags":[],"class_list":["post-7860","post","type-post","status-publish","format-standard","has-post-thumbnail","hentry","category-not_concursos"],"aioseo_notices":[],"_links":{"self":[{"href":"https:\/\/www.mpal.mp.br\/index.php?rest_route=\/wp\/v2\/posts\/7860","targetHints":{"allow":["GET"]}}],"collection":[{"href":"https:\/\/www.mpal.mp.br\/index.php?rest_route=\/wp\/v2\/posts"}],"about":[{"href":"https:\/\/www.mpal.mp.br\/index.php?rest_route=\/wp\/v2\/types\/post"}],"author":[{"embeddable":true,"href":"https:\/\/www.mpal.mp.br\/index.php?rest_route=\/wp\/v2\/users\/2"}],"replies":[{"embeddable":true,"href":"https:\/\/www.mpal.mp.br\/index.php?rest_route=%2Fwp%2Fv2%2Fcomments&post=7860"}],"version-history":[{"count":1,"href":"https:\/\/www.mpal.mp.br\/index.php?rest_route=\/wp\/v2\/posts\/7860\/revisions"}],"predecessor-version":[{"id":7861,"href":"https:\/\/www.mpal.mp.br\/index.php?rest_route=\/wp\/v2\/posts\/7860\/revisions\/7861"}],"wp:featuredmedia":[{"embeddable":true,"href":"https:\/\/www.mpal.mp.br\/index.php?rest_route=\/wp\/v2\/media\/7778"}],"wp:attachment":[{"href":"https:\/\/www.mpal.mp.br\/index.php?rest_route=%2Fwp%2Fv2%2Fmedia&parent=7860"}],"wp:term":[{"taxonomy":"category","embeddable":true,"href":"https:\/\/www.mpal.mp.br\/index.php?rest_route=%2Fwp%2Fv2%2Fcategories&post=7860"},{"taxonomy":"post_tag","embeddable":true,"href":"https:\/\/www.mpal.mp.br\/index.php?rest_route=%2Fwp%2Fv2%2Ftags&post=7860"}],"curies":[{"name":"wp","href":"https:\/\/api.w.org\/{rel}","templated":true}]}}