{"id":7858,"date":"2012-03-08T10:27:41","date_gmt":"2012-03-08T13:27:41","guid":{"rendered":"https:\/\/www.mpal.mp.br\/?p=7858"},"modified":"2022-06-02T10:28:01","modified_gmt":"2022-06-02T13:28:01","slug":"mpe-nomeia-10-aprovados-do-concurso-para-servidores","status":"publish","type":"post","link":"https:\/\/www.mpal.mp.br\/?p=7858","title":{"rendered":"MPE nomeia 10 aprovados do concurso para servidores"},"content":{"rendered":"<p style=\"text-align: justify;\"><span style=\"font-size: 14pt;\">A edi\u00e7\u00e3o desta quinta-feira do Di\u00e1rio Oficial do Estado traz os 10 primeiros nomeados do concurso do Minist\u00e9rio P\u00fablico Estadual. O procurador-geral de Justi\u00e7a, Eduardo Tavares, assinou as portarias comemorando o que considerou como uma \u201crenova\u00e7\u00e3o positiva\u201d nos quadros do MPE.<\/span><\/p>\n<p style=\"text-align: justify;\"><span style=\"font-size: 14pt;\">Existe a perspectiva de que at\u00e9 120 cargos sejam preenchidos durante a validade do concurso \u2013 que \u00e9 de dois anos. O pr\u00f3ximo passo agora \u00e9 a realiza\u00e7\u00e3o do concurso para Promotores de Justi\u00e7a, previsto para o segundo semestre. A perspectiva \u00e9 que na pr\u00f3xima semana sejam nomeados mais aprovados. Os sal\u00e1rios s\u00e3o de at\u00e9 R$ 3 mil.<\/span><\/p>\n<p style=\"text-align: justify;\"><span style=\"font-size: 14pt;\">Foram nomeados Juliana Falc\u00e3o Batista dos Santos, Ricky Bert Biglionne Guimar\u00e3es, Ca\u00edque Cavalcante Magalh\u00e3es, Bruno C\u00e9sar Sarmento Rosa Cavalcante, Fl\u00e1vio Ramon da Costa Ara\u00fajo, Fernanda dos Santos Ara\u00fajo, todos para analista da \u00e1rea jur\u00eddica; Lauro Holanda Freitas Ferraz para analista de Gest\u00e3o P\u00fablica; Lelan Queiroz Siqueira para t\u00e9cnico do MP; Joabe Lins da Silva para tecnologia da informa\u00e7\u00e3o e Thiago Pacheco Andrade Pereira para analista de banco de dados. Eles t\u00eam 30 dias para tomar posse nos cargos.<\/span><\/p>\n<p style=\"text-align: justify;\"><span style=\"font-size: 14pt;\">Segundo Tavares, o Plano de Gest\u00e3o Estrat\u00e9gica, consolidado no ano passado, aponta um planejamento estrat\u00e9gico para o Minist\u00e9rio P\u00fablico at\u00e9 o ano de 2022. \u201cEssa nomea\u00e7\u00f5es evidenciam o crescimento da institui\u00e7\u00e3o. S\u00e3o novos profissionais que chegam para somar com os que j\u00e1 dedicam seu trabalho \u00e0 defesa do cidad\u00e3o e do Estado\u201d, afirmou o procurador-geral. Os novos concursados trabalhar\u00e3o nas cidades de Macei\u00f3, Arapiraca, Delmiro Gouveia, Penedo e Uni\u00e3o dos Palmares. Mais de 15 mil candidatos disputaram as vagas no concurso organizado pela Fundepes no m\u00eas de janeiro.<\/span><\/p>\n<p style=\"text-align: justify;\">\n","protected":false},"excerpt":{"rendered":"<p> [&hellip;]<\/p>\n","protected":false},"author":2,"featured_media":3993,"comment_status":"open","ping_status":"open","sticky":false,"template":"","format":"standard","meta":{"om_disable_all_campaigns":false,"_monsterinsights_skip_tracking":false,"_monsterinsights_sitenote_active":false,"_monsterinsights_sitenote_note":"","_monsterinsights_sitenote_category":0,"_uf_show_specific_survey":0,"_uf_disable_surveys":false,"footnotes":""},"categories":[18],"tags":[],"class_list":["post-7858","post","type-post","status-publish","format-standard","has-post-thumbnail","hentry","category-not_concursos"],"aioseo_notices":[],"_links":{"self":[{"href":"https:\/\/www.mpal.mp.br\/index.php?rest_route=\/wp\/v2\/posts\/7858","targetHints":{"allow":["GET"]}}],"collection":[{"href":"https:\/\/www.mpal.mp.br\/index.php?rest_route=\/wp\/v2\/posts"}],"about":[{"href":"https:\/\/www.mpal.mp.br\/index.php?rest_route=\/wp\/v2\/types\/post"}],"author":[{"embeddable":true,"href":"https:\/\/www.mpal.mp.br\/index.php?rest_route=\/wp\/v2\/users\/2"}],"replies":[{"embeddable":true,"href":"https:\/\/www.mpal.mp.br\/index.php?rest_route=%2Fwp%2Fv2%2Fcomments&post=7858"}],"version-history":[{"count":1,"href":"https:\/\/www.mpal.mp.br\/index.php?rest_route=\/wp\/v2\/posts\/7858\/revisions"}],"predecessor-version":[{"id":7859,"href":"https:\/\/www.mpal.mp.br\/index.php?rest_route=\/wp\/v2\/posts\/7858\/revisions\/7859"}],"wp:featuredmedia":[{"embeddable":true,"href":"https:\/\/www.mpal.mp.br\/index.php?rest_route=\/wp\/v2\/media\/3993"}],"wp:attachment":[{"href":"https:\/\/www.mpal.mp.br\/index.php?rest_route=%2Fwp%2Fv2%2Fmedia&parent=7858"}],"wp:term":[{"taxonomy":"category","embeddable":true,"href":"https:\/\/www.mpal.mp.br\/index.php?rest_route=%2Fwp%2Fv2%2Fcategories&post=7858"},{"taxonomy":"post_tag","embeddable":true,"href":"https:\/\/www.mpal.mp.br\/index.php?rest_route=%2Fwp%2Fv2%2Ftags&post=7858"}],"curies":[{"name":"wp","href":"https:\/\/api.w.org\/{rel}","templated":true}]}}