{"id":7847,"date":"2020-06-19T09:55:47","date_gmt":"2020-06-19T12:55:47","guid":{"rendered":"https:\/\/www.mpal.mp.br\/?p=7847"},"modified":"2023-12-07T11:06:02","modified_gmt":"2023-12-07T14:06:02","slug":"inquerito-civil-e-instaurado-para-apurar-danos-urbanisticos-causados-pela-exploracao-mineral-nos-bairros-pinheiro-e-adjacentes","status":"publish","type":"post","link":"https:\/\/www.mpal.mp.br\/?p=7847","title":{"rendered":"Inqu\u00e9rito civil \u00e9 instaurado para apurar danos urban\u00edsticos causados pela explora\u00e7\u00e3o mineral nos bairros Pinheiro e adjacentes"},"content":{"rendered":"<p style=\"text-align: justify;\">O Minist\u00e9rio P\u00fablico Estadual de Alagoas instaurou, nesta sexta-feira (19), um inqu\u00e9rito civil com o objetivo de aferir a extens\u00e3o dos efeitos da destrui\u00e7\u00e3o e do esvaziamento dos bairros do Pinheiro, Bebedouro, Mutange e Bom Parto no tocante a ordem urban\u00edstica. Ao final do procedimento, a 66\u00aa Promotoria de Justi\u00e7a da capital quer encontrar as solu\u00e7\u00f5es arquitet\u00f4nicas necess\u00e1rias e adequadas para preencher os referidos espa\u00e7os que passaram a ficar vazios ap\u00f3s serem desocupados por causa explora\u00e7\u00e3o mineral naquela regi\u00e3o.<\/p>\n<p style=\"text-align: justify;\">Dentre os argumentos apresentados pelo promotor de justi\u00e7a Jorge D\u00f3rea para a instaura\u00e7\u00e3o do inqu\u00e9rito, est\u00e1 a alega\u00e7\u00e3o de que a \u201cordem urban\u00edstica \u00e9 um bem difuso e que, como meio ambiente artificial, recebe a mesma prote\u00e7\u00e3o dada ao meio ambiente como um todo\u201d. E isso \u00e9 o que garante o artigo 225 da Constitui\u00e7\u00e3o Federal e o artigo 1\u00ba da Lei n\u00ba 7.347\/85.<\/p>\n<p style=\"text-align: justify;\">\u201cComo todos n\u00f3s sabemos, em 2018, parte desse meio ambiente artificial de Macei\u00f3 foi violentamente afetado pelos efeitos dos danos ambientais supostamente provocados por falhas no processo de extra\u00e7\u00e3o de sal-gema, pela empresa Braskem S\/A, fato amplamente noticiado por todos os meios de comunica\u00e7\u00e3o e cujas causas e efeitos patrimoniais j\u00e1 est\u00e3o sendo objeto de questionamentos em processos judiciais pr\u00f3prios. Mas, para al\u00e9m do preju\u00edzo causado aos antigos moradores, h\u00e1 tamb\u00e9m as consequ\u00eancias negativas com rela\u00e7\u00e3o ao fator paisag\u00edstico. Por isso, iremos nos debru\u00e7ar sobre essa tem\u00e1tica tamb\u00e9m\u201d, explicou Jorge D\u00f3rea.<\/p>\n<p style=\"text-align: justify;\">O promotor de justi\u00e7a lembrou que a explora\u00e7\u00e3o mineral resultou na rachadura de vias, logradouros e im\u00f3veis situados nos bairros do Pinheiro, Bebedouro, Mutange e Bom Parto e que, por conta da extens\u00e3o desses mencionados impactos destrutivos, milhares de im\u00f3veis tiveram de ser, e ainda ser\u00e3o desocupados e demolidos. \u201cTodas essas trag\u00e9dias est\u00e3o causando incalcul\u00e1vel ofensa e preju\u00edzo \u00e0 ordem urban\u00edstica de toda cidade\u201d, alertou.<\/p>\n<p style=\"text-align: justify;\"><span style=\"font-size: 14pt;\"><strong>O que vai apurar o inqu\u00e9rito<\/strong><\/span><\/p>\n<p style=\"text-align: justify;\">A investiga\u00e7\u00e3o pretende medir a extens\u00e3o dos danos urban\u00edsticos causados pela extra\u00e7\u00e3o mineral, al\u00e9m de buscar, junto a quem de direito, as adequadas solu\u00e7\u00f5es arquitet\u00f4nicas quanto a destina\u00e7\u00e3o, restaura\u00e7\u00e3o e\/ou o aproveitamento dos citados espa\u00e7os vazios deixados.<\/p>\n<p style=\"text-align: justify;\">Tamb\u00e9m ser\u00e1 objetivo do Minist\u00e9rio P\u00fablico apurar e, se for o caso, apontar as responsabilidades reparat\u00f3rias pelos danos causados \u00e0 ordem urban\u00edstica da capital alagoana.<\/p>\n<p style=\"text-align: justify;\">Cr\u00e9dito:\u00a0Imagem retirada do v\u00eddeo \u201cRastro da destrui\u00e7\u00e3o \u2013 deixado pela Braskem \u2013 no Mutange, Pinheiro e Bebedouro \u2013 Macei\u00f3 \u2013 AL Brasil\u201d, publicado no canal do youtube PJM Drone \u2013 Imagens A\u00e9reas em 4K.<\/p>\n","protected":false},"excerpt":{"rendered":"<p> [&hellip;]<\/p>\n","protected":false},"author":17,"featured_media":7848,"comment_status":"closed","ping_status":"closed","sticky":false,"template":"","format":"standard","meta":{"om_disable_all_campaigns":false,"_monsterinsights_skip_tracking":false,"_monsterinsights_sitenote_active":false,"_monsterinsights_sitenote_note":"","_monsterinsights_sitenote_category":0,"_uf_show_specific_survey":0,"_uf_disable_surveys":false,"footnotes":""},"categories":[56,2],"tags":[],"class_list":["post-7847","post","type-post","status-publish","format-standard","has-post-thumbnail","hentry","category-not_braskem","category-not_mpal"],"aioseo_notices":[],"_links":{"self":[{"href":"https:\/\/www.mpal.mp.br\/index.php?rest_route=\/wp\/v2\/posts\/7847","targetHints":{"allow":["GET"]}}],"collection":[{"href":"https:\/\/www.mpal.mp.br\/index.php?rest_route=\/wp\/v2\/posts"}],"about":[{"href":"https:\/\/www.mpal.mp.br\/index.php?rest_route=\/wp\/v2\/types\/post"}],"author":[{"embeddable":true,"href":"https:\/\/www.mpal.mp.br\/index.php?rest_route=\/wp\/v2\/users\/17"}],"replies":[{"embeddable":true,"href":"https:\/\/www.mpal.mp.br\/index.php?rest_route=%2Fwp%2Fv2%2Fcomments&post=7847"}],"version-history":[{"count":3,"href":"https:\/\/www.mpal.mp.br\/index.php?rest_route=\/wp\/v2\/posts\/7847\/revisions"}],"predecessor-version":[{"id":34442,"href":"https:\/\/www.mpal.mp.br\/index.php?rest_route=\/wp\/v2\/posts\/7847\/revisions\/34442"}],"wp:featuredmedia":[{"embeddable":true,"href":"https:\/\/www.mpal.mp.br\/index.php?rest_route=\/wp\/v2\/media\/7848"}],"wp:attachment":[{"href":"https:\/\/www.mpal.mp.br\/index.php?rest_route=%2Fwp%2Fv2%2Fmedia&parent=7847"}],"wp:term":[{"taxonomy":"category","embeddable":true,"href":"https:\/\/www.mpal.mp.br\/index.php?rest_route=%2Fwp%2Fv2%2Fcategories&post=7847"},{"taxonomy":"post_tag","embeddable":true,"href":"https:\/\/www.mpal.mp.br\/index.php?rest_route=%2Fwp%2Fv2%2Ftags&post=7847"}],"curies":[{"name":"wp","href":"https:\/\/api.w.org\/{rel}","templated":true}]}}