{"id":7783,"date":"2012-05-30T08:24:50","date_gmt":"2012-05-30T11:24:50","guid":{"rendered":"https:\/\/www.mpal.mp.br\/?p=7783"},"modified":"2022-06-02T10:25:06","modified_gmt":"2022-06-02T13:25:06","slug":"inscricoes-para-selecao-de-estagiarios-do-mpe-vai-ate-10-de-junho","status":"publish","type":"post","link":"https:\/\/www.mpal.mp.br\/?p=7783","title":{"rendered":"Inscri\u00e7\u00f5es para sele\u00e7\u00e3o de estagi\u00e1rios do MPE vai at\u00e9 10 de junho"},"content":{"rendered":"<p style=\"text-align: justify;\"><span style=\"font-size: 14pt;\">Seguem abertas at\u00e9 o dia 10 de junho as inscri\u00e7\u00f5es para o Processo Seletivo para provimento de vagas e forma\u00e7\u00e3o de quadro de reserva de estagi\u00e1rios da \u00e1rea de Direito para o MPE\/AL. A Escola Superior do Minist\u00e9rio P\u00fablico do Estado de Alagoas supervisionar\u00e1 e acompanhar\u00e1 a sele\u00e7\u00e3o. O Minist\u00e9rio P\u00fablico Estadual, atrav\u00e9s da Funda\u00e7\u00e3o Apol\u00f4nio Salles de Desenvolvimento Educacional, abriu o edital no \u00faltimo dia 22.<\/span><\/p>\n<p style=\"text-align: justify;\"><span style=\"font-size: 14pt;\">S\u00e3o 66 vagas para estagi\u00e1rio, sendo sete para candidatos com necessidades especiais. O est\u00e1gio ter\u00e1 carga hor\u00e1ria de 20h semanais, no per\u00edodo da manh\u00e3 ou da tarde, tendo dura\u00e7\u00e3o de seis meses, podendo ser prorrogado por at\u00e9 tr\u00eas vezes por igual per\u00edodo. A remunera\u00e7\u00e3o \u00e9 no valor de um sal\u00e1rio m\u00ednimo vigente, aux\u00edlio transporte e seguro de vida. Os aprovados trabalhar\u00e3o na capital ou no interior.<\/span><\/p>\n<p style=\"text-align: justify;\"><span style=\"font-size: 14pt;\">Para concorrer a uma das vagas o candidato deve estar matriculado, a partir do 5\u00ba per\u00edodo, em uma das institui\u00e7\u00f5es de Ensino Superior credenciadas ao Programa de Est\u00e1gio do Minist\u00e9rio P\u00fablico de Alagoas: Associa\u00e7\u00e3o de Ensino Superior de Alagoas &#8211; FAA\/IESA, Centro de Ensino Superior Arcanjo Mikael de Arapiraca &#8211; CESAMA, Faculdade de Ci\u00eancias Jur\u00eddicas e Sociais de Macei\u00f3 &#8211; FAMA, Faculdade de Macei\u00f3 &#8211; FACIMA, Faculdade Integrada Tiradentes &#8211; FITS, Funda\u00e7\u00e3o Educacional do Baixo S\u00e3o Francisco Dr. Raimundo Marinho &#8211; FEBSF, Funda\u00e7\u00e3o Educacional Jaime de Altavila &#8211; FEJAL\/CESMAC, Sociedade de Ensino Universit\u00e1rio do Nordeste Ltda. &#8211; SEUNE e Universidade Federal de Alagoas \u2013 UFAL.<\/span><\/p>\n<p style=\"text-align: justify;\"><span style=\"font-size: 14pt;\">As inscri\u00e7\u00f5es dever\u00e3o ser realizadas no per\u00edodo de 22 de maio a 10 de junho, exclusivamente, via Internet, atrav\u00e9s do endere\u00e7o eletr\u00f4nico www.fadurpe.com.br\/mpal. O valor da taxa de inscri\u00e7\u00e3o ser\u00e1 de R$ 40,00, e poder\u00e1 ser paga em qualquer ag\u00eancia banc\u00e1ria, at\u00e9 o dia 13 de junho, mediante boleto banc\u00e1rio. Al\u00e9m da taxa, o candidato dever\u00e1 levar uma lata de leite em p\u00f3 no dia e local da prova para doa\u00e7\u00e3o a institui\u00e7\u00f5es de caridade.<\/span><\/p>\n<p style=\"text-align: justify;\"><span style=\"font-size: 14pt;\">O processo seletivo ser\u00e1 constitu\u00eddo de prova objetiva, a ser realizada no dia 08 de julho, no hor\u00e1rio das 14h \u00e0s 18h, podendo esta data ser modificada, com ampla e pr\u00e9via divulga\u00e7\u00e3o, a crit\u00e9rio do Procurador-Geral de Justi\u00e7a. O exame conter\u00e1 80 quest\u00f5es, sendo dividida em duas partes: Conhecimentos B\u00e1sicos (Portugu\u00eas) e Conhecimentos Espec\u00edficos em Direito.<\/span><\/p>\n<p style=\"text-align: justify;\"><span style=\"font-size: 14pt;\">O presente processo seletivo tem validade de um ano, a contar da data da divulga\u00e7\u00e3o do resultado, podendo ser prorrogado por igual per\u00edodo, a crit\u00e9rio do Procurador-Geral de Justi\u00e7a de Alagoas.<\/span><\/p>\n","protected":false},"excerpt":{"rendered":"<p> [&hellip;]<\/p>\n","protected":false},"author":2,"featured_media":3993,"comment_status":"open","ping_status":"open","sticky":false,"template":"","format":"standard","meta":{"om_disable_all_campaigns":false,"_monsterinsights_skip_tracking":false,"_monsterinsights_sitenote_active":false,"_monsterinsights_sitenote_note":"","_monsterinsights_sitenote_category":0,"_uf_show_specific_survey":0,"_uf_disable_surveys":false,"footnotes":""},"categories":[18],"tags":[],"class_list":["post-7783","post","type-post","status-publish","format-standard","has-post-thumbnail","hentry","category-not_concursos"],"aioseo_notices":[],"_links":{"self":[{"href":"https:\/\/www.mpal.mp.br\/index.php?rest_route=\/wp\/v2\/posts\/7783","targetHints":{"allow":["GET"]}}],"collection":[{"href":"https:\/\/www.mpal.mp.br\/index.php?rest_route=\/wp\/v2\/posts"}],"about":[{"href":"https:\/\/www.mpal.mp.br\/index.php?rest_route=\/wp\/v2\/types\/post"}],"author":[{"embeddable":true,"href":"https:\/\/www.mpal.mp.br\/index.php?rest_route=\/wp\/v2\/users\/2"}],"replies":[{"embeddable":true,"href":"https:\/\/www.mpal.mp.br\/index.php?rest_route=%2Fwp%2Fv2%2Fcomments&post=7783"}],"version-history":[{"count":1,"href":"https:\/\/www.mpal.mp.br\/index.php?rest_route=\/wp\/v2\/posts\/7783\/revisions"}],"predecessor-version":[{"id":7784,"href":"https:\/\/www.mpal.mp.br\/index.php?rest_route=\/wp\/v2\/posts\/7783\/revisions\/7784"}],"wp:featuredmedia":[{"embeddable":true,"href":"https:\/\/www.mpal.mp.br\/index.php?rest_route=\/wp\/v2\/media\/3993"}],"wp:attachment":[{"href":"https:\/\/www.mpal.mp.br\/index.php?rest_route=%2Fwp%2Fv2%2Fmedia&parent=7783"}],"wp:term":[{"taxonomy":"category","embeddable":true,"href":"https:\/\/www.mpal.mp.br\/index.php?rest_route=%2Fwp%2Fv2%2Fcategories&post=7783"},{"taxonomy":"post_tag","embeddable":true,"href":"https:\/\/www.mpal.mp.br\/index.php?rest_route=%2Fwp%2Fv2%2Ftags&post=7783"}],"curies":[{"name":"wp","href":"https:\/\/api.w.org\/{rel}","templated":true}]}}